{"id":10155,"date":"2026-02-16T15:26:02","date_gmt":"2026-02-16T14:26:02","guid":{"rendered":"https:\/\/www.kreativeraeumewien.at\/mitmachen-mittendrin\/"},"modified":"2026-02-17T12:11:10","modified_gmt":"2026-02-17T11:11:10","slug":"mitmachen-mittendrin","status":"publish","type":"post","link":"https:\/\/www.kreativeraeumewien.at\/en\/news-en\/mitmachen-mittendrin\/","title":{"rendered":"Mitmachen: Zwischennutzung Verteilerkreis mit mittendrin.wien"},"content":{"rendered":"\n<p class=\"has-text-align-right\">16.02.2026<\/p>\n\n\n\n<p>Auch wenn das Wetter noch z\u00f6gert: Der Fr\u00fchling naht \u2013 und mit ihm das Erwachen der Freifl\u00e4chen aus der Winterruhe.&nbsp;Mit dabei ist die im vergangenen Jahr ins Leben gerufene Zwischennutzung mittendrin.wien am Verteilerkreis Favoriten, die ihre n\u00e4chste Saison startet.&nbsp;<\/p>\n\n\n\n<h2 class=\"wp-block-heading\">Mitmachen und Mitgestalten bei mittendrin.wien<\/h2>\n\n\n\n<p>Die seit Mai 2025 vom Planungsb\u00fcro PlanSinn kuratierte Initiative sucht nach kreativen Ideen und Menschen, die sich auf der urbanen Freifl\u00e4che an einer von Wiens gr\u00f6\u00dften Verkehrsinseln einbringen wollen. Neben regelm\u00e4\u00dfigen \u00f6ffentlichen Veranstaltungen von mittendrin.wien und lokalen Initiativen werden Ideen gesucht, die den Ort gestalten, bespielen oder erprobt werden wollen. Ob Kunst, Sport, Spiel oder Treffpunkt, mittendrin.wien m\u00f6chte eine Auseinandersetzung mit dem Raum anregen und tempor\u00e4re Aneignung erm\u00f6glichen.<\/p>\n\n\n\n<p>Interessierte k\u00f6nnen ihre Ideen direkt \u00fcber eine <a href=\"https:\/\/plan-sinn.typeform.com\/mittendrin?fbclid=PAZXh0bgNhZW0CMTEAc3J0YwZhcHBfaWQMMjU2MjgxMDQwNTU4AAGnHtWPe22hYirSnjGa6p8QllCUVl1GTU1gEtSLgpRoXLKJ43Ws7jvd7D4iD1g_aem_yOVpx1F-cMG_vlJ_rAHJ7w\" target=\"_blank\" rel=\"noopener\">Typeform Umfrage<\/a> auf <a href=\"https:\/\/mittendrin.wien\/\" target=\"_blank\" rel=\"noopener\">mittendrin.wien<\/a> einreichen und werden von PlanSinn bei Infrastruktur, Kommunikation, Sichtbarkeit und Umsetzung unterst\u00fctzt.<\/p>\n\n\n\n<figure class=\"wp-block-image size-large\"><img loading=\"lazy\" decoding=\"async\" width=\"1024\" height=\"659\" src=\"https:\/\/www.kreativeraeumewien.at\/wp-content\/uploads\/2026\/02\/mittendrin.wien-website-1-1024x659.jpg\" alt=\"\" class=\"wp-image-10148\" srcset=\"https:\/\/www.kreativeraeumewien.at\/wp-content\/uploads\/2026\/02\/mittendrin.wien-website-1-1024x659.jpg 1024w, https:\/\/www.kreativeraeumewien.at\/wp-content\/uploads\/2026\/02\/mittendrin.wien-website-1-300x193.jpg 300w, https:\/\/www.kreativeraeumewien.at\/wp-content\/uploads\/2026\/02\/mittendrin.wien-website-1-768x494.jpg 768w, https:\/\/www.kreativeraeumewien.at\/wp-content\/uploads\/2026\/02\/mittendrin.wien-website-1.jpg 1200w\" sizes=\"auto, (max-width: 1024px) 100vw, 1024px\" \/><\/figure>\n\n\n\n<h2 class=\"wp-block-heading\">Bauzaunbanner am Verteilerkreis gestalten<\/h2>\n\n\n\n<p>Neben Veranstaltungen und weiteren Vorhaben sucht mittendrin.wien auch k\u00fcnstlerische, gestalterische bzw. grafische Beitr\u00e4ge f\u00fcr Bauzaunbanner. Die Banner werden alternierend auf zwei Bauzaundreiecken montiert und machen die Zaun-Elemente zur Galerie. Gesucht werden Arbeiten, die Fragen stellen, Sichtweisen verschieben bzw. neue Perspektiven auf (Stadt)R\u00e4ume und Mobilit\u00e4t er\u00f6ffnen.<\/p>\n\n\n\n<p>WO: <a href=\"https:\/\/www.google.com\/maps\/place\/mittendrin.wien\/@48.1607253,16.3808695,361m\/data=!3m1!1e3!4m16!1m9!3m8!1s0x476da9b53c771541:0xcb7f20612a611d6e!2smittendrin.wien!8m2!3d48.1607239!4d16.3828187!9m1!1b1!16s%2Fg%2F11xrkt2gtq!3m5!1s0x476da9b53c771541:0xcb7f20612a611d6e!8m2!3d48.1607239!4d16.3828187!16s%2Fg%2F11xrkt2gtq?hl=de&amp;entry=ttu&amp;g_ep=EgoyMDI2MDIxMS4wIKXMDSoASAFQAw%3D%3D\" target=\"_blank\" rel=\"noopener\">Verteilerkreis Favoriten, 1100 Wien<\/a><br>WANN: Outdoor Saison 2026&nbsp;<\/p>\n\n\n\n<h2 class=\"wp-block-heading\">Weitere Informationen<\/h2>\n\n\n\n<p>Weitere Infos zum Mitmachen direkt bei <a href=\"https:\/\/mittendrin.wien\/\" target=\"_blank\" rel=\"noopener\">mittendrin.wien<\/a><\/p>\n","protected":false},"excerpt":{"rendered":"<p>16.02.2026 Auch wenn das Wetter noch z\u00f6gert: Der Fr\u00fchling naht \u2013 und mit ihm das Erwachen der Freifl\u00e4chen aus der Winterruhe.&nbsp;Mit dabei ist die im vergangenen Jahr ins Leben gerufene Zwischennutzung mittendrin.wien am Verteilerkreis Favoriten, die ihre n\u00e4chste Saison startet.&nbsp; Mitmachen und Mitgestalten bei mittendrin.wien Die seit Mai 2025 vom Planungsb\u00fcro PlanSinn kuratierte Initiative sucht [&hellip;]<\/p>\n","protected":false},"author":2,"featured_media":10137,"comment_status":"closed","ping_status":"closed","sticky":false,"template":"","format":"standard","meta":{"_acf_changed":false,"_eb_attr":"","footnotes":""},"categories":[82],"tags":[379,105],"class_list":["post-10155","post","type-post","status-publish","format-standard","has-post-thumbnail","hentry","category-news-en","tag-freiflaeche-en","tag-zwischennutzung-en"],"acf":[],"yoast_head":"<!-- This site is optimized with the Yoast SEO plugin v27.3 - https:\/\/yoast.com\/product\/yoast-seo-wordpress\/ -->\n<title>Mitmachen: Zwischennutzung Verteilerkreis mit mittendrin.wien - Kreative R\u00e4ume Wien<\/title>\n<meta name=\"description\" content=\"mittendrin.wien sucht nach kreativen Ideen, die die urbanen Freifl\u00e4che am Verteilerkreis mitgestalten wollen.\" \/>\n<meta name=\"robots\" content=\"index, follow, max-snippet:-1, max-image-preview:large, max-video-preview:-1\" \/>\n<link rel=\"canonical\" href=\"https:\/\/www.kreativeraeumewien.at\/en\/news-en\/mitmachen-mittendrin\/\" \/>\n<meta property=\"og:locale\" content=\"en_US\" \/>\n<meta property=\"og:type\" content=\"article\" \/>\n<meta property=\"og:title\" content=\"Mitmachen: Zwischennutzung Verteilerkreis mit mittendrin.wien - Kreative R\u00e4ume Wien\" \/>\n<meta property=\"og:description\" content=\"mittendrin.wien sucht nach kreativen Ideen, die die urbanen Freifl\u00e4che am Verteilerkreis mitgestalten wollen.\" \/>\n<meta property=\"og:url\" content=\"https:\/\/www.kreativeraeumewien.at\/en\/news-en\/mitmachen-mittendrin\/\" \/>\n<meta property=\"og:site_name\" content=\"Kreative R\u00e4ume Wien\" \/>\n<meta property=\"article:publisher\" content=\"https:\/\/www.facebook.com\/kreativeraeumewien\" \/>\n<meta property=\"article:published_time\" content=\"2026-02-16T14:26:02+00:00\" \/>\n<meta property=\"article:modified_time\" content=\"2026-02-17T11:11:10+00:00\" \/>\n<meta property=\"og:image\" content=\"https:\/\/www.kreativeraeumewien.at\/wp-content\/uploads\/2026\/02\/mittendrin.wien_c_PlanSinn.png\" \/>\n\t<meta property=\"og:image:width\" content=\"1200\" \/>\n\t<meta property=\"og:image:height\" content=\"772\" \/>\n\t<meta property=\"og:image:type\" content=\"image\/png\" \/>\n<meta name=\"author\" content=\"kreative\" \/>\n<meta name=\"twitter:card\" content=\"summary_large_image\" \/>\n<meta name=\"twitter:label1\" content=\"Written by\" \/>\n\t<meta name=\"twitter:data1\" content=\"kreative\" \/>\n\t<meta name=\"twitter:label2\" content=\"Est. reading time\" \/>\n\t<meta name=\"twitter:data2\" content=\"1 minute\" \/>\n<script type=\"application\/ld+json\" class=\"yoast-schema-graph\">{\"@context\":\"https:\\\/\\\/schema.org\",\"@graph\":[{\"@type\":\"Article\",\"@id\":\"https:\\\/\\\/www.kreativeraeumewien.at\\\/en\\\/news-en\\\/mitmachen-mittendrin\\\/#article\",\"isPartOf\":{\"@id\":\"https:\\\/\\\/www.kreativeraeumewien.at\\\/en\\\/news-en\\\/mitmachen-mittendrin\\\/\"},\"author\":{\"name\":\"kreative\",\"@id\":\"https:\\\/\\\/www.kreativeraeumewien.at\\\/en\\\/#\\\/schema\\\/person\\\/35b1cedbc652eb88fa4b3285cbde2537\"},\"headline\":\"Mitmachen: Zwischennutzung Verteilerkreis mit mittendrin.wien\",\"datePublished\":\"2026-02-16T14:26:02+00:00\",\"dateModified\":\"2026-02-17T11:11:10+00:00\",\"mainEntityOfPage\":{\"@id\":\"https:\\\/\\\/www.kreativeraeumewien.at\\\/en\\\/news-en\\\/mitmachen-mittendrin\\\/\"},\"wordCount\":235,\"publisher\":{\"@id\":\"https:\\\/\\\/www.kreativeraeumewien.at\\\/en\\\/#organization\"},\"image\":{\"@id\":\"https:\\\/\\\/www.kreativeraeumewien.at\\\/en\\\/news-en\\\/mitmachen-mittendrin\\\/#primaryimage\"},\"thumbnailUrl\":\"https:\\\/\\\/www.kreativeraeumewien.at\\\/wp-content\\\/uploads\\\/2026\\\/02\\\/mittendrin.wien_c_PlanSinn.png\",\"keywords\":[\"Freifl\u00e4che\",\"Zwischennutzung\"],\"articleSection\":[\"News\"],\"inLanguage\":\"en-US\"},{\"@type\":\"WebPage\",\"@id\":\"https:\\\/\\\/www.kreativeraeumewien.at\\\/en\\\/news-en\\\/mitmachen-mittendrin\\\/\",\"url\":\"https:\\\/\\\/www.kreativeraeumewien.at\\\/en\\\/news-en\\\/mitmachen-mittendrin\\\/\",\"name\":\"Mitmachen: Zwischennutzung Verteilerkreis mit mittendrin.wien - Kreative R\u00e4ume Wien\",\"isPartOf\":{\"@id\":\"https:\\\/\\\/www.kreativeraeumewien.at\\\/en\\\/#website\"},\"primaryImageOfPage\":{\"@id\":\"https:\\\/\\\/www.kreativeraeumewien.at\\\/en\\\/news-en\\\/mitmachen-mittendrin\\\/#primaryimage\"},\"image\":{\"@id\":\"https:\\\/\\\/www.kreativeraeumewien.at\\\/en\\\/news-en\\\/mitmachen-mittendrin\\\/#primaryimage\"},\"thumbnailUrl\":\"https:\\\/\\\/www.kreativeraeumewien.at\\\/wp-content\\\/uploads\\\/2026\\\/02\\\/mittendrin.wien_c_PlanSinn.png\",\"datePublished\":\"2026-02-16T14:26:02+00:00\",\"dateModified\":\"2026-02-17T11:11:10+00:00\",\"description\":\"mittendrin.wien sucht nach kreativen Ideen, die die urbanen Freifl\u00e4che am Verteilerkreis mitgestalten wollen.\",\"breadcrumb\":{\"@id\":\"https:\\\/\\\/www.kreativeraeumewien.at\\\/en\\\/news-en\\\/mitmachen-mittendrin\\\/#breadcrumb\"},\"inLanguage\":\"en-US\",\"potentialAction\":[{\"@type\":\"ReadAction\",\"target\":[\"https:\\\/\\\/www.kreativeraeumewien.at\\\/en\\\/news-en\\\/mitmachen-mittendrin\\\/\"]}]},{\"@type\":\"ImageObject\",\"inLanguage\":\"en-US\",\"@id\":\"https:\\\/\\\/www.kreativeraeumewien.at\\\/en\\\/news-en\\\/mitmachen-mittendrin\\\/#primaryimage\",\"url\":\"https:\\\/\\\/www.kreativeraeumewien.at\\\/wp-content\\\/uploads\\\/2026\\\/02\\\/mittendrin.wien_c_PlanSinn.png\",\"contentUrl\":\"https:\\\/\\\/www.kreativeraeumewien.at\\\/wp-content\\\/uploads\\\/2026\\\/02\\\/mittendrin.wien_c_PlanSinn.png\",\"width\":1200,\"height\":772,\"caption\":\"Die Zwischennutzung am Verteilerkreis Favoriten geht in die n\u00e4chste Runde. Foto: PlanSinn\"},{\"@type\":\"BreadcrumbList\",\"@id\":\"https:\\\/\\\/www.kreativeraeumewien.at\\\/en\\\/news-en\\\/mitmachen-mittendrin\\\/#breadcrumb\",\"itemListElement\":[{\"@type\":\"ListItem\",\"position\":1,\"name\":\"Startseite\",\"item\":\"https:\\\/\\\/www.kreativeraeumewien.at\\\/en\\\/\"},{\"@type\":\"ListItem\",\"position\":2,\"name\":\"Mitmachen: Zwischennutzung Verteilerkreis mit mittendrin.wien\"}]},{\"@type\":\"WebSite\",\"@id\":\"https:\\\/\\\/www.kreativeraeumewien.at\\\/en\\\/#website\",\"url\":\"https:\\\/\\\/www.kreativeraeumewien.at\\\/en\\\/\",\"name\":\"Kreative R\u00e4ume Wien\",\"description\":\"Service fu\u0308r Leerstandsaktivierung und Zwischennutzung f\u00fcr die Stadt Wien\",\"publisher\":{\"@id\":\"https:\\\/\\\/www.kreativeraeumewien.at\\\/en\\\/#organization\"},\"potentialAction\":[{\"@type\":\"SearchAction\",\"target\":{\"@type\":\"EntryPoint\",\"urlTemplate\":\"https:\\\/\\\/www.kreativeraeumewien.at\\\/en\\\/?s={search_term_string}\"},\"query-input\":{\"@type\":\"PropertyValueSpecification\",\"valueRequired\":true,\"valueName\":\"search_term_string\"}}],\"inLanguage\":\"en-US\"},{\"@type\":\"Organization\",\"@id\":\"https:\\\/\\\/www.kreativeraeumewien.at\\\/en\\\/#organization\",\"name\":\"Kreative R\u00e4ume Wien\",\"url\":\"https:\\\/\\\/www.kreativeraeumewien.at\\\/en\\\/\",\"logo\":{\"@type\":\"ImageObject\",\"inLanguage\":\"en-US\",\"@id\":\"https:\\\/\\\/www.kreativeraeumewien.at\\\/en\\\/#\\\/schema\\\/logo\\\/image\\\/\",\"url\":\"https:\\\/\\\/www.kreativeraeumewien.at\\\/wp-content\\\/uploads\\\/2021\\\/12\\\/KRW-LOGO.png\",\"contentUrl\":\"https:\\\/\\\/www.kreativeraeumewien.at\\\/wp-content\\\/uploads\\\/2021\\\/12\\\/KRW-LOGO.png\",\"width\":567,\"height\":567,\"caption\":\"Kreative R\u00e4ume Wien\"},\"image\":{\"@id\":\"https:\\\/\\\/www.kreativeraeumewien.at\\\/en\\\/#\\\/schema\\\/logo\\\/image\\\/\"},\"sameAs\":[\"https:\\\/\\\/www.facebook.com\\\/kreativeraeumewien\",\"https:\\\/\\\/www.instagram.com\\\/kreativeraeume\",\"https:\\\/\\\/www.linkedin.com\\\/company\\\/71490261\\\/\"]},{\"@type\":\"Person\",\"@id\":\"https:\\\/\\\/www.kreativeraeumewien.at\\\/en\\\/#\\\/schema\\\/person\\\/35b1cedbc652eb88fa4b3285cbde2537\",\"name\":\"kreative\",\"image\":{\"@type\":\"ImageObject\",\"inLanguage\":\"en-US\",\"@id\":\"https:\\\/\\\/secure.gravatar.com\\\/avatar\\\/88784b22c5c172056132cc44a3194213a0f02167beb0a9b64ff49b84e648f072?s=96&d=mm&r=g\",\"url\":\"https:\\\/\\\/secure.gravatar.com\\\/avatar\\\/88784b22c5c172056132cc44a3194213a0f02167beb0a9b64ff49b84e648f072?s=96&d=mm&r=g\",\"contentUrl\":\"https:\\\/\\\/secure.gravatar.com\\\/avatar\\\/88784b22c5c172056132cc44a3194213a0f02167beb0a9b64ff49b84e648f072?s=96&d=mm&r=g\",\"caption\":\"kreative\"},\"url\":\"https:\\\/\\\/www.kreativeraeumewien.at\\\/en\\\/author\\\/admin\\\/\"}]}<\/script>\n<!-- \/ Yoast SEO plugin. -->","yoast_head_json":{"title":"Mitmachen: Zwischennutzung Verteilerkreis mit mittendrin.wien - Kreative R\u00e4ume Wien","description":"mittendrin.wien sucht nach kreativen Ideen, die die urbanen Freifl\u00e4che am Verteilerkreis mitgestalten wollen.","robots":{"index":"index","follow":"follow","max-snippet":"max-snippet:-1","max-image-preview":"max-image-preview:large","max-video-preview":"max-video-preview:-1"},"canonical":"https:\/\/www.kreativeraeumewien.at\/en\/news-en\/mitmachen-mittendrin\/","og_locale":"en_US","og_type":"article","og_title":"Mitmachen: Zwischennutzung Verteilerkreis mit mittendrin.wien - Kreative R\u00e4ume Wien","og_description":"mittendrin.wien sucht nach kreativen Ideen, die die urbanen Freifl\u00e4che am Verteilerkreis mitgestalten wollen.","og_url":"https:\/\/www.kreativeraeumewien.at\/en\/news-en\/mitmachen-mittendrin\/","og_site_name":"Kreative R\u00e4ume Wien","article_publisher":"https:\/\/www.facebook.com\/kreativeraeumewien","article_published_time":"2026-02-16T14:26:02+00:00","article_modified_time":"2026-02-17T11:11:10+00:00","og_image":[{"width":1200,"height":772,"url":"https:\/\/www.kreativeraeumewien.at\/wp-content\/uploads\/2026\/02\/mittendrin.wien_c_PlanSinn.png","type":"image\/png"}],"author":"kreative","twitter_card":"summary_large_image","twitter_misc":{"Written by":"kreative","Est. reading time":"1 minute"},"schema":{"@context":"https:\/\/schema.org","@graph":[{"@type":"Article","@id":"https:\/\/www.kreativeraeumewien.at\/en\/news-en\/mitmachen-mittendrin\/#article","isPartOf":{"@id":"https:\/\/www.kreativeraeumewien.at\/en\/news-en\/mitmachen-mittendrin\/"},"author":{"name":"kreative","@id":"https:\/\/www.kreativeraeumewien.at\/en\/#\/schema\/person\/35b1cedbc652eb88fa4b3285cbde2537"},"headline":"Mitmachen: Zwischennutzung Verteilerkreis mit mittendrin.wien","datePublished":"2026-02-16T14:26:02+00:00","dateModified":"2026-02-17T11:11:10+00:00","mainEntityOfPage":{"@id":"https:\/\/www.kreativeraeumewien.at\/en\/news-en\/mitmachen-mittendrin\/"},"wordCount":235,"publisher":{"@id":"https:\/\/www.kreativeraeumewien.at\/en\/#organization"},"image":{"@id":"https:\/\/www.kreativeraeumewien.at\/en\/news-en\/mitmachen-mittendrin\/#primaryimage"},"thumbnailUrl":"https:\/\/www.kreativeraeumewien.at\/wp-content\/uploads\/2026\/02\/mittendrin.wien_c_PlanSinn.png","keywords":["Freifl\u00e4che","Zwischennutzung"],"articleSection":["News"],"inLanguage":"en-US"},{"@type":"WebPage","@id":"https:\/\/www.kreativeraeumewien.at\/en\/news-en\/mitmachen-mittendrin\/","url":"https:\/\/www.kreativeraeumewien.at\/en\/news-en\/mitmachen-mittendrin\/","name":"Mitmachen: Zwischennutzung Verteilerkreis mit mittendrin.wien - Kreative R\u00e4ume Wien","isPartOf":{"@id":"https:\/\/www.kreativeraeumewien.at\/en\/#website"},"primaryImageOfPage":{"@id":"https:\/\/www.kreativeraeumewien.at\/en\/news-en\/mitmachen-mittendrin\/#primaryimage"},"image":{"@id":"https:\/\/www.kreativeraeumewien.at\/en\/news-en\/mitmachen-mittendrin\/#primaryimage"},"thumbnailUrl":"https:\/\/www.kreativeraeumewien.at\/wp-content\/uploads\/2026\/02\/mittendrin.wien_c_PlanSinn.png","datePublished":"2026-02-16T14:26:02+00:00","dateModified":"2026-02-17T11:11:10+00:00","description":"mittendrin.wien sucht nach kreativen Ideen, die die urbanen Freifl\u00e4che am Verteilerkreis mitgestalten wollen.","breadcrumb":{"@id":"https:\/\/www.kreativeraeumewien.at\/en\/news-en\/mitmachen-mittendrin\/#breadcrumb"},"inLanguage":"en-US","potentialAction":[{"@type":"ReadAction","target":["https:\/\/www.kreativeraeumewien.at\/en\/news-en\/mitmachen-mittendrin\/"]}]},{"@type":"ImageObject","inLanguage":"en-US","@id":"https:\/\/www.kreativeraeumewien.at\/en\/news-en\/mitmachen-mittendrin\/#primaryimage","url":"https:\/\/www.kreativeraeumewien.at\/wp-content\/uploads\/2026\/02\/mittendrin.wien_c_PlanSinn.png","contentUrl":"https:\/\/www.kreativeraeumewien.at\/wp-content\/uploads\/2026\/02\/mittendrin.wien_c_PlanSinn.png","width":1200,"height":772,"caption":"Die Zwischennutzung am Verteilerkreis Favoriten geht in die n\u00e4chste Runde. Foto: PlanSinn"},{"@type":"BreadcrumbList","@id":"https:\/\/www.kreativeraeumewien.at\/en\/news-en\/mitmachen-mittendrin\/#breadcrumb","itemListElement":[{"@type":"ListItem","position":1,"name":"Startseite","item":"https:\/\/www.kreativeraeumewien.at\/en\/"},{"@type":"ListItem","position":2,"name":"Mitmachen: Zwischennutzung Verteilerkreis mit mittendrin.wien"}]},{"@type":"WebSite","@id":"https:\/\/www.kreativeraeumewien.at\/en\/#website","url":"https:\/\/www.kreativeraeumewien.at\/en\/","name":"Kreative R\u00e4ume Wien","description":"Service fu\u0308r Leerstandsaktivierung und Zwischennutzung f\u00fcr die Stadt Wien","publisher":{"@id":"https:\/\/www.kreativeraeumewien.at\/en\/#organization"},"potentialAction":[{"@type":"SearchAction","target":{"@type":"EntryPoint","urlTemplate":"https:\/\/www.kreativeraeumewien.at\/en\/?s={search_term_string}"},"query-input":{"@type":"PropertyValueSpecification","valueRequired":true,"valueName":"search_term_string"}}],"inLanguage":"en-US"},{"@type":"Organization","@id":"https:\/\/www.kreativeraeumewien.at\/en\/#organization","name":"Kreative R\u00e4ume Wien","url":"https:\/\/www.kreativeraeumewien.at\/en\/","logo":{"@type":"ImageObject","inLanguage":"en-US","@id":"https:\/\/www.kreativeraeumewien.at\/en\/#\/schema\/logo\/image\/","url":"https:\/\/www.kreativeraeumewien.at\/wp-content\/uploads\/2021\/12\/KRW-LOGO.png","contentUrl":"https:\/\/www.kreativeraeumewien.at\/wp-content\/uploads\/2021\/12\/KRW-LOGO.png","width":567,"height":567,"caption":"Kreative R\u00e4ume Wien"},"image":{"@id":"https:\/\/www.kreativeraeumewien.at\/en\/#\/schema\/logo\/image\/"},"sameAs":["https:\/\/www.facebook.com\/kreativeraeumewien","https:\/\/www.instagram.com\/kreativeraeume","https:\/\/www.linkedin.com\/company\/71490261\/"]},{"@type":"Person","@id":"https:\/\/www.kreativeraeumewien.at\/en\/#\/schema\/person\/35b1cedbc652eb88fa4b3285cbde2537","name":"kreative","image":{"@type":"ImageObject","inLanguage":"en-US","@id":"https:\/\/secure.gravatar.com\/avatar\/88784b22c5c172056132cc44a3194213a0f02167beb0a9b64ff49b84e648f072?s=96&d=mm&r=g","url":"https:\/\/secure.gravatar.com\/avatar\/88784b22c5c172056132cc44a3194213a0f02167beb0a9b64ff49b84e648f072?s=96&d=mm&r=g","contentUrl":"https:\/\/secure.gravatar.com\/avatar\/88784b22c5c172056132cc44a3194213a0f02167beb0a9b64ff49b84e648f072?s=96&d=mm&r=g","caption":"kreative"},"url":"https:\/\/www.kreativeraeumewien.at\/en\/author\/admin\/"}]}},"_links":{"self":[{"href":"https:\/\/www.kreativeraeumewien.at\/en\/wp-json\/wp\/v2\/posts\/10155","targetHints":{"allow":["GET"]}}],"collection":[{"href":"https:\/\/www.kreativeraeumewien.at\/en\/wp-json\/wp\/v2\/posts"}],"about":[{"href":"https:\/\/www.kreativeraeumewien.at\/en\/wp-json\/wp\/v2\/types\/post"}],"author":[{"embeddable":true,"href":"https:\/\/www.kreativeraeumewien.at\/en\/wp-json\/wp\/v2\/users\/2"}],"replies":[{"embeddable":true,"href":"https:\/\/www.kreativeraeumewien.at\/en\/wp-json\/wp\/v2\/comments?post=10155"}],"version-history":[{"count":1,"href":"https:\/\/www.kreativeraeumewien.at\/en\/wp-json\/wp\/v2\/posts\/10155\/revisions"}],"predecessor-version":[{"id":10156,"href":"https:\/\/www.kreativeraeumewien.at\/en\/wp-json\/wp\/v2\/posts\/10155\/revisions\/10156"}],"wp:featuredmedia":[{"embeddable":true,"href":"https:\/\/www.kreativeraeumewien.at\/en\/wp-json\/wp\/v2\/media\/10137"}],"wp:attachment":[{"href":"https:\/\/www.kreativeraeumewien.at\/en\/wp-json\/wp\/v2\/media?parent=10155"}],"wp:term":[{"taxonomy":"category","embeddable":true,"href":"https:\/\/www.kreativeraeumewien.at\/en\/wp-json\/wp\/v2\/categories?post=10155"},{"taxonomy":"post_tag","embeddable":true,"href":"https:\/\/www.kreativeraeumewien.at\/en\/wp-json\/wp\/v2\/tags?post=10155"}],"curies":[{"name":"wp","href":"https:\/\/api.w.org\/{rel}","templated":true}]}}