{"id":10210,"date":"2026-02-23T17:55:46","date_gmt":"2026-02-23T16:55:46","guid":{"rendered":"https:\/\/www.kreativeraeumewien.at\/?p=10210"},"modified":"2026-02-24T10:21:16","modified_gmt":"2026-02-24T09:21:16","slug":"newsletter-februar","status":"publish","type":"post","link":"https:\/\/www.kreativeraeumewien.at\/en\/news-en\/newsletter-februar\/","title":{"rendered":"Neues im Februar"},"content":{"rendered":"\n<p style=\"text-align: right;\">23.2.2026<\/p>\n<p>Der Fr\u00fchling naht \u2013 und mit ihm das Erwachen der Freifl\u00e4chen aus der Winterruhe. Mit dabei ist die im vergangenen Jahr ins Leben gerufene Zwischennutzung mittendrin.wien am Verteilerkreis, die ihre zweite Saison startet. Au\u00dferdem steht auch das Architekturfestival TURN ON vor der T\u00fcr, im neuen Stadtquartier an der Schanze im 21. Bezirk sind Nutzer:innen gesucht und in eigener Sache schreiben wir diesmal von unserer Medienarbeit.<\/p>\n\n\n\n<h2 class=\"wp-block-heading\">Mitmachen: Zwischennutzung Verteilerkreis <\/h2>\n\n\n\n<figure class=\"wp-block-image size-large\"><img loading=\"lazy\" decoding=\"async\" width=\"1024\" height=\"659\" src=\"https:\/\/www.kreativeraeumewien.at\/wp-content\/uploads\/2026\/02\/mittendrin.wien_c_PlanSinn-1024x659.png\" alt=\"\" class=\"wp-image-10136\" srcset=\"https:\/\/www.kreativeraeumewien.at\/wp-content\/uploads\/2026\/02\/mittendrin.wien_c_PlanSinn-1024x659.png 1024w, https:\/\/www.kreativeraeumewien.at\/wp-content\/uploads\/2026\/02\/mittendrin.wien_c_PlanSinn-300x193.png 300w, https:\/\/www.kreativeraeumewien.at\/wp-content\/uploads\/2026\/02\/mittendrin.wien_c_PlanSinn-768x494.png 768w, https:\/\/www.kreativeraeumewien.at\/wp-content\/uploads\/2026\/02\/mittendrin.wien_c_PlanSinn.png 1200w\" sizes=\"auto, (max-width: 1024px) 100vw, 1024px\" \/><figcaption class=\"wp-element-caption\"><em>Die Zwischennutzung am Verteilerkreis Favoriten geht in die n\u00e4chste Runde. Foto: PlanSinn<\/em><\/figcaption><\/figure>\n\n\n\n<p>Ob Kunst, Sport, Spiel oder Treffpunkt: Die vor einem Jahr angelaufene Initiative mittendrin.wien wird vom Planungsb\u00fcro PlanSinn kuratiert. Gesucht sind kreative Ideen und Menschen, die sich auf der urbanen Freifl\u00e4che an einer von Wiens gr\u00f6\u00dften Verkehrsinseln einbringen wollen. Neben regelm\u00e4\u00dfigen \u00f6ffentlichen Veranstaltungen von <a href=\"https:\/\/mittendrin.wien\/\" target=\"_blank\" rel=\"noopener\">mittendrin.wien<\/a> und lokalen Initiativen sind Ideen, die den Ort gestalten, bespielen oder erprobt werden wollen, gerne gesehen. Mit dem Projekt soll eine Auseinandersetzung mit dem Raum angeregt werden.&nbsp;<\/p>\n<p>Interessierte k\u00f6nnen ihre Ideen direkt \u00fcber mittendrin.wien einreichen und werden von PlanSinn bei Infrastruktur, Kommunikation, Sichtbarkeit und Umsetzung unterst\u00fctzt.&nbsp;<\/p>\n<p><strong>WO:<\/strong> <a href=\"https:\/\/www.google.com\/maps\/place\/mittendrin.wien\/@48.1607274,16.3779478,722m\/data=!3m2!1e3!4b1!4m6!3m5!1s0x476da9b53c771541:0xcb7f20612a611d6e!8m2!3d48.1607239!4d16.3828187!16s%2Fg%2F11xrkt2gtq?entry=ttu&amp;g_ep=EgoyMDI2MDIxOC4wIKXMDSoASAFQAw%3D%3D\" target=\"_blank\" rel=\"noopener\">Verteilerkreis Favoriten, 1100 Wien<\/a><br><strong>WANN:<\/strong> Outdoor Saison 2026&nbsp;<\/p>\n<p>Weitere Infos direkt bei <a href=\"https:\/\/mittendrin.wien\/\">mittendrin.wien.<\/a><\/p>\n\n\n\n<h2 class=\"wp-block-heading\">Hingehen: TURN ON Architekturfestival 12.-14. M\u00e4rz 2026<\/h2>\n\n\n\n<figure class=\"wp-block-image size-large\"><a href=\"https:\/\/www.turn-on.at\"><img loading=\"lazy\" decoding=\"async\" width=\"1024\" height=\"525\" src=\"https:\/\/www.kreativeraeumewien.at\/wp-content\/uploads\/2026\/02\/turn-on-klien-website-2026-1024x525.png\" alt=\"\" class=\"wp-image-10205\" srcset=\"https:\/\/www.kreativeraeumewien.at\/wp-content\/uploads\/2026\/02\/turn-on-klien-website-2026-1024x525.png 1024w, https:\/\/www.kreativeraeumewien.at\/wp-content\/uploads\/2026\/02\/turn-on-klien-website-2026-300x154.png 300w, https:\/\/www.kreativeraeumewien.at\/wp-content\/uploads\/2026\/02\/turn-on-klien-website-2026-768x394.png 768w, https:\/\/www.kreativeraeumewien.at\/wp-content\/uploads\/2026\/02\/turn-on-klien-website-2026.png 1444w\" sizes=\"auto, (max-width: 1024px) 100vw, 1024px\" \/><\/a><\/figure>\n\n\n\n<p>Das Architekturfestival TURN ON ist seit vielen Jahren ein Fixpunkt f\u00fcr den architektonischen und st\u00e4dtebaulichen Diskurs in Wien. Unter dem Leitmotiv \u201ekreative Dissonanzen\u201c richtet das Festival den Blick auf zukunftsweisende, experimentelle Positionen und transformative Prozesse in der Architektur.&nbsp;<\/p>\n\n\n\n<p>An drei Festivaltagen werden vielf\u00e4ltige Perspektiven auf Baukultur pr\u00e4sentiert und \u00f6ffnen dabei den Blick \u00fcber \u00d6sterreich hinaus nach Portugal. In prominent besetzten Vortr\u00e4gen und Talks werden unterschiedlichste Entwurfsans\u00e4tze und Themen versammelt. Kreative R\u00e4ume Wien ist erneut Kooperationspartner des Festivals.&nbsp;<\/p>\n\n\n\n<p><strong>WANN: Do., 12. bis So., 14. M\u00e4rz 2026<\/strong><br><strong>WO<\/strong>: <a href=\"https:\/\/maps.app.goo.gl\/rHe9rF8HNfhYf6zh8\">ORF RadioKulturhaus Wien I Gro\u00dfer Sendesaal, Argentinierstra\u00dfe 30A, 1040 Wien<\/a><\/p>\n\n\n\n<p>Das Architekturfestival findet bei freiem Eintritt vor Ort und im Livestream statt. Weitere Informationen unter <a href=\"https:\/\/www.turn-on.at\">www.turn-on.at<\/a>.&nbsp;<\/p>\n\n\n\n<h2>Einreichen: Gesch\u00e4ftsbelebung \/ Wirtschaftsagentur Wien<\/h2>\n<p>Ein kurzfristiger Hinweis: Mit der F\u00f6rderung Gesch\u00e4ftsbelebung unterst\u00fctzt die Wirtschaftsagentur Wien kleine und mittlere Unternehmen sowie Vereine, die in Erdgescho\u00dflokale investieren. Werden R\u00e4umlichkeiten mit Stra\u00dfenzugang aktiviert, die zuvor mindestens sechs Monate leergestanden sind, f\u00f6rdert der Fonds der Stadt Wien bauliche Adaptierungen der R\u00e4umlichkeiten.\u00a0<\/p>\n<p>Ma\u00dfnahmen wie der Einbau von T\u00fcren, Fenstern, B\u00f6den, Sanit\u00e4r- und Elektroinstallationen sowie Anschaffungskosten von Heizungs- und L\u00fcftungsanlagen werden zu 50 Prozent gef\u00f6rdert. Die Mindestprojektgr\u00f6\u00dfe betr\u00e4gt 5.000 Euro.\u00a0<\/p>\n<p><strong>WANN:<\/strong> Einreichstichtag ist der 28. Februar 2026<br \/><strong>WO:<\/strong> Erdgescho\u00dfzone in ganz Wien<\/p>\n<p>Weitere Infos zur F\u00f6rderung unter<a href=\"https:\/\/kreativeraeumewien.us14.list-manage.com\/track\/click?u=3fe6daf9b3f701c4da8f63839&amp;id=ea70338297&amp;e=703923c350\"> wirtschaftsagentur.at.\u00a0<\/a><\/p>\n\n\n\n<h2 class=\"wp-block-heading\">Einziehen: Studios im Creative Cluster verf\u00fcgbar<\/h2>\n\n\n\n<figure class=\"wp-block-image size-large\"><a href=\"http:\/\/www.creativecluster.cc\/jetzt-bewerben\"><img loading=\"lazy\" decoding=\"async\" width=\"1024\" height=\"659\" src=\"https:\/\/www.kreativeraeumewien.at\/wp-content\/uploads\/2026\/02\/Creative-Cluster-Studios_Foto-Valentina-Ilazi-1024x659.jpg\" alt=\"\" class=\"wp-image-10217\" srcset=\"https:\/\/www.kreativeraeumewien.at\/wp-content\/uploads\/2026\/02\/Creative-Cluster-Studios_Foto-Valentina-Ilazi-1024x659.jpg 1024w, https:\/\/www.kreativeraeumewien.at\/wp-content\/uploads\/2026\/02\/Creative-Cluster-Studios_Foto-Valentina-Ilazi-300x193.jpg 300w, https:\/\/www.kreativeraeumewien.at\/wp-content\/uploads\/2026\/02\/Creative-Cluster-Studios_Foto-Valentina-Ilazi-768x494.jpg 768w, https:\/\/www.kreativeraeumewien.at\/wp-content\/uploads\/2026\/02\/Creative-Cluster-Studios_Foto-Valentina-Ilazi.jpg 1200w\" sizes=\"auto, (max-width: 1024px) 100vw, 1024px\" \/><\/a><\/figure>\n\n\n\n<p>Im Creative Cluster Margareten sind geteilte Studios in unterschiedlichen Gr\u00f6\u00dfen frei. Die Arbeitsr\u00e4ume in dem ehemaligen Schulgeb\u00e4ude k\u00f6nnen ab M\u00e4rz bezogen werden und sind f\u00fcr knapp 2 Jahre bis Ende 2027 verf\u00fcgbar \u2013 mit Option auf Verl\u00e4ngerung. Seit mittlerweile \u00fcber sechs Jahren arbeiten rund 140 K\u00fcnstler:innen und Kreative in dem Geb\u00e4ude mitten im 5. Bezirk. Die Zwischennutzung entstand auf Initiative von Kreative R\u00e4ume Wien.\u00a0<\/p>\n<p>Der Creative Cluster hat sich als Kunstinkubator und Ort der Ko-Kreation etabliert. Neben den Studios gibt es Community Space auf rund 800 m2 mit Probe- und Laborr\u00e4umen im Innen- und Au\u00dfenbereich, dem multifunktionalen Veranstaltungs- und Proberaum HAIZ im Keller, Turnsaal, Holzwerkstatt, Bibliothek und eine Gemeinschaftsk\u00fcche.\u00a0<\/p>\n<p><strong>WANN:<\/strong> M\u00e4rz 2026 bis Ende 2027\u00a0<br \/><strong>WO:<\/strong> Creative Cluster Margareten, Viktor-Christ Gasse 10, 1050 Wien\u00a0<\/p>\n<p>Weitere Informationen unter <a href=\"http:\/\/www.creativecluster.cc\/jetzt-bewerben\">www.creativecluster.cc\/jetzt-bewerben<\/a>.\u00a0<\/p>\n\n\n\n<h2 class=\"wp-block-heading\">sChanze startet: Leistbare R\u00e4ume f\u00fcr Selbst\u00e4ndige mit imGr\u00e4tzl<\/h2>\n\n\n\n<figure class=\"wp-block-image size-large\"><a href=\"imgraetzl.at\/schanze\"><img loading=\"lazy\" decoding=\"async\" width=\"1024\" height=\"659\" src=\"https:\/\/www.kreativeraeumewien.at\/wp-content\/uploads\/2026\/02\/sChanze-website-KRW-Nina-Schneider-1024x659.jpg\" alt=\"\" class=\"wp-image-10219\" srcset=\"https:\/\/www.kreativeraeumewien.at\/wp-content\/uploads\/2026\/02\/sChanze-website-KRW-Nina-Schneider-1024x659.jpg 1024w, https:\/\/www.kreativeraeumewien.at\/wp-content\/uploads\/2026\/02\/sChanze-website-KRW-Nina-Schneider-300x193.jpg 300w, https:\/\/www.kreativeraeumewien.at\/wp-content\/uploads\/2026\/02\/sChanze-website-KRW-Nina-Schneider-768x494.jpg 768w, https:\/\/www.kreativeraeumewien.at\/wp-content\/uploads\/2026\/02\/sChanze-website-KRW-Nina-Schneider.jpg 1200w\" sizes=\"auto, (max-width: 1024px) 100vw, 1024px\" \/><\/a><\/figure>\n\n\n\n<p>Im neuen Quartier \u201eAn der Schanze\u201c nahe der Alten Donau im 21. Bezirk entsteht ein neuer Stadtteil, in den in den kommenden Jahren zahlreiche Bewohner:innen einziehen werden. Auch die Gesch\u00e4ftslokale und Erdgescho\u00dfzonen wollen belebt werden &#8211; hier soll ein Angebot f\u00fcr die neuen Bewohner:innen geschaffen werden. Damit das gut funktioniert, entstehen in einer Kooperation von imGr\u00e4tzl.at und der Bauvereinigung leistbare und flexible Erdgescho\u00df-R\u00e4ume speziell f\u00fcr Selbstst\u00e4ndige und Gr\u00fcnder:innen. Insgesamt gibt es Platz f\u00fcr rund 80 lokale Anbieter:innen.&nbsp;<\/p>\n\n\n\n<p>Gesucht sind Akteur:innen aus den Bereichen Gesundheit, Bewegung, Coaching, Kreativwirtschaft, Kreativ-Workshops, Eltern-Kind-Angebote, Kosmetik &amp; Beauty,&nbsp; Reparaturservice, Nahversorgung wie Kiosk oder Caf\u00e9, Ateliers &amp; Kreativnutzung, die ihre Angebote direkt im Gr\u00e4tzl aufbauen m\u00f6chten. Ob stundenweise Nutzung, ein fixer eigener Raum oder ein Nahversorgungskonzept mit zus\u00e4tzlicher Community-Rolle vor Ort \u2013 unterschiedliche Modelle bieten viel Gestaltungsfreiheit. Das Projekt wurde im Rahmen des IBA-Bautr\u00e4gerwettbewerbs 2019 entwickelt.<\/p>\n\n\n\n<p>WANN: Start Raumnutzung ab September 2026 <br>WO: <a href=\"https:\/\/maps.app.goo.gl\/4EqmvDeD27DxxSmTA\">An der Schanze, 1210 Wien\u00a0<\/a><\/p>\n\n\n\n<p>Weitere Informationen gibt es unter <a href=\"http:\/\/imgraetzl.at\/schanze\">imgraetzl.at\/schanze<\/a>.<\/p>\n\n\n\n<p>&nbsp;<\/p>\n\n\n\n<h2 class=\"wp-block-heading\">In eigener Sache: Wir schaffen Awareness und sind Expert:innen&nbsp;<\/h2>\n\n\n\n<figure class=\"wp-block-image size-large\"><img loading=\"lazy\" decoding=\"async\" width=\"1024\" height=\"768\" src=\"https:\/\/www.kreativeraeumewien.at\/wp-content\/uploads\/2026\/02\/medienberichte1-1024x768.jpg\" alt=\"\" class=\"wp-image-10207\" srcset=\"https:\/\/www.kreativeraeumewien.at\/wp-content\/uploads\/2026\/02\/medienberichte1-1024x768.jpg 1024w, https:\/\/www.kreativeraeumewien.at\/wp-content\/uploads\/2026\/02\/medienberichte1-300x225.jpg 300w, https:\/\/www.kreativeraeumewien.at\/wp-content\/uploads\/2026\/02\/medienberichte1-768x576.jpg 768w, https:\/\/www.kreativeraeumewien.at\/wp-content\/uploads\/2026\/02\/medienberichte1-1536x1152.jpg 1536w, https:\/\/www.kreativeraeumewien.at\/wp-content\/uploads\/2026\/02\/medienberichte1-2048x1536.jpg 2048w\" sizes=\"auto, (max-width: 1024px) 100vw, 1024px\" \/><\/figure>\n\n\n\n<p>Kreative R\u00e4ume Wien wird dieses Jahr 10 Jahre alt. Daf\u00fcr haben wir einige Zahlen und Darstellungen ausgegraben, die wir euch gerne zeigen wollen. Jeden Monat eine Info. Heute geht\u2019s um Medien, Leerstand und Zwischennutzung.\u00a0<\/p>\n\n\n\n<p>W\u00e4hrend sich die meisten Berichte zu Leerstand auf das Thema Wohnraum beziehen, liegt unser Fokus auf der Aktivierung und Nutzung von Leerst\u00e4nden durch Kunst, Kultur, Kreativwirtschaft und Soziales. So entstehen Orte, an denen gearbeitet und experimentiert werden kann, wo aber auch sozialer Austausch und Diskurs stattfinden. Diese soziale und kulturelle Infrastruktur braucht es in einer wachsenden Stadt genauso wie Wohnraum. W\u00e4hrend Wohnen als Menschenrecht und Grundbed\u00fcrfnis aller Menschen in der \u00d6ffentlichkeit oft thematisiert wird, steht das Potenzial von leerstehenden R\u00e4umen, als Orte der Kreativit\u00e4t, des Schaffens und der Begegnung zu dienen, zu selten im medialen Fokus.<\/p>\n\n\n\n<p>Uli Fries und das Team von Kreative R\u00e4ume Wien machen seit 2016 auf die Potenziale von Leerstand aufmerksam, geben Interviews zum Thema, sprechen mit den Medien und stehen auch mit Forschenden und Studierenden diverser Universit\u00e4ten im Austausch. Au\u00dferdem geben wir Inputs bei Fachdiskussionen, diskutieren auf Podien und sind zu Gast bei zahlreichen Diskussionsformaten.<\/p>\n","protected":false},"excerpt":{"rendered":"<p>23.2.2026 Der Fr\u00fchling naht \u2013 und mit ihm das Erwachen der Freifl\u00e4chen aus der Winterruhe. Mit dabei ist die im vergangenen Jahr ins Leben gerufene Zwischennutzung mittendrin.wien am Verteilerkreis, die ihre zweite Saison startet. Au\u00dferdem steht auch das Architekturfestival TURN ON vor der T\u00fcr, im neuen Stadtquartier an der Schanze im 21. Bezirk sind Nutzer:innen [&hellip;]<\/p>\n","protected":false},"author":2,"featured_media":2309,"comment_status":"closed","ping_status":"closed","sticky":false,"template":"","format":"standard","meta":{"_acf_changed":false,"_eb_attr":"","footnotes":""},"categories":[82],"tags":[],"class_list":["post-10210","post","type-post","status-publish","format-standard","has-post-thumbnail","hentry","category-news-en"],"acf":[],"yoast_head":"<!-- This site is optimized with the Yoast SEO plugin v27.3 - https:\/\/yoast.com\/product\/yoast-seo-wordpress\/ -->\n<title>Neues im Februar - Kreative R\u00e4ume Wien<\/title>\n<meta name=\"description\" content=\"Zwischennutzung mittendrin.wien startet erneut am Verteilerkreis, das Architekturfestival TURN ON steht vor der T\u00fcr, im neuen Stadtquartier an der Schanze sind Nutzer:innen gesucht und in eigener Sache schreiben wir von unserer Medienarbeit.\" \/>\n<meta name=\"robots\" content=\"index, follow, max-snippet:-1, max-image-preview:large, max-video-preview:-1\" \/>\n<link rel=\"canonical\" href=\"https:\/\/www.kreativeraeumewien.at\/en\/news-en\/newsletter-februar\/\" \/>\n<meta property=\"og:locale\" content=\"en_US\" \/>\n<meta property=\"og:type\" content=\"article\" \/>\n<meta property=\"og:title\" content=\"Neues im Februar - Kreative R\u00e4ume Wien\" \/>\n<meta property=\"og:description\" content=\"Zwischennutzung mittendrin.wien startet erneut am Verteilerkreis, das Architekturfestival TURN ON steht vor der T\u00fcr, im neuen Stadtquartier an der Schanze sind Nutzer:innen gesucht und in eigener Sache schreiben wir von unserer Medienarbeit.\" \/>\n<meta property=\"og:url\" content=\"https:\/\/www.kreativeraeumewien.at\/en\/news-en\/newsletter-februar\/\" \/>\n<meta property=\"og:site_name\" content=\"Kreative R\u00e4ume Wien\" \/>\n<meta property=\"article:publisher\" content=\"https:\/\/www.facebook.com\/kreativeraeumewien\" \/>\n<meta property=\"article:published_time\" content=\"2026-02-23T16:55:46+00:00\" \/>\n<meta property=\"article:modified_time\" content=\"2026-02-24T09:21:16+00:00\" \/>\n<meta property=\"og:image\" content=\"https:\/\/www.kreativeraeumewien.at\/wp-content\/uploads\/2021\/05\/header_webside.jpg\" \/>\n\t<meta property=\"og:image:width\" content=\"820\" \/>\n\t<meta property=\"og:image:height\" content=\"400\" \/>\n\t<meta property=\"og:image:type\" content=\"image\/jpeg\" \/>\n<meta name=\"author\" content=\"kreative\" \/>\n<meta name=\"twitter:card\" content=\"summary_large_image\" \/>\n<meta name=\"twitter:label1\" content=\"Written by\" \/>\n\t<meta name=\"twitter:data1\" content=\"kreative\" \/>\n\t<meta name=\"twitter:label2\" content=\"Est. reading time\" \/>\n\t<meta name=\"twitter:data2\" content=\"5 minutes\" \/>\n<script type=\"application\/ld+json\" class=\"yoast-schema-graph\">{\"@context\":\"https:\\\/\\\/schema.org\",\"@graph\":[{\"@type\":\"Article\",\"@id\":\"https:\\\/\\\/www.kreativeraeumewien.at\\\/en\\\/news-en\\\/newsletter-februar\\\/#article\",\"isPartOf\":{\"@id\":\"https:\\\/\\\/www.kreativeraeumewien.at\\\/en\\\/news-en\\\/newsletter-februar\\\/\"},\"author\":{\"name\":\"kreative\",\"@id\":\"https:\\\/\\\/www.kreativeraeumewien.at\\\/en\\\/#\\\/schema\\\/person\\\/35b1cedbc652eb88fa4b3285cbde2537\"},\"headline\":\"Neues im Februar\",\"datePublished\":\"2026-02-23T16:55:46+00:00\",\"dateModified\":\"2026-02-24T09:21:16+00:00\",\"mainEntityOfPage\":{\"@id\":\"https:\\\/\\\/www.kreativeraeumewien.at\\\/en\\\/news-en\\\/newsletter-februar\\\/\"},\"wordCount\":977,\"publisher\":{\"@id\":\"https:\\\/\\\/www.kreativeraeumewien.at\\\/en\\\/#organization\"},\"image\":{\"@id\":\"https:\\\/\\\/www.kreativeraeumewien.at\\\/en\\\/news-en\\\/newsletter-februar\\\/#primaryimage\"},\"thumbnailUrl\":\"https:\\\/\\\/www.kreativeraeumewien.at\\\/wp-content\\\/uploads\\\/2021\\\/05\\\/header_webside.jpg\",\"articleSection\":[\"News\"],\"inLanguage\":\"en-US\"},{\"@type\":\"WebPage\",\"@id\":\"https:\\\/\\\/www.kreativeraeumewien.at\\\/en\\\/news-en\\\/newsletter-februar\\\/\",\"url\":\"https:\\\/\\\/www.kreativeraeumewien.at\\\/en\\\/news-en\\\/newsletter-februar\\\/\",\"name\":\"Neues im Februar - Kreative R\u00e4ume Wien\",\"isPartOf\":{\"@id\":\"https:\\\/\\\/www.kreativeraeumewien.at\\\/en\\\/#website\"},\"primaryImageOfPage\":{\"@id\":\"https:\\\/\\\/www.kreativeraeumewien.at\\\/en\\\/news-en\\\/newsletter-februar\\\/#primaryimage\"},\"image\":{\"@id\":\"https:\\\/\\\/www.kreativeraeumewien.at\\\/en\\\/news-en\\\/newsletter-februar\\\/#primaryimage\"},\"thumbnailUrl\":\"https:\\\/\\\/www.kreativeraeumewien.at\\\/wp-content\\\/uploads\\\/2021\\\/05\\\/header_webside.jpg\",\"datePublished\":\"2026-02-23T16:55:46+00:00\",\"dateModified\":\"2026-02-24T09:21:16+00:00\",\"description\":\"Zwischennutzung mittendrin.wien startet erneut am Verteilerkreis, das Architekturfestival TURN ON steht vor der T\u00fcr, im neuen Stadtquartier an der Schanze sind Nutzer:innen gesucht und in eigener Sache schreiben wir von unserer Medienarbeit.\",\"breadcrumb\":{\"@id\":\"https:\\\/\\\/www.kreativeraeumewien.at\\\/en\\\/news-en\\\/newsletter-februar\\\/#breadcrumb\"},\"inLanguage\":\"en-US\",\"potentialAction\":[{\"@type\":\"ReadAction\",\"target\":[\"https:\\\/\\\/www.kreativeraeumewien.at\\\/en\\\/news-en\\\/newsletter-februar\\\/\"]}]},{\"@type\":\"ImageObject\",\"inLanguage\":\"en-US\",\"@id\":\"https:\\\/\\\/www.kreativeraeumewien.at\\\/en\\\/news-en\\\/newsletter-februar\\\/#primaryimage\",\"url\":\"https:\\\/\\\/www.kreativeraeumewien.at\\\/wp-content\\\/uploads\\\/2021\\\/05\\\/header_webside.jpg\",\"contentUrl\":\"https:\\\/\\\/www.kreativeraeumewien.at\\\/wp-content\\\/uploads\\\/2021\\\/05\\\/header_webside.jpg\",\"width\":820,\"height\":400,\"caption\":\"Neues zu den Themen Leerstandsaktivierung und Zwischennutzung.\"},{\"@type\":\"BreadcrumbList\",\"@id\":\"https:\\\/\\\/www.kreativeraeumewien.at\\\/en\\\/news-en\\\/newsletter-februar\\\/#breadcrumb\",\"itemListElement\":[{\"@type\":\"ListItem\",\"position\":1,\"name\":\"Startseite\",\"item\":\"https:\\\/\\\/www.kreativeraeumewien.at\\\/en\\\/\"},{\"@type\":\"ListItem\",\"position\":2,\"name\":\"Neues im Februar\"}]},{\"@type\":\"WebSite\",\"@id\":\"https:\\\/\\\/www.kreativeraeumewien.at\\\/en\\\/#website\",\"url\":\"https:\\\/\\\/www.kreativeraeumewien.at\\\/en\\\/\",\"name\":\"Kreative R\u00e4ume Wien\",\"description\":\"Service fu\u0308r Leerstandsaktivierung und Zwischennutzung f\u00fcr die Stadt Wien\",\"publisher\":{\"@id\":\"https:\\\/\\\/www.kreativeraeumewien.at\\\/en\\\/#organization\"},\"potentialAction\":[{\"@type\":\"SearchAction\",\"target\":{\"@type\":\"EntryPoint\",\"urlTemplate\":\"https:\\\/\\\/www.kreativeraeumewien.at\\\/en\\\/?s={search_term_string}\"},\"query-input\":{\"@type\":\"PropertyValueSpecification\",\"valueRequired\":true,\"valueName\":\"search_term_string\"}}],\"inLanguage\":\"en-US\"},{\"@type\":\"Organization\",\"@id\":\"https:\\\/\\\/www.kreativeraeumewien.at\\\/en\\\/#organization\",\"name\":\"Kreative R\u00e4ume Wien\",\"url\":\"https:\\\/\\\/www.kreativeraeumewien.at\\\/en\\\/\",\"logo\":{\"@type\":\"ImageObject\",\"inLanguage\":\"en-US\",\"@id\":\"https:\\\/\\\/www.kreativeraeumewien.at\\\/en\\\/#\\\/schema\\\/logo\\\/image\\\/\",\"url\":\"https:\\\/\\\/www.kreativeraeumewien.at\\\/wp-content\\\/uploads\\\/2021\\\/12\\\/KRW-LOGO.png\",\"contentUrl\":\"https:\\\/\\\/www.kreativeraeumewien.at\\\/wp-content\\\/uploads\\\/2021\\\/12\\\/KRW-LOGO.png\",\"width\":567,\"height\":567,\"caption\":\"Kreative R\u00e4ume Wien\"},\"image\":{\"@id\":\"https:\\\/\\\/www.kreativeraeumewien.at\\\/en\\\/#\\\/schema\\\/logo\\\/image\\\/\"},\"sameAs\":[\"https:\\\/\\\/www.facebook.com\\\/kreativeraeumewien\",\"https:\\\/\\\/www.instagram.com\\\/kreativeraeume\",\"https:\\\/\\\/www.linkedin.com\\\/company\\\/71490261\\\/\"]},{\"@type\":\"Person\",\"@id\":\"https:\\\/\\\/www.kreativeraeumewien.at\\\/en\\\/#\\\/schema\\\/person\\\/35b1cedbc652eb88fa4b3285cbde2537\",\"name\":\"kreative\",\"image\":{\"@type\":\"ImageObject\",\"inLanguage\":\"en-US\",\"@id\":\"https:\\\/\\\/secure.gravatar.com\\\/avatar\\\/88784b22c5c172056132cc44a3194213a0f02167beb0a9b64ff49b84e648f072?s=96&d=mm&r=g\",\"url\":\"https:\\\/\\\/secure.gravatar.com\\\/avatar\\\/88784b22c5c172056132cc44a3194213a0f02167beb0a9b64ff49b84e648f072?s=96&d=mm&r=g\",\"contentUrl\":\"https:\\\/\\\/secure.gravatar.com\\\/avatar\\\/88784b22c5c172056132cc44a3194213a0f02167beb0a9b64ff49b84e648f072?s=96&d=mm&r=g\",\"caption\":\"kreative\"},\"url\":\"https:\\\/\\\/www.kreativeraeumewien.at\\\/en\\\/author\\\/admin\\\/\"}]}<\/script>\n<!-- \/ Yoast SEO plugin. -->","yoast_head_json":{"title":"Neues im Februar - Kreative R\u00e4ume Wien","description":"Zwischennutzung mittendrin.wien startet erneut am Verteilerkreis, das Architekturfestival TURN ON steht vor der T\u00fcr, im neuen Stadtquartier an der Schanze sind Nutzer:innen gesucht und in eigener Sache schreiben wir von unserer Medienarbeit.","robots":{"index":"index","follow":"follow","max-snippet":"max-snippet:-1","max-image-preview":"max-image-preview:large","max-video-preview":"max-video-preview:-1"},"canonical":"https:\/\/www.kreativeraeumewien.at\/en\/news-en\/newsletter-februar\/","og_locale":"en_US","og_type":"article","og_title":"Neues im Februar - Kreative R\u00e4ume Wien","og_description":"Zwischennutzung mittendrin.wien startet erneut am Verteilerkreis, das Architekturfestival TURN ON steht vor der T\u00fcr, im neuen Stadtquartier an der Schanze sind Nutzer:innen gesucht und in eigener Sache schreiben wir von unserer Medienarbeit.","og_url":"https:\/\/www.kreativeraeumewien.at\/en\/news-en\/newsletter-februar\/","og_site_name":"Kreative R\u00e4ume Wien","article_publisher":"https:\/\/www.facebook.com\/kreativeraeumewien","article_published_time":"2026-02-23T16:55:46+00:00","article_modified_time":"2026-02-24T09:21:16+00:00","og_image":[{"width":820,"height":400,"url":"https:\/\/www.kreativeraeumewien.at\/wp-content\/uploads\/2021\/05\/header_webside.jpg","type":"image\/jpeg"}],"author":"kreative","twitter_card":"summary_large_image","twitter_misc":{"Written by":"kreative","Est. reading time":"5 minutes"},"schema":{"@context":"https:\/\/schema.org","@graph":[{"@type":"Article","@id":"https:\/\/www.kreativeraeumewien.at\/en\/news-en\/newsletter-februar\/#article","isPartOf":{"@id":"https:\/\/www.kreativeraeumewien.at\/en\/news-en\/newsletter-februar\/"},"author":{"name":"kreative","@id":"https:\/\/www.kreativeraeumewien.at\/en\/#\/schema\/person\/35b1cedbc652eb88fa4b3285cbde2537"},"headline":"Neues im Februar","datePublished":"2026-02-23T16:55:46+00:00","dateModified":"2026-02-24T09:21:16+00:00","mainEntityOfPage":{"@id":"https:\/\/www.kreativeraeumewien.at\/en\/news-en\/newsletter-februar\/"},"wordCount":977,"publisher":{"@id":"https:\/\/www.kreativeraeumewien.at\/en\/#organization"},"image":{"@id":"https:\/\/www.kreativeraeumewien.at\/en\/news-en\/newsletter-februar\/#primaryimage"},"thumbnailUrl":"https:\/\/www.kreativeraeumewien.at\/wp-content\/uploads\/2021\/05\/header_webside.jpg","articleSection":["News"],"inLanguage":"en-US"},{"@type":"WebPage","@id":"https:\/\/www.kreativeraeumewien.at\/en\/news-en\/newsletter-februar\/","url":"https:\/\/www.kreativeraeumewien.at\/en\/news-en\/newsletter-februar\/","name":"Neues im Februar - Kreative R\u00e4ume Wien","isPartOf":{"@id":"https:\/\/www.kreativeraeumewien.at\/en\/#website"},"primaryImageOfPage":{"@id":"https:\/\/www.kreativeraeumewien.at\/en\/news-en\/newsletter-februar\/#primaryimage"},"image":{"@id":"https:\/\/www.kreativeraeumewien.at\/en\/news-en\/newsletter-februar\/#primaryimage"},"thumbnailUrl":"https:\/\/www.kreativeraeumewien.at\/wp-content\/uploads\/2021\/05\/header_webside.jpg","datePublished":"2026-02-23T16:55:46+00:00","dateModified":"2026-02-24T09:21:16+00:00","description":"Zwischennutzung mittendrin.wien startet erneut am Verteilerkreis, das Architekturfestival TURN ON steht vor der T\u00fcr, im neuen Stadtquartier an der Schanze sind Nutzer:innen gesucht und in eigener Sache schreiben wir von unserer Medienarbeit.","breadcrumb":{"@id":"https:\/\/www.kreativeraeumewien.at\/en\/news-en\/newsletter-februar\/#breadcrumb"},"inLanguage":"en-US","potentialAction":[{"@type":"ReadAction","target":["https:\/\/www.kreativeraeumewien.at\/en\/news-en\/newsletter-februar\/"]}]},{"@type":"ImageObject","inLanguage":"en-US","@id":"https:\/\/www.kreativeraeumewien.at\/en\/news-en\/newsletter-februar\/#primaryimage","url":"https:\/\/www.kreativeraeumewien.at\/wp-content\/uploads\/2021\/05\/header_webside.jpg","contentUrl":"https:\/\/www.kreativeraeumewien.at\/wp-content\/uploads\/2021\/05\/header_webside.jpg","width":820,"height":400,"caption":"Neues zu den Themen Leerstandsaktivierung und Zwischennutzung."},{"@type":"BreadcrumbList","@id":"https:\/\/www.kreativeraeumewien.at\/en\/news-en\/newsletter-februar\/#breadcrumb","itemListElement":[{"@type":"ListItem","position":1,"name":"Startseite","item":"https:\/\/www.kreativeraeumewien.at\/en\/"},{"@type":"ListItem","position":2,"name":"Neues im Februar"}]},{"@type":"WebSite","@id":"https:\/\/www.kreativeraeumewien.at\/en\/#website","url":"https:\/\/www.kreativeraeumewien.at\/en\/","name":"Kreative R\u00e4ume Wien","description":"Service fu\u0308r Leerstandsaktivierung und Zwischennutzung f\u00fcr die Stadt Wien","publisher":{"@id":"https:\/\/www.kreativeraeumewien.at\/en\/#organization"},"potentialAction":[{"@type":"SearchAction","target":{"@type":"EntryPoint","urlTemplate":"https:\/\/www.kreativeraeumewien.at\/en\/?s={search_term_string}"},"query-input":{"@type":"PropertyValueSpecification","valueRequired":true,"valueName":"search_term_string"}}],"inLanguage":"en-US"},{"@type":"Organization","@id":"https:\/\/www.kreativeraeumewien.at\/en\/#organization","name":"Kreative R\u00e4ume Wien","url":"https:\/\/www.kreativeraeumewien.at\/en\/","logo":{"@type":"ImageObject","inLanguage":"en-US","@id":"https:\/\/www.kreativeraeumewien.at\/en\/#\/schema\/logo\/image\/","url":"https:\/\/www.kreativeraeumewien.at\/wp-content\/uploads\/2021\/12\/KRW-LOGO.png","contentUrl":"https:\/\/www.kreativeraeumewien.at\/wp-content\/uploads\/2021\/12\/KRW-LOGO.png","width":567,"height":567,"caption":"Kreative R\u00e4ume Wien"},"image":{"@id":"https:\/\/www.kreativeraeumewien.at\/en\/#\/schema\/logo\/image\/"},"sameAs":["https:\/\/www.facebook.com\/kreativeraeumewien","https:\/\/www.instagram.com\/kreativeraeume","https:\/\/www.linkedin.com\/company\/71490261\/"]},{"@type":"Person","@id":"https:\/\/www.kreativeraeumewien.at\/en\/#\/schema\/person\/35b1cedbc652eb88fa4b3285cbde2537","name":"kreative","image":{"@type":"ImageObject","inLanguage":"en-US","@id":"https:\/\/secure.gravatar.com\/avatar\/88784b22c5c172056132cc44a3194213a0f02167beb0a9b64ff49b84e648f072?s=96&d=mm&r=g","url":"https:\/\/secure.gravatar.com\/avatar\/88784b22c5c172056132cc44a3194213a0f02167beb0a9b64ff49b84e648f072?s=96&d=mm&r=g","contentUrl":"https:\/\/secure.gravatar.com\/avatar\/88784b22c5c172056132cc44a3194213a0f02167beb0a9b64ff49b84e648f072?s=96&d=mm&r=g","caption":"kreative"},"url":"https:\/\/www.kreativeraeumewien.at\/en\/author\/admin\/"}]}},"_links":{"self":[{"href":"https:\/\/www.kreativeraeumewien.at\/en\/wp-json\/wp\/v2\/posts\/10210","targetHints":{"allow":["GET"]}}],"collection":[{"href":"https:\/\/www.kreativeraeumewien.at\/en\/wp-json\/wp\/v2\/posts"}],"about":[{"href":"https:\/\/www.kreativeraeumewien.at\/en\/wp-json\/wp\/v2\/types\/post"}],"author":[{"embeddable":true,"href":"https:\/\/www.kreativeraeumewien.at\/en\/wp-json\/wp\/v2\/users\/2"}],"replies":[{"embeddable":true,"href":"https:\/\/www.kreativeraeumewien.at\/en\/wp-json\/wp\/v2\/comments?post=10210"}],"version-history":[{"count":4,"href":"https:\/\/www.kreativeraeumewien.at\/en\/wp-json\/wp\/v2\/posts\/10210\/revisions"}],"predecessor-version":[{"id":10222,"href":"https:\/\/www.kreativeraeumewien.at\/en\/wp-json\/wp\/v2\/posts\/10210\/revisions\/10222"}],"wp:featuredmedia":[{"embeddable":true,"href":"https:\/\/www.kreativeraeumewien.at\/en\/wp-json\/wp\/v2\/media\/2309"}],"wp:attachment":[{"href":"https:\/\/www.kreativeraeumewien.at\/en\/wp-json\/wp\/v2\/media?parent=10210"}],"wp:term":[{"taxonomy":"category","embeddable":true,"href":"https:\/\/www.kreativeraeumewien.at\/en\/wp-json\/wp\/v2\/categories?post=10210"},{"taxonomy":"post_tag","embeddable":true,"href":"https:\/\/www.kreativeraeumewien.at\/en\/wp-json\/wp\/v2\/tags?post=10210"}],"curies":[{"name":"wp","href":"https:\/\/api.w.org\/{rel}","templated":true}]}}