{"id":10587,"date":"2026-04-28T15:01:45","date_gmt":"2026-04-28T13:01:45","guid":{"rendered":"https:\/\/www.kreativeraeumewien.at\/saisonstart-mittendrin\/"},"modified":"2026-04-28T15:11:24","modified_gmt":"2026-04-28T13:11:24","slug":"saisonstart-mittendrin","status":"publish","type":"post","link":"https:\/\/www.kreativeraeumewien.at\/en\/news-en\/saisonstart-mittendrin\/","title":{"rendered":"Saisonstart: mittendrin.wien am Verteilerkreis Favoriten"},"content":{"rendered":"\n<p class=\"has-text-align-right\">28.04.2026<\/p>\n\n\n\n<p>Die vom Planungsb\u00fcro PlanSinn kuratierte Zwischennutzung auf der urbanen Freifl\u00e4che bietet auch in diesem Jahr wieder ein vielf\u00e4ltiges Programm mit Performances, Ausstellungen, Workshops und weiteren spannenden Formaten.<\/p>\n\n\n\n<p>Den Auftakt macht die Vernissage der Ausstellung \u201cBr\u00fcche in der Sozialen Arbeit &#8211; Verfolgung und Widerstand im Nationsalsozialismus in Wien\u201d. Es werden unter anderem Angeh\u00f6rige von Zeitzeug*innen sowie Studierende der Sozialen Arbeit sprechen.<\/p>\n\n\n\n<p>In den Sommermonaten folgen Baul\u00fcckenkonzerte, Zirkusspektakel, DJ Sets im Blaupause Pavillon und im Oktober eine weitere Ausstellung: \u201cHotspot Bushaltestelle\u201d.<\/p>\n\n\n\n<figure class=\"wp-block-gallery has-nested-images columns-default is-cropped wp-block-gallery-1 is-layout-flex wp-block-gallery-is-layout-flex\">\n<figure class=\"wp-block-image size-large\"><img loading=\"lazy\" decoding=\"async\" width=\"819\" height=\"1024\" data-id=\"10581\" src=\"https:\/\/www.kreativeraeumewien.at\/wp-content\/uploads\/2026\/04\/mittendirn-event-3-819x1024.jpg\" alt=\"\" class=\"wp-image-10581\" srcset=\"https:\/\/www.kreativeraeumewien.at\/wp-content\/uploads\/2026\/04\/mittendirn-event-3-819x1024.jpg 819w, https:\/\/www.kreativeraeumewien.at\/wp-content\/uploads\/2026\/04\/mittendirn-event-3-240x300.jpg 240w, https:\/\/www.kreativeraeumewien.at\/wp-content\/uploads\/2026\/04\/mittendirn-event-3-768x960.jpg 768w, https:\/\/www.kreativeraeumewien.at\/wp-content\/uploads\/2026\/04\/mittendirn-event-3.jpg 1080w\" sizes=\"auto, (max-width: 819px) 100vw, 819px\" \/><\/figure>\n\n\n\n<figure class=\"wp-block-image size-large\"><img loading=\"lazy\" decoding=\"async\" width=\"819\" height=\"1024\" data-id=\"10583\" src=\"https:\/\/www.kreativeraeumewien.at\/wp-content\/uploads\/2026\/04\/mittendirn-event-2-819x1024.jpg\" alt=\"\" class=\"wp-image-10583\" srcset=\"https:\/\/www.kreativeraeumewien.at\/wp-content\/uploads\/2026\/04\/mittendirn-event-2-819x1024.jpg 819w, https:\/\/www.kreativeraeumewien.at\/wp-content\/uploads\/2026\/04\/mittendirn-event-2-240x300.jpg 240w, https:\/\/www.kreativeraeumewien.at\/wp-content\/uploads\/2026\/04\/mittendirn-event-2-768x960.jpg 768w, https:\/\/www.kreativeraeumewien.at\/wp-content\/uploads\/2026\/04\/mittendirn-event-2.jpg 1080w\" sizes=\"auto, (max-width: 819px) 100vw, 819px\" \/><\/figure>\n<\/figure>\n\n\n\n<h2>Mitmachen erw\u00fcnscht!<\/h2>\n\n\n\n<p>Neben dem kuratierten Programm sucht mittendrin.wien kontinuierlich nach neuen Ideen f\u00fcr die Zwischennutzung \u2013 nach Projekten, die Stadt von innen heraus befragen, die den Ort nutzen \u2013 im Kleinen, im Konkreten, im Jetzt.<\/p>\n\n\n\n<p>Bei Interesse mit einer eigenen Idee \u2013 egal ob einmalig oder langfristig \u2013 mitzumachen, direkt an mittendrin wenden. PlanSinn unterst\u00fctzt bei Infrastruktur, Kommunikation, Sichtbarkeit und Umsetzung.<\/p>\n\n\n\n<p><strong>WANN:<\/strong> ab Dienstag, 4. Mai 2026<br><strong>WO:<\/strong> mittendrin, Verteilerkreis Favoriten, 1100 Wien<\/p>\n\n\n\n<p>Alle Veranstaltungen (bis auf den Zirkus) sind bei freiem Eintritt zu besuchen.<\/p>\n\n\n\n<p>Weitere Informationen und Infos zum Mitmachen unter <a href=\"https:\/\/mittendrin.wien\/\" target=\"_blank\" rel=\"noreferrer noopener\">www.mittendrin.wien<\/a>.<\/p>\n","protected":false},"excerpt":{"rendered":"<p>28.04.2026 Die vom Planungsb\u00fcro PlanSinn kuratierte Zwischennutzung auf der urbanen Freifl\u00e4che bietet auch in diesem Jahr wieder ein vielf\u00e4ltiges Programm mit Performances, Ausstellungen, Workshops und weiteren spannenden Formaten. Den Auftakt macht die Vernissage der Ausstellung \u201cBr\u00fcche in der Sozialen Arbeit &#8211; Verfolgung und Widerstand im Nationsalsozialismus in Wien\u201d. Es werden unter anderem Angeh\u00f6rige von Zeitzeug*innen [&hellip;]<\/p>\n","protected":false},"author":2,"featured_media":10149,"comment_status":"closed","ping_status":"closed","sticky":false,"template":"","format":"standard","meta":{"_acf_changed":false,"_eb_attr":"","footnotes":""},"categories":[82],"tags":[495,496,105],"class_list":["post-10587","post","type-post","status-publish","format-standard","has-post-thumbnail","hentry","category-news-en","tag-eroeffnung","tag-saisonstart","tag-zwischennutzung-en"],"acf":[],"yoast_head":"<!-- This site is optimized with the Yoast SEO plugin v27.3 - https:\/\/yoast.com\/product\/yoast-seo-wordpress\/ -->\n<title>Saisonstart: mittendrin.wien am Verteilerkreis Favoriten - Kreative R\u00e4ume Wien<\/title>\n<meta name=\"description\" content=\"Die Zwischennutzung mittendrin.wien bietet auch in diesem Jahr wieder ein vielf\u00e4ltiges Programm mit Performances, Ausstellungen und mehr.\" \/>\n<meta name=\"robots\" content=\"index, follow, max-snippet:-1, max-image-preview:large, max-video-preview:-1\" \/>\n<link rel=\"canonical\" href=\"https:\/\/www.kreativeraeumewien.at\/en\/news-en\/saisonstart-mittendrin\/\" \/>\n<meta property=\"og:locale\" content=\"en_US\" \/>\n<meta property=\"og:type\" content=\"article\" \/>\n<meta property=\"og:title\" content=\"Saisonstart: mittendrin.wien am Verteilerkreis Favoriten - Kreative R\u00e4ume Wien\" \/>\n<meta property=\"og:description\" content=\"Die Zwischennutzung mittendrin.wien bietet auch in diesem Jahr wieder ein vielf\u00e4ltiges Programm mit Performances, Ausstellungen und mehr.\" \/>\n<meta property=\"og:url\" content=\"https:\/\/www.kreativeraeumewien.at\/en\/news-en\/saisonstart-mittendrin\/\" \/>\n<meta property=\"og:site_name\" content=\"Kreative R\u00e4ume Wien\" \/>\n<meta property=\"article:publisher\" content=\"https:\/\/www.facebook.com\/kreativeraeumewien\" \/>\n<meta property=\"article:published_time\" content=\"2026-04-28T13:01:45+00:00\" \/>\n<meta property=\"article:modified_time\" content=\"2026-04-28T13:11:24+00:00\" \/>\n<meta property=\"og:image\" content=\"https:\/\/www.kreativeraeumewien.at\/wp-content\/uploads\/2026\/02\/mittendrin.wien-website-1.jpg\" \/>\n\t<meta property=\"og:image:width\" content=\"1200\" \/>\n\t<meta property=\"og:image:height\" content=\"772\" \/>\n\t<meta property=\"og:image:type\" content=\"image\/jpeg\" \/>\n<meta name=\"author\" content=\"kreative\" \/>\n<meta name=\"twitter:card\" content=\"summary_large_image\" \/>\n<meta name=\"twitter:label1\" content=\"Written by\" \/>\n\t<meta name=\"twitter:data1\" content=\"kreative\" \/>\n\t<meta name=\"twitter:label2\" content=\"Est. reading time\" \/>\n\t<meta name=\"twitter:data2\" content=\"1 minute\" \/>\n<script type=\"application\/ld+json\" class=\"yoast-schema-graph\">{\"@context\":\"https:\\\/\\\/schema.org\",\"@graph\":[{\"@type\":\"Article\",\"@id\":\"https:\\\/\\\/www.kreativeraeumewien.at\\\/en\\\/news-en\\\/saisonstart-mittendrin\\\/#article\",\"isPartOf\":{\"@id\":\"https:\\\/\\\/www.kreativeraeumewien.at\\\/en\\\/news-en\\\/saisonstart-mittendrin\\\/\"},\"author\":{\"name\":\"kreative\",\"@id\":\"https:\\\/\\\/www.kreativeraeumewien.at\\\/en\\\/#\\\/schema\\\/person\\\/35b1cedbc652eb88fa4b3285cbde2537\"},\"headline\":\"Saisonstart: mittendrin.wien am Verteilerkreis Favoriten\",\"datePublished\":\"2026-04-28T13:01:45+00:00\",\"dateModified\":\"2026-04-28T13:11:24+00:00\",\"mainEntityOfPage\":{\"@id\":\"https:\\\/\\\/www.kreativeraeumewien.at\\\/en\\\/news-en\\\/saisonstart-mittendrin\\\/\"},\"wordCount\":184,\"publisher\":{\"@id\":\"https:\\\/\\\/www.kreativeraeumewien.at\\\/en\\\/#organization\"},\"image\":{\"@id\":\"https:\\\/\\\/www.kreativeraeumewien.at\\\/en\\\/news-en\\\/saisonstart-mittendrin\\\/#primaryimage\"},\"thumbnailUrl\":\"https:\\\/\\\/www.kreativeraeumewien.at\\\/wp-content\\\/uploads\\\/2026\\\/02\\\/mittendrin.wien-website-1.jpg\",\"keywords\":[\"er\u00f6ffnung\",\"saisonstart\",\"Zwischennutzung\"],\"articleSection\":[\"News\"],\"inLanguage\":\"en-US\"},{\"@type\":\"WebPage\",\"@id\":\"https:\\\/\\\/www.kreativeraeumewien.at\\\/en\\\/news-en\\\/saisonstart-mittendrin\\\/\",\"url\":\"https:\\\/\\\/www.kreativeraeumewien.at\\\/en\\\/news-en\\\/saisonstart-mittendrin\\\/\",\"name\":\"Saisonstart: mittendrin.wien am Verteilerkreis Favoriten - Kreative R\u00e4ume Wien\",\"isPartOf\":{\"@id\":\"https:\\\/\\\/www.kreativeraeumewien.at\\\/en\\\/#website\"},\"primaryImageOfPage\":{\"@id\":\"https:\\\/\\\/www.kreativeraeumewien.at\\\/en\\\/news-en\\\/saisonstart-mittendrin\\\/#primaryimage\"},\"image\":{\"@id\":\"https:\\\/\\\/www.kreativeraeumewien.at\\\/en\\\/news-en\\\/saisonstart-mittendrin\\\/#primaryimage\"},\"thumbnailUrl\":\"https:\\\/\\\/www.kreativeraeumewien.at\\\/wp-content\\\/uploads\\\/2026\\\/02\\\/mittendrin.wien-website-1.jpg\",\"datePublished\":\"2026-04-28T13:01:45+00:00\",\"dateModified\":\"2026-04-28T13:11:24+00:00\",\"description\":\"Die Zwischennutzung mittendrin.wien bietet auch in diesem Jahr wieder ein vielf\u00e4ltiges Programm mit Performances, Ausstellungen und mehr.\",\"breadcrumb\":{\"@id\":\"https:\\\/\\\/www.kreativeraeumewien.at\\\/en\\\/news-en\\\/saisonstart-mittendrin\\\/#breadcrumb\"},\"inLanguage\":\"en-US\",\"potentialAction\":[{\"@type\":\"ReadAction\",\"target\":[\"https:\\\/\\\/www.kreativeraeumewien.at\\\/en\\\/news-en\\\/saisonstart-mittendrin\\\/\"]}]},{\"@type\":\"ImageObject\",\"inLanguage\":\"en-US\",\"@id\":\"https:\\\/\\\/www.kreativeraeumewien.at\\\/en\\\/news-en\\\/saisonstart-mittendrin\\\/#primaryimage\",\"url\":\"https:\\\/\\\/www.kreativeraeumewien.at\\\/wp-content\\\/uploads\\\/2026\\\/02\\\/mittendrin.wien-website-1.jpg\",\"contentUrl\":\"https:\\\/\\\/www.kreativeraeumewien.at\\\/wp-content\\\/uploads\\\/2026\\\/02\\\/mittendrin.wien-website-1.jpg\",\"width\":1200,\"height\":772,\"caption\":\"Die Zwischennutzung mittendrin.wien auf einer der gr\u00f6\u00dften Verkehrsinseln Wiens startet n\u00e4chste Woche in die neue Saison.\"},{\"@type\":\"BreadcrumbList\",\"@id\":\"https:\\\/\\\/www.kreativeraeumewien.at\\\/en\\\/news-en\\\/saisonstart-mittendrin\\\/#breadcrumb\",\"itemListElement\":[{\"@type\":\"ListItem\",\"position\":1,\"name\":\"Startseite\",\"item\":\"https:\\\/\\\/www.kreativeraeumewien.at\\\/en\\\/\"},{\"@type\":\"ListItem\",\"position\":2,\"name\":\"Saisonstart: mittendrin.wien am Verteilerkreis Favoriten\"}]},{\"@type\":\"WebSite\",\"@id\":\"https:\\\/\\\/www.kreativeraeumewien.at\\\/en\\\/#website\",\"url\":\"https:\\\/\\\/www.kreativeraeumewien.at\\\/en\\\/\",\"name\":\"Kreative R\u00e4ume Wien\",\"description\":\"Service fu\u0308r Leerstandsaktivierung und Zwischennutzung f\u00fcr die Stadt Wien\",\"publisher\":{\"@id\":\"https:\\\/\\\/www.kreativeraeumewien.at\\\/en\\\/#organization\"},\"potentialAction\":[{\"@type\":\"SearchAction\",\"target\":{\"@type\":\"EntryPoint\",\"urlTemplate\":\"https:\\\/\\\/www.kreativeraeumewien.at\\\/en\\\/?s={search_term_string}\"},\"query-input\":{\"@type\":\"PropertyValueSpecification\",\"valueRequired\":true,\"valueName\":\"search_term_string\"}}],\"inLanguage\":\"en-US\"},{\"@type\":\"Organization\",\"@id\":\"https:\\\/\\\/www.kreativeraeumewien.at\\\/en\\\/#organization\",\"name\":\"Kreative R\u00e4ume Wien\",\"url\":\"https:\\\/\\\/www.kreativeraeumewien.at\\\/en\\\/\",\"logo\":{\"@type\":\"ImageObject\",\"inLanguage\":\"en-US\",\"@id\":\"https:\\\/\\\/www.kreativeraeumewien.at\\\/en\\\/#\\\/schema\\\/logo\\\/image\\\/\",\"url\":\"https:\\\/\\\/www.kreativeraeumewien.at\\\/wp-content\\\/uploads\\\/2021\\\/12\\\/KRW-LOGO.png\",\"contentUrl\":\"https:\\\/\\\/www.kreativeraeumewien.at\\\/wp-content\\\/uploads\\\/2021\\\/12\\\/KRW-LOGO.png\",\"width\":567,\"height\":567,\"caption\":\"Kreative R\u00e4ume Wien\"},\"image\":{\"@id\":\"https:\\\/\\\/www.kreativeraeumewien.at\\\/en\\\/#\\\/schema\\\/logo\\\/image\\\/\"},\"sameAs\":[\"https:\\\/\\\/www.facebook.com\\\/kreativeraeumewien\",\"https:\\\/\\\/www.instagram.com\\\/kreativeraeume\",\"https:\\\/\\\/www.linkedin.com\\\/company\\\/71490261\\\/\"]},{\"@type\":\"Person\",\"@id\":\"https:\\\/\\\/www.kreativeraeumewien.at\\\/en\\\/#\\\/schema\\\/person\\\/35b1cedbc652eb88fa4b3285cbde2537\",\"name\":\"kreative\",\"image\":{\"@type\":\"ImageObject\",\"inLanguage\":\"en-US\",\"@id\":\"https:\\\/\\\/secure.gravatar.com\\\/avatar\\\/88784b22c5c172056132cc44a3194213a0f02167beb0a9b64ff49b84e648f072?s=96&d=mm&r=g\",\"url\":\"https:\\\/\\\/secure.gravatar.com\\\/avatar\\\/88784b22c5c172056132cc44a3194213a0f02167beb0a9b64ff49b84e648f072?s=96&d=mm&r=g\",\"contentUrl\":\"https:\\\/\\\/secure.gravatar.com\\\/avatar\\\/88784b22c5c172056132cc44a3194213a0f02167beb0a9b64ff49b84e648f072?s=96&d=mm&r=g\",\"caption\":\"kreative\"},\"url\":\"https:\\\/\\\/www.kreativeraeumewien.at\\\/en\\\/author\\\/admin\\\/\"}]}<\/script>\n<!-- \/ Yoast SEO plugin. -->","yoast_head_json":{"title":"Saisonstart: mittendrin.wien am Verteilerkreis Favoriten - Kreative R\u00e4ume Wien","description":"Die Zwischennutzung mittendrin.wien bietet auch in diesem Jahr wieder ein vielf\u00e4ltiges Programm mit Performances, Ausstellungen und mehr.","robots":{"index":"index","follow":"follow","max-snippet":"max-snippet:-1","max-image-preview":"max-image-preview:large","max-video-preview":"max-video-preview:-1"},"canonical":"https:\/\/www.kreativeraeumewien.at\/en\/news-en\/saisonstart-mittendrin\/","og_locale":"en_US","og_type":"article","og_title":"Saisonstart: mittendrin.wien am Verteilerkreis Favoriten - Kreative R\u00e4ume Wien","og_description":"Die Zwischennutzung mittendrin.wien bietet auch in diesem Jahr wieder ein vielf\u00e4ltiges Programm mit Performances, Ausstellungen und mehr.","og_url":"https:\/\/www.kreativeraeumewien.at\/en\/news-en\/saisonstart-mittendrin\/","og_site_name":"Kreative R\u00e4ume Wien","article_publisher":"https:\/\/www.facebook.com\/kreativeraeumewien","article_published_time":"2026-04-28T13:01:45+00:00","article_modified_time":"2026-04-28T13:11:24+00:00","og_image":[{"width":1200,"height":772,"url":"https:\/\/www.kreativeraeumewien.at\/wp-content\/uploads\/2026\/02\/mittendrin.wien-website-1.jpg","type":"image\/jpeg"}],"author":"kreative","twitter_card":"summary_large_image","twitter_misc":{"Written by":"kreative","Est. reading time":"1 minute"},"schema":{"@context":"https:\/\/schema.org","@graph":[{"@type":"Article","@id":"https:\/\/www.kreativeraeumewien.at\/en\/news-en\/saisonstart-mittendrin\/#article","isPartOf":{"@id":"https:\/\/www.kreativeraeumewien.at\/en\/news-en\/saisonstart-mittendrin\/"},"author":{"name":"kreative","@id":"https:\/\/www.kreativeraeumewien.at\/en\/#\/schema\/person\/35b1cedbc652eb88fa4b3285cbde2537"},"headline":"Saisonstart: mittendrin.wien am Verteilerkreis Favoriten","datePublished":"2026-04-28T13:01:45+00:00","dateModified":"2026-04-28T13:11:24+00:00","mainEntityOfPage":{"@id":"https:\/\/www.kreativeraeumewien.at\/en\/news-en\/saisonstart-mittendrin\/"},"wordCount":184,"publisher":{"@id":"https:\/\/www.kreativeraeumewien.at\/en\/#organization"},"image":{"@id":"https:\/\/www.kreativeraeumewien.at\/en\/news-en\/saisonstart-mittendrin\/#primaryimage"},"thumbnailUrl":"https:\/\/www.kreativeraeumewien.at\/wp-content\/uploads\/2026\/02\/mittendrin.wien-website-1.jpg","keywords":["er\u00f6ffnung","saisonstart","Zwischennutzung"],"articleSection":["News"],"inLanguage":"en-US"},{"@type":"WebPage","@id":"https:\/\/www.kreativeraeumewien.at\/en\/news-en\/saisonstart-mittendrin\/","url":"https:\/\/www.kreativeraeumewien.at\/en\/news-en\/saisonstart-mittendrin\/","name":"Saisonstart: mittendrin.wien am Verteilerkreis Favoriten - Kreative R\u00e4ume Wien","isPartOf":{"@id":"https:\/\/www.kreativeraeumewien.at\/en\/#website"},"primaryImageOfPage":{"@id":"https:\/\/www.kreativeraeumewien.at\/en\/news-en\/saisonstart-mittendrin\/#primaryimage"},"image":{"@id":"https:\/\/www.kreativeraeumewien.at\/en\/news-en\/saisonstart-mittendrin\/#primaryimage"},"thumbnailUrl":"https:\/\/www.kreativeraeumewien.at\/wp-content\/uploads\/2026\/02\/mittendrin.wien-website-1.jpg","datePublished":"2026-04-28T13:01:45+00:00","dateModified":"2026-04-28T13:11:24+00:00","description":"Die Zwischennutzung mittendrin.wien bietet auch in diesem Jahr wieder ein vielf\u00e4ltiges Programm mit Performances, Ausstellungen und mehr.","breadcrumb":{"@id":"https:\/\/www.kreativeraeumewien.at\/en\/news-en\/saisonstart-mittendrin\/#breadcrumb"},"inLanguage":"en-US","potentialAction":[{"@type":"ReadAction","target":["https:\/\/www.kreativeraeumewien.at\/en\/news-en\/saisonstart-mittendrin\/"]}]},{"@type":"ImageObject","inLanguage":"en-US","@id":"https:\/\/www.kreativeraeumewien.at\/en\/news-en\/saisonstart-mittendrin\/#primaryimage","url":"https:\/\/www.kreativeraeumewien.at\/wp-content\/uploads\/2026\/02\/mittendrin.wien-website-1.jpg","contentUrl":"https:\/\/www.kreativeraeumewien.at\/wp-content\/uploads\/2026\/02\/mittendrin.wien-website-1.jpg","width":1200,"height":772,"caption":"Die Zwischennutzung mittendrin.wien auf einer der gr\u00f6\u00dften Verkehrsinseln Wiens startet n\u00e4chste Woche in die neue Saison."},{"@type":"BreadcrumbList","@id":"https:\/\/www.kreativeraeumewien.at\/en\/news-en\/saisonstart-mittendrin\/#breadcrumb","itemListElement":[{"@type":"ListItem","position":1,"name":"Startseite","item":"https:\/\/www.kreativeraeumewien.at\/en\/"},{"@type":"ListItem","position":2,"name":"Saisonstart: mittendrin.wien am Verteilerkreis Favoriten"}]},{"@type":"WebSite","@id":"https:\/\/www.kreativeraeumewien.at\/en\/#website","url":"https:\/\/www.kreativeraeumewien.at\/en\/","name":"Kreative R\u00e4ume Wien","description":"Service fu\u0308r Leerstandsaktivierung und Zwischennutzung f\u00fcr die Stadt Wien","publisher":{"@id":"https:\/\/www.kreativeraeumewien.at\/en\/#organization"},"potentialAction":[{"@type":"SearchAction","target":{"@type":"EntryPoint","urlTemplate":"https:\/\/www.kreativeraeumewien.at\/en\/?s={search_term_string}"},"query-input":{"@type":"PropertyValueSpecification","valueRequired":true,"valueName":"search_term_string"}}],"inLanguage":"en-US"},{"@type":"Organization","@id":"https:\/\/www.kreativeraeumewien.at\/en\/#organization","name":"Kreative R\u00e4ume Wien","url":"https:\/\/www.kreativeraeumewien.at\/en\/","logo":{"@type":"ImageObject","inLanguage":"en-US","@id":"https:\/\/www.kreativeraeumewien.at\/en\/#\/schema\/logo\/image\/","url":"https:\/\/www.kreativeraeumewien.at\/wp-content\/uploads\/2021\/12\/KRW-LOGO.png","contentUrl":"https:\/\/www.kreativeraeumewien.at\/wp-content\/uploads\/2021\/12\/KRW-LOGO.png","width":567,"height":567,"caption":"Kreative R\u00e4ume Wien"},"image":{"@id":"https:\/\/www.kreativeraeumewien.at\/en\/#\/schema\/logo\/image\/"},"sameAs":["https:\/\/www.facebook.com\/kreativeraeumewien","https:\/\/www.instagram.com\/kreativeraeume","https:\/\/www.linkedin.com\/company\/71490261\/"]},{"@type":"Person","@id":"https:\/\/www.kreativeraeumewien.at\/en\/#\/schema\/person\/35b1cedbc652eb88fa4b3285cbde2537","name":"kreative","image":{"@type":"ImageObject","inLanguage":"en-US","@id":"https:\/\/secure.gravatar.com\/avatar\/88784b22c5c172056132cc44a3194213a0f02167beb0a9b64ff49b84e648f072?s=96&d=mm&r=g","url":"https:\/\/secure.gravatar.com\/avatar\/88784b22c5c172056132cc44a3194213a0f02167beb0a9b64ff49b84e648f072?s=96&d=mm&r=g","contentUrl":"https:\/\/secure.gravatar.com\/avatar\/88784b22c5c172056132cc44a3194213a0f02167beb0a9b64ff49b84e648f072?s=96&d=mm&r=g","caption":"kreative"},"url":"https:\/\/www.kreativeraeumewien.at\/en\/author\/admin\/"}]}},"_links":{"self":[{"href":"https:\/\/www.kreativeraeumewien.at\/en\/wp-json\/wp\/v2\/posts\/10587","targetHints":{"allow":["GET"]}}],"collection":[{"href":"https:\/\/www.kreativeraeumewien.at\/en\/wp-json\/wp\/v2\/posts"}],"about":[{"href":"https:\/\/www.kreativeraeumewien.at\/en\/wp-json\/wp\/v2\/types\/post"}],"author":[{"embeddable":true,"href":"https:\/\/www.kreativeraeumewien.at\/en\/wp-json\/wp\/v2\/users\/2"}],"replies":[{"embeddable":true,"href":"https:\/\/www.kreativeraeumewien.at\/en\/wp-json\/wp\/v2\/comments?post=10587"}],"version-history":[{"count":1,"href":"https:\/\/www.kreativeraeumewien.at\/en\/wp-json\/wp\/v2\/posts\/10587\/revisions"}],"predecessor-version":[{"id":10591,"href":"https:\/\/www.kreativeraeumewien.at\/en\/wp-json\/wp\/v2\/posts\/10587\/revisions\/10591"}],"wp:featuredmedia":[{"embeddable":true,"href":"https:\/\/www.kreativeraeumewien.at\/en\/wp-json\/wp\/v2\/media\/10149"}],"wp:attachment":[{"href":"https:\/\/www.kreativeraeumewien.at\/en\/wp-json\/wp\/v2\/media?parent=10587"}],"wp:term":[{"taxonomy":"category","embeddable":true,"href":"https:\/\/www.kreativeraeumewien.at\/en\/wp-json\/wp\/v2\/categories?post=10587"},{"taxonomy":"post_tag","embeddable":true,"href":"https:\/\/www.kreativeraeumewien.at\/en\/wp-json\/wp\/v2\/tags?post=10587"}],"curies":[{"name":"wp","href":"https:\/\/api.w.org\/{rel}","templated":true}]}}