{"id":10600,"date":"2026-04-29T14:37:13","date_gmt":"2026-04-29T12:37:13","guid":{"rendered":"https:\/\/www.kreativeraeumewien.at\/mit-nutzerinnen-gesucht\/"},"modified":"2026-04-29T14:42:03","modified_gmt":"2026-04-29T12:42:03","slug":"mit-nutzerinnen-gesucht","status":"publish","type":"post","link":"https:\/\/www.kreativeraeumewien.at\/en\/news-en\/mit-nutzerinnen-gesucht\/","title":{"rendered":"Mit-Nutzer:innen gesucht: Kreativraum im 8. Bezirk"},"content":{"rendered":"\n<p style=\"text-align: right;\">29.04.2026<\/p>\n\n\n\n<p>Am innenstadtnahen Ende der Josefst\u00e4dter Stra\u00dfe wird eine Kellerfl\u00e4che mit rund 100 m2 zu einem hybriden Kreativraum ausgebaut. Die R\u00e4ume mit ihren hohen Decken bieten vielf\u00e4ltige Nutzungsm\u00f6glichkeiten. <\/p>\n\n\n\n<p>Denkbar sind Ateliers, eine offene Werkstatt, ein Ausstellungsraum, oder auch ein Tonstudio. Au\u00dferdem soll es einen Gemeinschaftsbereich geben. Der Eigent\u00fcmer selbst will eine Teilfl\u00e4che als Atelier bzw. Werkstatt nutzen und sucht nun Mitnutzer:innen.\u00a0<\/p>\n\n\n\n\n\n<figure class=\"wp-block-image size-full\"><img loading=\"lazy\" decoding=\"async\" width=\"807\" height=\"857\" src=\"https:\/\/www.kreativeraeumewien.at\/wp-content\/uploads\/2026\/04\/Souterrain_Josefstadter_Strae.jpg\" alt=\"\" class=\"wp-image-10596\" srcset=\"https:\/\/www.kreativeraeumewien.at\/wp-content\/uploads\/2026\/04\/Souterrain_Josefstadter_Strae.jpg 807w, https:\/\/www.kreativeraeumewien.at\/wp-content\/uploads\/2026\/04\/Souterrain_Josefstadter_Strae-282x300.jpg 282w, https:\/\/www.kreativeraeumewien.at\/wp-content\/uploads\/2026\/04\/Souterrain_Josefstadter_Strae-768x816.jpg 768w\" sizes=\"auto, (max-width: 807px) 100vw, 807px\" \/><\/figure>\n\n\n\n<p><br><br>Um die Vorstellungen der k\u00fcnftigen Mit-Nutzer:innen bestm\u00f6glich ber\u00fccksichtigen zu k\u00f6nnen, sollen diese vor Start der Umbauarbeiten, eingebunden werden. Eine Widmungs\u00e4nderung ist in Arbeit. Erm\u00f6glicht wird zudem eine g\u00fcnstige Miete. Wir finden dieser Ansatz klingt vielversprechend.<br><br>Bei Interesse bitten wir um eine Nachricht\u00a0mit Name (eventuell Organisation) und Nutzungsidee <a href=\"mailto:call@kreativeraeumewien.at\">per E-Mail<\/a>.<\/p>\n\n\n","protected":false},"excerpt":{"rendered":"<p>29.04.2026 Am innenstadtnahen Ende der Josefst\u00e4dter Stra\u00dfe wird eine Kellerfl\u00e4che mit rund 100 m2 zu einem hybriden Kreativraum ausgebaut. Die R\u00e4ume mit ihren hohen Decken bieten vielf\u00e4ltige Nutzungsm\u00f6glichkeiten. Denkbar sind Ateliers, eine offene Werkstatt, ein Ausstellungsraum, oder auch ein Tonstudio. Au\u00dferdem soll es einen Gemeinschaftsbereich geben. Der Eigent\u00fcmer selbst will eine Teilfl\u00e4che als Atelier bzw. [&hellip;]<\/p>\n","protected":false},"author":2,"featured_media":10567,"comment_status":"closed","ping_status":"closed","sticky":false,"template":"","format":"standard","meta":{"_acf_changed":false,"_eb_attr":"","footnotes":""},"categories":[82],"tags":[498],"class_list":["post-10600","post","type-post","status-publish","format-standard","has-post-thumbnail","hentry","category-news-en","tag-raumsuche"],"acf":[],"yoast_head":"<!-- This site is optimized with the Yoast SEO plugin v27.3 - https:\/\/yoast.com\/product\/yoast-seo-wordpress\/ -->\n<title>Mit-Nutzer:innen gesucht: Kreativraum im 8. Bezirk - Kreative R\u00e4ume Wien<\/title>\n<meta name=\"robots\" content=\"index, follow, max-snippet:-1, max-image-preview:large, max-video-preview:-1\" \/>\n<link rel=\"canonical\" href=\"https:\/\/www.kreativeraeumewien.at\/en\/news-en\/mit-nutzerinnen-gesucht\/\" \/>\n<meta property=\"og:locale\" content=\"en_US\" \/>\n<meta property=\"og:type\" content=\"article\" \/>\n<meta property=\"og:title\" content=\"Mit-Nutzer:innen gesucht: Kreativraum im 8. Bezirk - Kreative R\u00e4ume Wien\" \/>\n<meta property=\"og:description\" content=\"29.04.2026 Am innenstadtnahen Ende der Josefst\u00e4dter Stra\u00dfe wird eine Kellerfl\u00e4che mit rund 100 m2 zu einem hybriden Kreativraum ausgebaut. Die R\u00e4ume mit ihren hohen Decken bieten vielf\u00e4ltige Nutzungsm\u00f6glichkeiten. Denkbar sind Ateliers, eine offene Werkstatt, ein Ausstellungsraum, oder auch ein Tonstudio. Au\u00dferdem soll es einen Gemeinschaftsbereich geben. Der Eigent\u00fcmer selbst will eine Teilfl\u00e4che als Atelier bzw. [&hellip;]\" \/>\n<meta property=\"og:url\" content=\"https:\/\/www.kreativeraeumewien.at\/en\/news-en\/mit-nutzerinnen-gesucht\/\" \/>\n<meta property=\"og:site_name\" content=\"Kreative R\u00e4ume Wien\" \/>\n<meta property=\"article:publisher\" content=\"https:\/\/www.facebook.com\/kreativeraeumewien\" \/>\n<meta property=\"article:published_time\" content=\"2026-04-29T12:37:13+00:00\" \/>\n<meta property=\"article:modified_time\" content=\"2026-04-29T12:42:03+00:00\" \/>\n<meta property=\"og:image\" content=\"https:\/\/www.kreativeraeumewien.at\/wp-content\/uploads\/2026\/04\/keller_1080-1.png\" \/>\n\t<meta property=\"og:image:width\" content=\"1200\" \/>\n\t<meta property=\"og:image:height\" content=\"772\" \/>\n\t<meta property=\"og:image:type\" content=\"image\/png\" \/>\n<meta name=\"author\" content=\"kreative\" \/>\n<meta name=\"twitter:card\" content=\"summary_large_image\" \/>\n<meta name=\"twitter:label1\" content=\"Written by\" \/>\n\t<meta name=\"twitter:data1\" content=\"kreative\" \/>\n\t<meta name=\"twitter:label2\" content=\"Est. reading time\" \/>\n\t<meta name=\"twitter:data2\" content=\"1 minute\" \/>\n<script type=\"application\/ld+json\" class=\"yoast-schema-graph\">{\"@context\":\"https:\\\/\\\/schema.org\",\"@graph\":[{\"@type\":\"Article\",\"@id\":\"https:\\\/\\\/www.kreativeraeumewien.at\\\/en\\\/news-en\\\/mit-nutzerinnen-gesucht\\\/#article\",\"isPartOf\":{\"@id\":\"https:\\\/\\\/www.kreativeraeumewien.at\\\/en\\\/news-en\\\/mit-nutzerinnen-gesucht\\\/\"},\"author\":{\"name\":\"kreative\",\"@id\":\"https:\\\/\\\/www.kreativeraeumewien.at\\\/en\\\/#\\\/schema\\\/person\\\/35b1cedbc652eb88fa4b3285cbde2537\"},\"headline\":\"Mit-Nutzer:innen gesucht: Kreativraum im 8. Bezirk\",\"datePublished\":\"2026-04-29T12:37:13+00:00\",\"dateModified\":\"2026-04-29T12:42:03+00:00\",\"mainEntityOfPage\":{\"@id\":\"https:\\\/\\\/www.kreativeraeumewien.at\\\/en\\\/news-en\\\/mit-nutzerinnen-gesucht\\\/\"},\"wordCount\":133,\"publisher\":{\"@id\":\"https:\\\/\\\/www.kreativeraeumewien.at\\\/en\\\/#organization\"},\"image\":{\"@id\":\"https:\\\/\\\/www.kreativeraeumewien.at\\\/en\\\/news-en\\\/mit-nutzerinnen-gesucht\\\/#primaryimage\"},\"thumbnailUrl\":\"https:\\\/\\\/www.kreativeraeumewien.at\\\/wp-content\\\/uploads\\\/2026\\\/04\\\/keller_1080-1.png\",\"keywords\":[\"raumsuche\"],\"articleSection\":[\"News\"],\"inLanguage\":\"en-US\"},{\"@type\":\"WebPage\",\"@id\":\"https:\\\/\\\/www.kreativeraeumewien.at\\\/en\\\/news-en\\\/mit-nutzerinnen-gesucht\\\/\",\"url\":\"https:\\\/\\\/www.kreativeraeumewien.at\\\/en\\\/news-en\\\/mit-nutzerinnen-gesucht\\\/\",\"name\":\"Mit-Nutzer:innen gesucht: Kreativraum im 8. Bezirk - Kreative R\u00e4ume Wien\",\"isPartOf\":{\"@id\":\"https:\\\/\\\/www.kreativeraeumewien.at\\\/en\\\/#website\"},\"primaryImageOfPage\":{\"@id\":\"https:\\\/\\\/www.kreativeraeumewien.at\\\/en\\\/news-en\\\/mit-nutzerinnen-gesucht\\\/#primaryimage\"},\"image\":{\"@id\":\"https:\\\/\\\/www.kreativeraeumewien.at\\\/en\\\/news-en\\\/mit-nutzerinnen-gesucht\\\/#primaryimage\"},\"thumbnailUrl\":\"https:\\\/\\\/www.kreativeraeumewien.at\\\/wp-content\\\/uploads\\\/2026\\\/04\\\/keller_1080-1.png\",\"datePublished\":\"2026-04-29T12:37:13+00:00\",\"dateModified\":\"2026-04-29T12:42:03+00:00\",\"breadcrumb\":{\"@id\":\"https:\\\/\\\/www.kreativeraeumewien.at\\\/en\\\/news-en\\\/mit-nutzerinnen-gesucht\\\/#breadcrumb\"},\"inLanguage\":\"en-US\",\"potentialAction\":[{\"@type\":\"ReadAction\",\"target\":[\"https:\\\/\\\/www.kreativeraeumewien.at\\\/en\\\/news-en\\\/mit-nutzerinnen-gesucht\\\/\"]}]},{\"@type\":\"ImageObject\",\"inLanguage\":\"en-US\",\"@id\":\"https:\\\/\\\/www.kreativeraeumewien.at\\\/en\\\/news-en\\\/mit-nutzerinnen-gesucht\\\/#primaryimage\",\"url\":\"https:\\\/\\\/www.kreativeraeumewien.at\\\/wp-content\\\/uploads\\\/2026\\\/04\\\/keller_1080-1.png\",\"contentUrl\":\"https:\\\/\\\/www.kreativeraeumewien.at\\\/wp-content\\\/uploads\\\/2026\\\/04\\\/keller_1080-1.png\",\"width\":1200,\"height\":772,\"caption\":\"Noch ist hier Baustelle. Der Hauptraum ist zug\u00e4nglich \u00fcber den Innenhof.\"},{\"@type\":\"BreadcrumbList\",\"@id\":\"https:\\\/\\\/www.kreativeraeumewien.at\\\/en\\\/news-en\\\/mit-nutzerinnen-gesucht\\\/#breadcrumb\",\"itemListElement\":[{\"@type\":\"ListItem\",\"position\":1,\"name\":\"Startseite\",\"item\":\"https:\\\/\\\/www.kreativeraeumewien.at\\\/en\\\/\"},{\"@type\":\"ListItem\",\"position\":2,\"name\":\"Mit-Nutzer:innen gesucht: Kreativraum im 8. Bezirk\"}]},{\"@type\":\"WebSite\",\"@id\":\"https:\\\/\\\/www.kreativeraeumewien.at\\\/en\\\/#website\",\"url\":\"https:\\\/\\\/www.kreativeraeumewien.at\\\/en\\\/\",\"name\":\"Kreative R\u00e4ume Wien\",\"description\":\"Service fu\u0308r Leerstandsaktivierung und Zwischennutzung f\u00fcr die Stadt Wien\",\"publisher\":{\"@id\":\"https:\\\/\\\/www.kreativeraeumewien.at\\\/en\\\/#organization\"},\"potentialAction\":[{\"@type\":\"SearchAction\",\"target\":{\"@type\":\"EntryPoint\",\"urlTemplate\":\"https:\\\/\\\/www.kreativeraeumewien.at\\\/en\\\/?s={search_term_string}\"},\"query-input\":{\"@type\":\"PropertyValueSpecification\",\"valueRequired\":true,\"valueName\":\"search_term_string\"}}],\"inLanguage\":\"en-US\"},{\"@type\":\"Organization\",\"@id\":\"https:\\\/\\\/www.kreativeraeumewien.at\\\/en\\\/#organization\",\"name\":\"Kreative R\u00e4ume Wien\",\"url\":\"https:\\\/\\\/www.kreativeraeumewien.at\\\/en\\\/\",\"logo\":{\"@type\":\"ImageObject\",\"inLanguage\":\"en-US\",\"@id\":\"https:\\\/\\\/www.kreativeraeumewien.at\\\/en\\\/#\\\/schema\\\/logo\\\/image\\\/\",\"url\":\"https:\\\/\\\/www.kreativeraeumewien.at\\\/wp-content\\\/uploads\\\/2021\\\/12\\\/KRW-LOGO.png\",\"contentUrl\":\"https:\\\/\\\/www.kreativeraeumewien.at\\\/wp-content\\\/uploads\\\/2021\\\/12\\\/KRW-LOGO.png\",\"width\":567,\"height\":567,\"caption\":\"Kreative R\u00e4ume Wien\"},\"image\":{\"@id\":\"https:\\\/\\\/www.kreativeraeumewien.at\\\/en\\\/#\\\/schema\\\/logo\\\/image\\\/\"},\"sameAs\":[\"https:\\\/\\\/www.facebook.com\\\/kreativeraeumewien\",\"https:\\\/\\\/www.instagram.com\\\/kreativeraeume\",\"https:\\\/\\\/www.linkedin.com\\\/company\\\/71490261\\\/\"]},{\"@type\":\"Person\",\"@id\":\"https:\\\/\\\/www.kreativeraeumewien.at\\\/en\\\/#\\\/schema\\\/person\\\/35b1cedbc652eb88fa4b3285cbde2537\",\"name\":\"kreative\",\"image\":{\"@type\":\"ImageObject\",\"inLanguage\":\"en-US\",\"@id\":\"https:\\\/\\\/secure.gravatar.com\\\/avatar\\\/88784b22c5c172056132cc44a3194213a0f02167beb0a9b64ff49b84e648f072?s=96&d=mm&r=g\",\"url\":\"https:\\\/\\\/secure.gravatar.com\\\/avatar\\\/88784b22c5c172056132cc44a3194213a0f02167beb0a9b64ff49b84e648f072?s=96&d=mm&r=g\",\"contentUrl\":\"https:\\\/\\\/secure.gravatar.com\\\/avatar\\\/88784b22c5c172056132cc44a3194213a0f02167beb0a9b64ff49b84e648f072?s=96&d=mm&r=g\",\"caption\":\"kreative\"},\"url\":\"https:\\\/\\\/www.kreativeraeumewien.at\\\/en\\\/author\\\/admin\\\/\"}]}<\/script>\n<!-- \/ Yoast SEO plugin. -->","yoast_head_json":{"title":"Mit-Nutzer:innen gesucht: Kreativraum im 8. Bezirk - Kreative R\u00e4ume Wien","robots":{"index":"index","follow":"follow","max-snippet":"max-snippet:-1","max-image-preview":"max-image-preview:large","max-video-preview":"max-video-preview:-1"},"canonical":"https:\/\/www.kreativeraeumewien.at\/en\/news-en\/mit-nutzerinnen-gesucht\/","og_locale":"en_US","og_type":"article","og_title":"Mit-Nutzer:innen gesucht: Kreativraum im 8. Bezirk - Kreative R\u00e4ume Wien","og_description":"29.04.2026 Am innenstadtnahen Ende der Josefst\u00e4dter Stra\u00dfe wird eine Kellerfl\u00e4che mit rund 100 m2 zu einem hybriden Kreativraum ausgebaut. Die R\u00e4ume mit ihren hohen Decken bieten vielf\u00e4ltige Nutzungsm\u00f6glichkeiten. Denkbar sind Ateliers, eine offene Werkstatt, ein Ausstellungsraum, oder auch ein Tonstudio. Au\u00dferdem soll es einen Gemeinschaftsbereich geben. Der Eigent\u00fcmer selbst will eine Teilfl\u00e4che als Atelier bzw. [&hellip;]","og_url":"https:\/\/www.kreativeraeumewien.at\/en\/news-en\/mit-nutzerinnen-gesucht\/","og_site_name":"Kreative R\u00e4ume Wien","article_publisher":"https:\/\/www.facebook.com\/kreativeraeumewien","article_published_time":"2026-04-29T12:37:13+00:00","article_modified_time":"2026-04-29T12:42:03+00:00","og_image":[{"width":1200,"height":772,"url":"https:\/\/www.kreativeraeumewien.at\/wp-content\/uploads\/2026\/04\/keller_1080-1.png","type":"image\/png"}],"author":"kreative","twitter_card":"summary_large_image","twitter_misc":{"Written by":"kreative","Est. reading time":"1 minute"},"schema":{"@context":"https:\/\/schema.org","@graph":[{"@type":"Article","@id":"https:\/\/www.kreativeraeumewien.at\/en\/news-en\/mit-nutzerinnen-gesucht\/#article","isPartOf":{"@id":"https:\/\/www.kreativeraeumewien.at\/en\/news-en\/mit-nutzerinnen-gesucht\/"},"author":{"name":"kreative","@id":"https:\/\/www.kreativeraeumewien.at\/en\/#\/schema\/person\/35b1cedbc652eb88fa4b3285cbde2537"},"headline":"Mit-Nutzer:innen gesucht: Kreativraum im 8. Bezirk","datePublished":"2026-04-29T12:37:13+00:00","dateModified":"2026-04-29T12:42:03+00:00","mainEntityOfPage":{"@id":"https:\/\/www.kreativeraeumewien.at\/en\/news-en\/mit-nutzerinnen-gesucht\/"},"wordCount":133,"publisher":{"@id":"https:\/\/www.kreativeraeumewien.at\/en\/#organization"},"image":{"@id":"https:\/\/www.kreativeraeumewien.at\/en\/news-en\/mit-nutzerinnen-gesucht\/#primaryimage"},"thumbnailUrl":"https:\/\/www.kreativeraeumewien.at\/wp-content\/uploads\/2026\/04\/keller_1080-1.png","keywords":["raumsuche"],"articleSection":["News"],"inLanguage":"en-US"},{"@type":"WebPage","@id":"https:\/\/www.kreativeraeumewien.at\/en\/news-en\/mit-nutzerinnen-gesucht\/","url":"https:\/\/www.kreativeraeumewien.at\/en\/news-en\/mit-nutzerinnen-gesucht\/","name":"Mit-Nutzer:innen gesucht: Kreativraum im 8. Bezirk - Kreative R\u00e4ume Wien","isPartOf":{"@id":"https:\/\/www.kreativeraeumewien.at\/en\/#website"},"primaryImageOfPage":{"@id":"https:\/\/www.kreativeraeumewien.at\/en\/news-en\/mit-nutzerinnen-gesucht\/#primaryimage"},"image":{"@id":"https:\/\/www.kreativeraeumewien.at\/en\/news-en\/mit-nutzerinnen-gesucht\/#primaryimage"},"thumbnailUrl":"https:\/\/www.kreativeraeumewien.at\/wp-content\/uploads\/2026\/04\/keller_1080-1.png","datePublished":"2026-04-29T12:37:13+00:00","dateModified":"2026-04-29T12:42:03+00:00","breadcrumb":{"@id":"https:\/\/www.kreativeraeumewien.at\/en\/news-en\/mit-nutzerinnen-gesucht\/#breadcrumb"},"inLanguage":"en-US","potentialAction":[{"@type":"ReadAction","target":["https:\/\/www.kreativeraeumewien.at\/en\/news-en\/mit-nutzerinnen-gesucht\/"]}]},{"@type":"ImageObject","inLanguage":"en-US","@id":"https:\/\/www.kreativeraeumewien.at\/en\/news-en\/mit-nutzerinnen-gesucht\/#primaryimage","url":"https:\/\/www.kreativeraeumewien.at\/wp-content\/uploads\/2026\/04\/keller_1080-1.png","contentUrl":"https:\/\/www.kreativeraeumewien.at\/wp-content\/uploads\/2026\/04\/keller_1080-1.png","width":1200,"height":772,"caption":"Noch ist hier Baustelle. Der Hauptraum ist zug\u00e4nglich \u00fcber den Innenhof."},{"@type":"BreadcrumbList","@id":"https:\/\/www.kreativeraeumewien.at\/en\/news-en\/mit-nutzerinnen-gesucht\/#breadcrumb","itemListElement":[{"@type":"ListItem","position":1,"name":"Startseite","item":"https:\/\/www.kreativeraeumewien.at\/en\/"},{"@type":"ListItem","position":2,"name":"Mit-Nutzer:innen gesucht: Kreativraum im 8. Bezirk"}]},{"@type":"WebSite","@id":"https:\/\/www.kreativeraeumewien.at\/en\/#website","url":"https:\/\/www.kreativeraeumewien.at\/en\/","name":"Kreative R\u00e4ume Wien","description":"Service fu\u0308r Leerstandsaktivierung und Zwischennutzung f\u00fcr die Stadt Wien","publisher":{"@id":"https:\/\/www.kreativeraeumewien.at\/en\/#organization"},"potentialAction":[{"@type":"SearchAction","target":{"@type":"EntryPoint","urlTemplate":"https:\/\/www.kreativeraeumewien.at\/en\/?s={search_term_string}"},"query-input":{"@type":"PropertyValueSpecification","valueRequired":true,"valueName":"search_term_string"}}],"inLanguage":"en-US"},{"@type":"Organization","@id":"https:\/\/www.kreativeraeumewien.at\/en\/#organization","name":"Kreative R\u00e4ume Wien","url":"https:\/\/www.kreativeraeumewien.at\/en\/","logo":{"@type":"ImageObject","inLanguage":"en-US","@id":"https:\/\/www.kreativeraeumewien.at\/en\/#\/schema\/logo\/image\/","url":"https:\/\/www.kreativeraeumewien.at\/wp-content\/uploads\/2021\/12\/KRW-LOGO.png","contentUrl":"https:\/\/www.kreativeraeumewien.at\/wp-content\/uploads\/2021\/12\/KRW-LOGO.png","width":567,"height":567,"caption":"Kreative R\u00e4ume Wien"},"image":{"@id":"https:\/\/www.kreativeraeumewien.at\/en\/#\/schema\/logo\/image\/"},"sameAs":["https:\/\/www.facebook.com\/kreativeraeumewien","https:\/\/www.instagram.com\/kreativeraeume","https:\/\/www.linkedin.com\/company\/71490261\/"]},{"@type":"Person","@id":"https:\/\/www.kreativeraeumewien.at\/en\/#\/schema\/person\/35b1cedbc652eb88fa4b3285cbde2537","name":"kreative","image":{"@type":"ImageObject","inLanguage":"en-US","@id":"https:\/\/secure.gravatar.com\/avatar\/88784b22c5c172056132cc44a3194213a0f02167beb0a9b64ff49b84e648f072?s=96&d=mm&r=g","url":"https:\/\/secure.gravatar.com\/avatar\/88784b22c5c172056132cc44a3194213a0f02167beb0a9b64ff49b84e648f072?s=96&d=mm&r=g","contentUrl":"https:\/\/secure.gravatar.com\/avatar\/88784b22c5c172056132cc44a3194213a0f02167beb0a9b64ff49b84e648f072?s=96&d=mm&r=g","caption":"kreative"},"url":"https:\/\/www.kreativeraeumewien.at\/en\/author\/admin\/"}]}},"_links":{"self":[{"href":"https:\/\/www.kreativeraeumewien.at\/en\/wp-json\/wp\/v2\/posts\/10600","targetHints":{"allow":["GET"]}}],"collection":[{"href":"https:\/\/www.kreativeraeumewien.at\/en\/wp-json\/wp\/v2\/posts"}],"about":[{"href":"https:\/\/www.kreativeraeumewien.at\/en\/wp-json\/wp\/v2\/types\/post"}],"author":[{"embeddable":true,"href":"https:\/\/www.kreativeraeumewien.at\/en\/wp-json\/wp\/v2\/users\/2"}],"replies":[{"embeddable":true,"href":"https:\/\/www.kreativeraeumewien.at\/en\/wp-json\/wp\/v2\/comments?post=10600"}],"version-history":[{"count":1,"href":"https:\/\/www.kreativeraeumewien.at\/en\/wp-json\/wp\/v2\/posts\/10600\/revisions"}],"predecessor-version":[{"id":10601,"href":"https:\/\/www.kreativeraeumewien.at\/en\/wp-json\/wp\/v2\/posts\/10600\/revisions\/10601"}],"wp:featuredmedia":[{"embeddable":true,"href":"https:\/\/www.kreativeraeumewien.at\/en\/wp-json\/wp\/v2\/media\/10567"}],"wp:attachment":[{"href":"https:\/\/www.kreativeraeumewien.at\/en\/wp-json\/wp\/v2\/media?parent=10600"}],"wp:term":[{"taxonomy":"category","embeddable":true,"href":"https:\/\/www.kreativeraeumewien.at\/en\/wp-json\/wp\/v2\/categories?post=10600"},{"taxonomy":"post_tag","embeddable":true,"href":"https:\/\/www.kreativeraeumewien.at\/en\/wp-json\/wp\/v2\/tags?post=10600"}],"curies":[{"name":"wp","href":"https:\/\/api.w.org\/{rel}","templated":true}]}}