{"id":1655,"date":"2020-06-02T17:00:09","date_gmt":"2020-06-02T15:00:09","guid":{"rendered":"https:\/\/www.kreativeraeumewien.at\/graetzloase-am-krw-buero\/"},"modified":"2021-11-23T13:51:47","modified_gmt":"2021-11-23T12:51:47","slug":"graetzloase-am-krw-buero","status":"publish","type":"post","link":"https:\/\/www.kreativeraeumewien.at\/en\/news-en\/graetzloase-am-krw-buero\/","title":{"rendered":"Gr\u00e4tzloase am KRW B\u00fcro"},"content":{"rendered":"\n<p><strong>Wie schon lange geplant, konnten wir nach einiger Verz\u00f6gerung im Zuge der Covid-19 Krise nun endlich eine Gr\u00e4tzloase vor unserem B\u00fcro in der Kochgasse errichten. Erm\u00f6glicht wurde dies durch die <\/strong><a href=\"https:\/\/www.graetzloase.at\/\" target=\"_blank\" rel=\"noopener noreferrer\"><span style=\"color: #0000ff;\">Lokale Agenda 21<\/span><\/a>.<strong> Tatkr\u00e4ftig unterst\u00fctzt wurden wir beim Bau von unserem Holzprofi <\/strong><a href=\"https:\/\/www.facebook.com\/Holzbrillen\/\" target=\"_blank\" rel=\"noopener noreferrer\"><span style=\"color: #0000ff;\">Dominik Schwarz<\/span><\/a>.<\/p>\n<p>Unter seiner Regie entstand eine tolle Konstruktion aus L\u00e4rchenholz mit gro\u00dfz\u00fcgigen Sitzm\u00f6glichkeiten samt Tisch, mit offenem B\u00fccherschrank, schwarzem Brett und umlaufenden Blumenk\u00e4sten. Demn\u00e4chst wird auch noch eine Fahrradpumpe integriert, die <a href=\"http:\/\/www.mistelbiker.at\/\" target=\"_blank\" rel=\"noopener noreferrer\"><span style=\"color: #0000ff;\">Mistelbiker<\/span><\/a> dankenswerterweise zur Verf\u00fcgung stellt. Auf einer Fl\u00e4che, die sonst gerade einmal zwei geparkten Autos Platz bietet, entsteht so ein neuer Treffpunkt f\u00fcr die Nachbarschaft.<\/p>\n<p>Im Schatten der angrenzenden Linde, fast wie an Deck eines kleinen Schiffes, entfaltet sich eine geradezu ideale Szenerie f\u00fcr kleine Auszeiten, sei es zum gem\u00fctlichen Plausch zwischen Nachbar:innen oder zur Verschnaufpause beim Spaziergang, sei es zur Mittagspause oder zum Feierabendbier. Manchmal wird hier aber nat\u00fcrlich auch hart gearbeitet, wenn die Kreativen R\u00e4ume ihre K\u00f6pfe beim Teammeeting zusammenstecken. So bietet diese urbane Oase ganz im Sinne der lokalen Agenda Raum zur Erholung und Kommunikation.<\/p>\n<p>Und das klappt bislang auch richtig gut! So viel wie momentan haben wir uns noch nie mit der Nachbar:innenschaft ausgetauscht. Passant:innen bleiben stehen und sitzen Probe, Nachbar:innen erkundigen sich und bringen B\u00fccher, G\u00e4ste aus der Kr\u00e4uterdrogerie kommen zum Essen her\u00fcber und machen es sich gem\u00fctlich. Und bei derlei Gelegenheiten entspinnen sich nat\u00fcrlich mannigfaltige Gespr\u00e4che.<\/p>\n<p>Kurzum: Wir sind richtig stolz auf unseren neuen kleinen Garten und freuen uns auf Besuch!<\/p>\n<p>Photo: KRW<\/p>\n<p>\u00a0<\/p>\n<p>\u00a0<\/p>\n<p><img loading=\"lazy\" decoding=\"async\" class=\"alignnone size-full wp-image-1197\" src=\"https:\/\/www.kreativeraeumewien.at\/wp-content\/uploads\/2020\/06\/GO-Logo-mittel.jpg\" alt=\"\" width=\"236\" height=\"236\" srcset=\"https:\/\/www.kreativeraeumewien.at\/wp-content\/uploads\/2020\/06\/GO-Logo-mittel.jpg 236w, https:\/\/www.kreativeraeumewien.at\/wp-content\/uploads\/2020\/06\/GO-Logo-mittel-150x150.jpg 150w\" sizes=\"auto, (max-width: 236px) 100vw, 236px\" \/><\/p>\n<p><a href=\"https:\/\/www.graetzloase.at\/\" target=\"_blank\" rel=\"noopener noreferrer\"><span style=\"text-decoration: underline;\">Erm\u00f6glicht mit Unterst\u00fctzung der Lokalen Agenda 21<\/span><\/a><\/p>\n<p>\u00a0<\/p>\n","protected":false},"excerpt":{"rendered":"<p>Wie schon lange geplant, konnten wir nach einiger Verz\u00f6gerung im Zuge der Covid-19 Krise nun endlich eine Gr\u00e4tzloase vor unserem B\u00fcro in der Kochgasse errichten. Erm\u00f6glicht wurde dies durch die Lokale Agenda 21. Tatkr\u00e4ftig unterst\u00fctzt wurden wir beim Bau von unserem Holzprofi Dominik Schwarz. Unter seiner Regie entstand eine tolle Konstruktion aus L\u00e4rchenholz mit gro\u00dfz\u00fcgigen [&hellip;]<\/p>\n","protected":false},"author":2,"featured_media":1656,"comment_status":"open","ping_status":"open","sticky":false,"template":"","format":"standard","meta":{"_acf_changed":false,"_eb_attr":"","footnotes":""},"categories":[82],"tags":[90,89,91],"class_list":["post-1655","post","type-post","status-publish","format-standard","has-post-thumbnail","hentry","category-news-en","tag-graetzloase-en","tag-krw-en","tag-lokale-agenda-21-en"],"acf":[],"yoast_head":"<!-- This site is optimized with the Yoast SEO plugin v27.3 - https:\/\/yoast.com\/product\/yoast-seo-wordpress\/ -->\n<title>Gr\u00e4tzloase am KRW B\u00fcro - Kreative R\u00e4ume Wien<\/title>\n<meta name=\"robots\" content=\"index, follow, max-snippet:-1, max-image-preview:large, max-video-preview:-1\" \/>\n<link rel=\"canonical\" href=\"https:\/\/www.kreativeraeumewien.at\/en\/news-en\/graetzloase-am-krw-buero\/\" \/>\n<meta property=\"og:locale\" content=\"en_US\" \/>\n<meta property=\"og:type\" content=\"article\" \/>\n<meta property=\"og:title\" content=\"Gr\u00e4tzloase am KRW B\u00fcro - Kreative R\u00e4ume Wien\" \/>\n<meta property=\"og:description\" content=\"Wie schon lange geplant, konnten wir nach einiger Verz\u00f6gerung im Zuge der Covid-19 Krise nun endlich eine Gr\u00e4tzloase vor unserem B\u00fcro in der Kochgasse errichten. Erm\u00f6glicht wurde dies durch die Lokale Agenda 21. Tatkr\u00e4ftig unterst\u00fctzt wurden wir beim Bau von unserem Holzprofi Dominik Schwarz. Unter seiner Regie entstand eine tolle Konstruktion aus L\u00e4rchenholz mit gro\u00dfz\u00fcgigen [&hellip;]\" \/>\n<meta property=\"og:url\" content=\"https:\/\/www.kreativeraeumewien.at\/en\/news-en\/graetzloase-am-krw-buero\/\" \/>\n<meta property=\"og:site_name\" content=\"Kreative R\u00e4ume Wien\" \/>\n<meta property=\"article:publisher\" content=\"https:\/\/www.facebook.com\/kreativeraeumewien\" \/>\n<meta property=\"article:published_time\" content=\"2020-06-02T15:00:09+00:00\" \/>\n<meta property=\"article:modified_time\" content=\"2021-11-23T12:51:47+00:00\" \/>\n<meta property=\"og:image\" content=\"https:\/\/www.kreativeraeumewien.at\/wp-content\/uploads\/2020\/06\/fertig-1.jpg\" \/>\n\t<meta property=\"og:image:width\" content=\"911\" \/>\n\t<meta property=\"og:image:height\" content=\"683\" \/>\n\t<meta property=\"og:image:type\" content=\"image\/jpeg\" \/>\n<meta name=\"author\" content=\"kreative\" \/>\n<meta name=\"twitter:card\" content=\"summary_large_image\" \/>\n<meta name=\"twitter:label1\" content=\"Written by\" \/>\n\t<meta name=\"twitter:data1\" content=\"kreative\" \/>\n\t<meta name=\"twitter:label2\" content=\"Est. reading time\" \/>\n\t<meta name=\"twitter:data2\" content=\"1 minute\" \/>\n<script type=\"application\/ld+json\" class=\"yoast-schema-graph\">{\"@context\":\"https:\\\/\\\/schema.org\",\"@graph\":[{\"@type\":\"Article\",\"@id\":\"https:\\\/\\\/www.kreativeraeumewien.at\\\/en\\\/news-en\\\/graetzloase-am-krw-buero\\\/#article\",\"isPartOf\":{\"@id\":\"https:\\\/\\\/www.kreativeraeumewien.at\\\/en\\\/news-en\\\/graetzloase-am-krw-buero\\\/\"},\"author\":{\"name\":\"kreative\",\"@id\":\"https:\\\/\\\/www.kreativeraeumewien.at\\\/en\\\/#\\\/schema\\\/person\\\/35b1cedbc652eb88fa4b3285cbde2537\"},\"headline\":\"Gr\u00e4tzloase am KRW B\u00fcro\",\"datePublished\":\"2020-06-02T15:00:09+00:00\",\"dateModified\":\"2021-11-23T12:51:47+00:00\",\"mainEntityOfPage\":{\"@id\":\"https:\\\/\\\/www.kreativeraeumewien.at\\\/en\\\/news-en\\\/graetzloase-am-krw-buero\\\/\"},\"wordCount\":288,\"commentCount\":0,\"publisher\":{\"@id\":\"https:\\\/\\\/www.kreativeraeumewien.at\\\/en\\\/#organization\"},\"image\":{\"@id\":\"https:\\\/\\\/www.kreativeraeumewien.at\\\/en\\\/news-en\\\/graetzloase-am-krw-buero\\\/#primaryimage\"},\"thumbnailUrl\":\"https:\\\/\\\/www.kreativeraeumewien.at\\\/wp-content\\\/uploads\\\/2020\\\/06\\\/fertig-1.jpg\",\"keywords\":[\"Gr\u00e4tzloase\",\"KRW\",\"Lokale Agenda 21\"],\"articleSection\":[\"News\"],\"inLanguage\":\"en-US\",\"potentialAction\":[{\"@type\":\"CommentAction\",\"name\":\"Comment\",\"target\":[\"https:\\\/\\\/www.kreativeraeumewien.at\\\/en\\\/news-en\\\/graetzloase-am-krw-buero\\\/#respond\"]}]},{\"@type\":\"WebPage\",\"@id\":\"https:\\\/\\\/www.kreativeraeumewien.at\\\/en\\\/news-en\\\/graetzloase-am-krw-buero\\\/\",\"url\":\"https:\\\/\\\/www.kreativeraeumewien.at\\\/en\\\/news-en\\\/graetzloase-am-krw-buero\\\/\",\"name\":\"Gr\u00e4tzloase am KRW B\u00fcro - Kreative R\u00e4ume Wien\",\"isPartOf\":{\"@id\":\"https:\\\/\\\/www.kreativeraeumewien.at\\\/en\\\/#website\"},\"primaryImageOfPage\":{\"@id\":\"https:\\\/\\\/www.kreativeraeumewien.at\\\/en\\\/news-en\\\/graetzloase-am-krw-buero\\\/#primaryimage\"},\"image\":{\"@id\":\"https:\\\/\\\/www.kreativeraeumewien.at\\\/en\\\/news-en\\\/graetzloase-am-krw-buero\\\/#primaryimage\"},\"thumbnailUrl\":\"https:\\\/\\\/www.kreativeraeumewien.at\\\/wp-content\\\/uploads\\\/2020\\\/06\\\/fertig-1.jpg\",\"datePublished\":\"2020-06-02T15:00:09+00:00\",\"dateModified\":\"2021-11-23T12:51:47+00:00\",\"breadcrumb\":{\"@id\":\"https:\\\/\\\/www.kreativeraeumewien.at\\\/en\\\/news-en\\\/graetzloase-am-krw-buero\\\/#breadcrumb\"},\"inLanguage\":\"en-US\",\"potentialAction\":[{\"@type\":\"ReadAction\",\"target\":[\"https:\\\/\\\/www.kreativeraeumewien.at\\\/en\\\/news-en\\\/graetzloase-am-krw-buero\\\/\"]}]},{\"@type\":\"ImageObject\",\"inLanguage\":\"en-US\",\"@id\":\"https:\\\/\\\/www.kreativeraeumewien.at\\\/en\\\/news-en\\\/graetzloase-am-krw-buero\\\/#primaryimage\",\"url\":\"https:\\\/\\\/www.kreativeraeumewien.at\\\/wp-content\\\/uploads\\\/2020\\\/06\\\/fertig-1.jpg\",\"contentUrl\":\"https:\\\/\\\/www.kreativeraeumewien.at\\\/wp-content\\\/uploads\\\/2020\\\/06\\\/fertig-1.jpg\",\"width\":911,\"height\":683},{\"@type\":\"BreadcrumbList\",\"@id\":\"https:\\\/\\\/www.kreativeraeumewien.at\\\/en\\\/news-en\\\/graetzloase-am-krw-buero\\\/#breadcrumb\",\"itemListElement\":[{\"@type\":\"ListItem\",\"position\":1,\"name\":\"Startseite\",\"item\":\"https:\\\/\\\/www.kreativeraeumewien.at\\\/en\\\/\"},{\"@type\":\"ListItem\",\"position\":2,\"name\":\"Gr\u00e4tzloase am KRW B\u00fcro\"}]},{\"@type\":\"WebSite\",\"@id\":\"https:\\\/\\\/www.kreativeraeumewien.at\\\/en\\\/#website\",\"url\":\"https:\\\/\\\/www.kreativeraeumewien.at\\\/en\\\/\",\"name\":\"Kreative R\u00e4ume Wien\",\"description\":\"Service fu\u0308r Leerstandsaktivierung und Zwischennutzung f\u00fcr die Stadt Wien\",\"publisher\":{\"@id\":\"https:\\\/\\\/www.kreativeraeumewien.at\\\/en\\\/#organization\"},\"potentialAction\":[{\"@type\":\"SearchAction\",\"target\":{\"@type\":\"EntryPoint\",\"urlTemplate\":\"https:\\\/\\\/www.kreativeraeumewien.at\\\/en\\\/?s={search_term_string}\"},\"query-input\":{\"@type\":\"PropertyValueSpecification\",\"valueRequired\":true,\"valueName\":\"search_term_string\"}}],\"inLanguage\":\"en-US\"},{\"@type\":\"Organization\",\"@id\":\"https:\\\/\\\/www.kreativeraeumewien.at\\\/en\\\/#organization\",\"name\":\"Kreative R\u00e4ume Wien\",\"url\":\"https:\\\/\\\/www.kreativeraeumewien.at\\\/en\\\/\",\"logo\":{\"@type\":\"ImageObject\",\"inLanguage\":\"en-US\",\"@id\":\"https:\\\/\\\/www.kreativeraeumewien.at\\\/en\\\/#\\\/schema\\\/logo\\\/image\\\/\",\"url\":\"https:\\\/\\\/www.kreativeraeumewien.at\\\/wp-content\\\/uploads\\\/2021\\\/12\\\/KRW-LOGO.png\",\"contentUrl\":\"https:\\\/\\\/www.kreativeraeumewien.at\\\/wp-content\\\/uploads\\\/2021\\\/12\\\/KRW-LOGO.png\",\"width\":567,\"height\":567,\"caption\":\"Kreative R\u00e4ume Wien\"},\"image\":{\"@id\":\"https:\\\/\\\/www.kreativeraeumewien.at\\\/en\\\/#\\\/schema\\\/logo\\\/image\\\/\"},\"sameAs\":[\"https:\\\/\\\/www.facebook.com\\\/kreativeraeumewien\",\"https:\\\/\\\/www.instagram.com\\\/kreativeraeume\",\"https:\\\/\\\/www.linkedin.com\\\/company\\\/71490261\\\/\"]},{\"@type\":\"Person\",\"@id\":\"https:\\\/\\\/www.kreativeraeumewien.at\\\/en\\\/#\\\/schema\\\/person\\\/35b1cedbc652eb88fa4b3285cbde2537\",\"name\":\"kreative\",\"image\":{\"@type\":\"ImageObject\",\"inLanguage\":\"en-US\",\"@id\":\"https:\\\/\\\/secure.gravatar.com\\\/avatar\\\/88784b22c5c172056132cc44a3194213a0f02167beb0a9b64ff49b84e648f072?s=96&d=mm&r=g\",\"url\":\"https:\\\/\\\/secure.gravatar.com\\\/avatar\\\/88784b22c5c172056132cc44a3194213a0f02167beb0a9b64ff49b84e648f072?s=96&d=mm&r=g\",\"contentUrl\":\"https:\\\/\\\/secure.gravatar.com\\\/avatar\\\/88784b22c5c172056132cc44a3194213a0f02167beb0a9b64ff49b84e648f072?s=96&d=mm&r=g\",\"caption\":\"kreative\"},\"url\":\"https:\\\/\\\/www.kreativeraeumewien.at\\\/en\\\/author\\\/admin\\\/\"}]}<\/script>\n<!-- \/ Yoast SEO plugin. -->","yoast_head_json":{"title":"Gr\u00e4tzloase am KRW B\u00fcro - Kreative R\u00e4ume Wien","robots":{"index":"index","follow":"follow","max-snippet":"max-snippet:-1","max-image-preview":"max-image-preview:large","max-video-preview":"max-video-preview:-1"},"canonical":"https:\/\/www.kreativeraeumewien.at\/en\/news-en\/graetzloase-am-krw-buero\/","og_locale":"en_US","og_type":"article","og_title":"Gr\u00e4tzloase am KRW B\u00fcro - Kreative R\u00e4ume Wien","og_description":"Wie schon lange geplant, konnten wir nach einiger Verz\u00f6gerung im Zuge der Covid-19 Krise nun endlich eine Gr\u00e4tzloase vor unserem B\u00fcro in der Kochgasse errichten. Erm\u00f6glicht wurde dies durch die Lokale Agenda 21. Tatkr\u00e4ftig unterst\u00fctzt wurden wir beim Bau von unserem Holzprofi Dominik Schwarz. Unter seiner Regie entstand eine tolle Konstruktion aus L\u00e4rchenholz mit gro\u00dfz\u00fcgigen [&hellip;]","og_url":"https:\/\/www.kreativeraeumewien.at\/en\/news-en\/graetzloase-am-krw-buero\/","og_site_name":"Kreative R\u00e4ume Wien","article_publisher":"https:\/\/www.facebook.com\/kreativeraeumewien","article_published_time":"2020-06-02T15:00:09+00:00","article_modified_time":"2021-11-23T12:51:47+00:00","og_image":[{"width":911,"height":683,"url":"https:\/\/www.kreativeraeumewien.at\/wp-content\/uploads\/2020\/06\/fertig-1.jpg","type":"image\/jpeg"}],"author":"kreative","twitter_card":"summary_large_image","twitter_misc":{"Written by":"kreative","Est. reading time":"1 minute"},"schema":{"@context":"https:\/\/schema.org","@graph":[{"@type":"Article","@id":"https:\/\/www.kreativeraeumewien.at\/en\/news-en\/graetzloase-am-krw-buero\/#article","isPartOf":{"@id":"https:\/\/www.kreativeraeumewien.at\/en\/news-en\/graetzloase-am-krw-buero\/"},"author":{"name":"kreative","@id":"https:\/\/www.kreativeraeumewien.at\/en\/#\/schema\/person\/35b1cedbc652eb88fa4b3285cbde2537"},"headline":"Gr\u00e4tzloase am KRW B\u00fcro","datePublished":"2020-06-02T15:00:09+00:00","dateModified":"2021-11-23T12:51:47+00:00","mainEntityOfPage":{"@id":"https:\/\/www.kreativeraeumewien.at\/en\/news-en\/graetzloase-am-krw-buero\/"},"wordCount":288,"commentCount":0,"publisher":{"@id":"https:\/\/www.kreativeraeumewien.at\/en\/#organization"},"image":{"@id":"https:\/\/www.kreativeraeumewien.at\/en\/news-en\/graetzloase-am-krw-buero\/#primaryimage"},"thumbnailUrl":"https:\/\/www.kreativeraeumewien.at\/wp-content\/uploads\/2020\/06\/fertig-1.jpg","keywords":["Gr\u00e4tzloase","KRW","Lokale Agenda 21"],"articleSection":["News"],"inLanguage":"en-US","potentialAction":[{"@type":"CommentAction","name":"Comment","target":["https:\/\/www.kreativeraeumewien.at\/en\/news-en\/graetzloase-am-krw-buero\/#respond"]}]},{"@type":"WebPage","@id":"https:\/\/www.kreativeraeumewien.at\/en\/news-en\/graetzloase-am-krw-buero\/","url":"https:\/\/www.kreativeraeumewien.at\/en\/news-en\/graetzloase-am-krw-buero\/","name":"Gr\u00e4tzloase am KRW B\u00fcro - Kreative R\u00e4ume Wien","isPartOf":{"@id":"https:\/\/www.kreativeraeumewien.at\/en\/#website"},"primaryImageOfPage":{"@id":"https:\/\/www.kreativeraeumewien.at\/en\/news-en\/graetzloase-am-krw-buero\/#primaryimage"},"image":{"@id":"https:\/\/www.kreativeraeumewien.at\/en\/news-en\/graetzloase-am-krw-buero\/#primaryimage"},"thumbnailUrl":"https:\/\/www.kreativeraeumewien.at\/wp-content\/uploads\/2020\/06\/fertig-1.jpg","datePublished":"2020-06-02T15:00:09+00:00","dateModified":"2021-11-23T12:51:47+00:00","breadcrumb":{"@id":"https:\/\/www.kreativeraeumewien.at\/en\/news-en\/graetzloase-am-krw-buero\/#breadcrumb"},"inLanguage":"en-US","potentialAction":[{"@type":"ReadAction","target":["https:\/\/www.kreativeraeumewien.at\/en\/news-en\/graetzloase-am-krw-buero\/"]}]},{"@type":"ImageObject","inLanguage":"en-US","@id":"https:\/\/www.kreativeraeumewien.at\/en\/news-en\/graetzloase-am-krw-buero\/#primaryimage","url":"https:\/\/www.kreativeraeumewien.at\/wp-content\/uploads\/2020\/06\/fertig-1.jpg","contentUrl":"https:\/\/www.kreativeraeumewien.at\/wp-content\/uploads\/2020\/06\/fertig-1.jpg","width":911,"height":683},{"@type":"BreadcrumbList","@id":"https:\/\/www.kreativeraeumewien.at\/en\/news-en\/graetzloase-am-krw-buero\/#breadcrumb","itemListElement":[{"@type":"ListItem","position":1,"name":"Startseite","item":"https:\/\/www.kreativeraeumewien.at\/en\/"},{"@type":"ListItem","position":2,"name":"Gr\u00e4tzloase am KRW B\u00fcro"}]},{"@type":"WebSite","@id":"https:\/\/www.kreativeraeumewien.at\/en\/#website","url":"https:\/\/www.kreativeraeumewien.at\/en\/","name":"Kreative R\u00e4ume Wien","description":"Service fu\u0308r Leerstandsaktivierung und Zwischennutzung f\u00fcr die Stadt Wien","publisher":{"@id":"https:\/\/www.kreativeraeumewien.at\/en\/#organization"},"potentialAction":[{"@type":"SearchAction","target":{"@type":"EntryPoint","urlTemplate":"https:\/\/www.kreativeraeumewien.at\/en\/?s={search_term_string}"},"query-input":{"@type":"PropertyValueSpecification","valueRequired":true,"valueName":"search_term_string"}}],"inLanguage":"en-US"},{"@type":"Organization","@id":"https:\/\/www.kreativeraeumewien.at\/en\/#organization","name":"Kreative R\u00e4ume Wien","url":"https:\/\/www.kreativeraeumewien.at\/en\/","logo":{"@type":"ImageObject","inLanguage":"en-US","@id":"https:\/\/www.kreativeraeumewien.at\/en\/#\/schema\/logo\/image\/","url":"https:\/\/www.kreativeraeumewien.at\/wp-content\/uploads\/2021\/12\/KRW-LOGO.png","contentUrl":"https:\/\/www.kreativeraeumewien.at\/wp-content\/uploads\/2021\/12\/KRW-LOGO.png","width":567,"height":567,"caption":"Kreative R\u00e4ume Wien"},"image":{"@id":"https:\/\/www.kreativeraeumewien.at\/en\/#\/schema\/logo\/image\/"},"sameAs":["https:\/\/www.facebook.com\/kreativeraeumewien","https:\/\/www.instagram.com\/kreativeraeume","https:\/\/www.linkedin.com\/company\/71490261\/"]},{"@type":"Person","@id":"https:\/\/www.kreativeraeumewien.at\/en\/#\/schema\/person\/35b1cedbc652eb88fa4b3285cbde2537","name":"kreative","image":{"@type":"ImageObject","inLanguage":"en-US","@id":"https:\/\/secure.gravatar.com\/avatar\/88784b22c5c172056132cc44a3194213a0f02167beb0a9b64ff49b84e648f072?s=96&d=mm&r=g","url":"https:\/\/secure.gravatar.com\/avatar\/88784b22c5c172056132cc44a3194213a0f02167beb0a9b64ff49b84e648f072?s=96&d=mm&r=g","contentUrl":"https:\/\/secure.gravatar.com\/avatar\/88784b22c5c172056132cc44a3194213a0f02167beb0a9b64ff49b84e648f072?s=96&d=mm&r=g","caption":"kreative"},"url":"https:\/\/www.kreativeraeumewien.at\/en\/author\/admin\/"}]}},"_links":{"self":[{"href":"https:\/\/www.kreativeraeumewien.at\/en\/wp-json\/wp\/v2\/posts\/1655","targetHints":{"allow":["GET"]}}],"collection":[{"href":"https:\/\/www.kreativeraeumewien.at\/en\/wp-json\/wp\/v2\/posts"}],"about":[{"href":"https:\/\/www.kreativeraeumewien.at\/en\/wp-json\/wp\/v2\/types\/post"}],"author":[{"embeddable":true,"href":"https:\/\/www.kreativeraeumewien.at\/en\/wp-json\/wp\/v2\/users\/2"}],"replies":[{"embeddable":true,"href":"https:\/\/www.kreativeraeumewien.at\/en\/wp-json\/wp\/v2\/comments?post=1655"}],"version-history":[{"count":0,"href":"https:\/\/www.kreativeraeumewien.at\/en\/wp-json\/wp\/v2\/posts\/1655\/revisions"}],"wp:featuredmedia":[{"embeddable":true,"href":"https:\/\/www.kreativeraeumewien.at\/en\/wp-json\/wp\/v2\/media\/1656"}],"wp:attachment":[{"href":"https:\/\/www.kreativeraeumewien.at\/en\/wp-json\/wp\/v2\/media?parent=1655"}],"wp:term":[{"taxonomy":"category","embeddable":true,"href":"https:\/\/www.kreativeraeumewien.at\/en\/wp-json\/wp\/v2\/categories?post=1655"},{"taxonomy":"post_tag","embeddable":true,"href":"https:\/\/www.kreativeraeumewien.at\/en\/wp-json\/wp\/v2\/tags?post=1655"}],"curies":[{"name":"wp","href":"https:\/\/api.w.org\/{rel}","templated":true}]}}