{"id":1657,"date":"2020-05-28T13:05:51","date_gmt":"2020-05-28T11:05:51","guid":{"rendered":"https:\/\/www.kreativeraeumewien.at\/erweiterung-creative-cluster-margareten\/"},"modified":"2021-11-23T13:49:37","modified_gmt":"2021-11-23T12:49:37","slug":"erweiterung-creative-cluster-margareten","status":"publish","type":"post","link":"https:\/\/www.kreativeraeumewien.at\/en\/news-en\/erweiterung-creative-cluster-margareten\/","title":{"rendered":"Erweiterung: Creative Cluster Margareten (August 2020)"},"content":{"rendered":"\n<p><strong>Raumsuchende aufgepasst! Es ist so weit: Mit Anfang August expandiert der Creative Cluster am Standort Margareten um einen weiteren Geb\u00e4udeteil. An zwei Terminen im Juni gibt es daher f\u00fcr Interessierte die M\u00f6glichkeit, die R\u00e4umlichkeiten zu besichtigen.<\/strong><\/p>\n<p>Seit August letzten Jahres ist es Karim El Seroui und seinem Team gelungen, den <a href=\"https:\/\/www.kreativeraeumewien.at\/projekte\/creative-cluster-margareten\/\" target=\"_blank\" rel=\"noopener noreferrer\"><span style=\"color: #0000ff;\">Creative Cluster <\/span><\/a>erfolgreich als Kreativbrutst\u00e4tte in einem ehemaligen Schulgeb\u00e4ude in Margareten zu etablieren. Zahlreiche spannende Projekte an der Schnittstelle von Kunst, Kultur und Kreativwirtschaft finden hier einen Raum zum Arbeiten. Dar\u00fcber hinaus leistet der Cluster mit Ausstellungen und anderen kreativen Veranstaltungsformaten einen Beitrag zur kulturellen Vielfalt im Bezirk.<\/p>\n<p>Da nun mit Ende des Schuljahres der Geb\u00e4udeteil zur Castelligasse hin frei wird, bietet sich jetzt wie erhofft die Chance, das Projekt zu erweitern. Auch hier wird am bew\u00e4hrten Konzept festgehalten, als kuratierte Kreativbrutst\u00e4tte und Kunstinkubator, als Kommunikationsplattform und Werkst\u00e4tte f\u00fcr Kreativschaffende interdisziplin\u00e4re k\u00fcnstlerische Praxis zu f\u00f6rdern und so Synergieeffekte zu bieten. Nutzungsbeginn ist der 01. August 2020, die angebotene Nutzungsdauer liegt vorerst zwischen sechs Monaten und zwei Jahren.<\/p>\n<p>Die Begehungen f\u00fcr interessierte Raumsuchende finden am 06. und am 20. Juni statt. Bewerber:innen werden darum gebeten im Vorfeld das Bewerbungsformular auszuf\u00fcllen und an den Cluster zu \u00fcbermitteln. <strong>Nur Bewerbungen mit ausgef\u00fclltem Formular an office@creacluster.at werden ber\u00fccksichtigt<\/strong>. Dar\u00fcber hinaus ist es erforderlich, sich f\u00fcr einen der angebotenen Zeitslots anzumelden. Au\u00dferdem gilt nat\u00fcrlich angesichts der aktuellen Situation die Abstandsregelung und Maskenpflicht.<\/p>\n<p>Weitere Informationen und die erforderlichen Unterlagen finden sich unter: <span style=\"color: #0000ff;\"><a style=\"color: #0000ff;\" href=\"https:\/\/www.creacluster.at\/opencall\" target=\"_blank\" rel=\"noopener noreferrer\"><span style=\"color: #0000ff;\">Begehungstermine Creative Cluster<\/span><\/a><\/span><\/p>\n<p>\u00a0<\/p>\n<p>Besichtigungstermin 01:\u00a0 \u00a0 \u00a0 \u00a0 \u00a0 \u00a0 Sa 06. Juni 2020 11:00 &amp; 12:15 &amp; 13:30 Uhr<\/p>\n<p>Besichtigungstermin 02:\u00a0 \u00a0 \u00a0 \u00a0 \u00a0 \u00a0 Sa 20. Juni 2020 11:00 &amp; 12:15 Uhr<\/p>\n<p>Treffpunkt:\u00a0CREATIVE CLUSTER \/\u00a0Viktor Christ &#8211; Gasse 10 \u00a0\/\u00a01050 Wien<\/p>\n<p>\u00a0<\/p>\n<p>Die Kuratierung bzw. das Auswahlverfahren ist voraussichtlich bis Ende Juni 2020 abgeschlossen.<\/p>\n","protected":false},"excerpt":{"rendered":"<p>Raumsuchende aufgepasst! Es ist so weit: Mit Anfang August expandiert der Creative Cluster am Standort Margareten um einen weiteren Geb\u00e4udeteil. An zwei Terminen im Juni gibt es daher f\u00fcr Interessierte die M\u00f6glichkeit, die R\u00e4umlichkeiten zu besichtigen. Seit August letzten Jahres ist es Karim El Seroui und seinem Team gelungen, den Creative Cluster erfolgreich als Kreativbrutst\u00e4tte [&hellip;]<\/p>\n","protected":false},"author":2,"featured_media":1658,"comment_status":"open","ping_status":"open","sticky":false,"template":"","format":"standard","meta":{"_acf_changed":false,"_eb_attr":"","footnotes":""},"categories":[82],"tags":[92,83,93],"class_list":["post-1657","post","type-post","status-publish","format-standard","has-post-thumbnail","hentry","category-news-en","tag-besichtigungstermine-en","tag-creative-cluster-margareten-en","tag-open-call-en"],"acf":[],"yoast_head":"<!-- This site is optimized with the Yoast SEO plugin v27.3 - https:\/\/yoast.com\/product\/yoast-seo-wordpress\/ -->\n<title>Erweiterung: Creative Cluster Margareten (August 2020) - Kreative R\u00e4ume Wien<\/title>\n<meta name=\"robots\" content=\"index, follow, max-snippet:-1, max-image-preview:large, max-video-preview:-1\" \/>\n<link rel=\"canonical\" href=\"https:\/\/www.kreativeraeumewien.at\/en\/news-en\/erweiterung-creative-cluster-margareten\/\" \/>\n<meta property=\"og:locale\" content=\"en_US\" \/>\n<meta property=\"og:type\" content=\"article\" \/>\n<meta property=\"og:title\" content=\"Erweiterung: Creative Cluster Margareten (August 2020) - Kreative R\u00e4ume Wien\" \/>\n<meta property=\"og:description\" content=\"Raumsuchende aufgepasst! Es ist so weit: Mit Anfang August expandiert der Creative Cluster am Standort Margareten um einen weiteren Geb\u00e4udeteil. An zwei Terminen im Juni gibt es daher f\u00fcr Interessierte die M\u00f6glichkeit, die R\u00e4umlichkeiten zu besichtigen. Seit August letzten Jahres ist es Karim El Seroui und seinem Team gelungen, den Creative Cluster erfolgreich als Kreativbrutst\u00e4tte [&hellip;]\" \/>\n<meta property=\"og:url\" content=\"https:\/\/www.kreativeraeumewien.at\/en\/news-en\/erweiterung-creative-cluster-margareten\/\" \/>\n<meta property=\"og:site_name\" content=\"Kreative R\u00e4ume Wien\" \/>\n<meta property=\"article:publisher\" content=\"https:\/\/www.facebook.com\/kreativeraeumewien\" \/>\n<meta property=\"article:published_time\" content=\"2020-05-28T11:05:51+00:00\" \/>\n<meta property=\"article:modified_time\" content=\"2021-11-23T12:49:37+00:00\" \/>\n<meta property=\"og:image\" content=\"https:\/\/www.kreativeraeumewien.at\/wp-content\/uploads\/2020\/05\/Aussenansicht-CC-1050-Stefan-Brenner-mit-Credentials-968x1024.jpg\" \/>\n\t<meta property=\"og:image:width\" content=\"968\" \/>\n\t<meta property=\"og:image:height\" content=\"1024\" \/>\n\t<meta property=\"og:image:type\" content=\"image\/jpeg\" \/>\n<meta name=\"author\" content=\"kreative\" \/>\n<meta name=\"twitter:card\" content=\"summary_large_image\" \/>\n<meta name=\"twitter:label1\" content=\"Written by\" \/>\n\t<meta name=\"twitter:data1\" content=\"kreative\" \/>\n\t<meta name=\"twitter:label2\" content=\"Est. reading time\" \/>\n\t<meta name=\"twitter:data2\" content=\"1 minute\" \/>\n<script type=\"application\/ld+json\" class=\"yoast-schema-graph\">{\"@context\":\"https:\\\/\\\/schema.org\",\"@graph\":[{\"@type\":\"Article\",\"@id\":\"https:\\\/\\\/www.kreativeraeumewien.at\\\/en\\\/news-en\\\/erweiterung-creative-cluster-margareten\\\/#article\",\"isPartOf\":{\"@id\":\"https:\\\/\\\/www.kreativeraeumewien.at\\\/en\\\/news-en\\\/erweiterung-creative-cluster-margareten\\\/\"},\"author\":{\"name\":\"kreative\",\"@id\":\"https:\\\/\\\/www.kreativeraeumewien.at\\\/en\\\/#\\\/schema\\\/person\\\/35b1cedbc652eb88fa4b3285cbde2537\"},\"headline\":\"Erweiterung: Creative Cluster Margareten (August 2020)\",\"datePublished\":\"2020-05-28T11:05:51+00:00\",\"dateModified\":\"2021-11-23T12:49:37+00:00\",\"mainEntityOfPage\":{\"@id\":\"https:\\\/\\\/www.kreativeraeumewien.at\\\/en\\\/news-en\\\/erweiterung-creative-cluster-margareten\\\/\"},\"wordCount\":296,\"commentCount\":0,\"publisher\":{\"@id\":\"https:\\\/\\\/www.kreativeraeumewien.at\\\/en\\\/#organization\"},\"image\":{\"@id\":\"https:\\\/\\\/www.kreativeraeumewien.at\\\/en\\\/news-en\\\/erweiterung-creative-cluster-margareten\\\/#primaryimage\"},\"thumbnailUrl\":\"https:\\\/\\\/www.kreativeraeumewien.at\\\/wp-content\\\/uploads\\\/2020\\\/05\\\/Aussenansicht-CC-1050-Stefan-Brenner-mit-Credentials.jpg\",\"keywords\":[\"Besichtigungstermine\",\"Creative Cluster Margareten\",\"Open Call\"],\"articleSection\":[\"News\"],\"inLanguage\":\"en-US\",\"potentialAction\":[{\"@type\":\"CommentAction\",\"name\":\"Comment\",\"target\":[\"https:\\\/\\\/www.kreativeraeumewien.at\\\/en\\\/news-en\\\/erweiterung-creative-cluster-margareten\\\/#respond\"]}]},{\"@type\":\"WebPage\",\"@id\":\"https:\\\/\\\/www.kreativeraeumewien.at\\\/en\\\/news-en\\\/erweiterung-creative-cluster-margareten\\\/\",\"url\":\"https:\\\/\\\/www.kreativeraeumewien.at\\\/en\\\/news-en\\\/erweiterung-creative-cluster-margareten\\\/\",\"name\":\"Erweiterung: Creative Cluster Margareten (August 2020) - Kreative R\u00e4ume Wien\",\"isPartOf\":{\"@id\":\"https:\\\/\\\/www.kreativeraeumewien.at\\\/en\\\/#website\"},\"primaryImageOfPage\":{\"@id\":\"https:\\\/\\\/www.kreativeraeumewien.at\\\/en\\\/news-en\\\/erweiterung-creative-cluster-margareten\\\/#primaryimage\"},\"image\":{\"@id\":\"https:\\\/\\\/www.kreativeraeumewien.at\\\/en\\\/news-en\\\/erweiterung-creative-cluster-margareten\\\/#primaryimage\"},\"thumbnailUrl\":\"https:\\\/\\\/www.kreativeraeumewien.at\\\/wp-content\\\/uploads\\\/2020\\\/05\\\/Aussenansicht-CC-1050-Stefan-Brenner-mit-Credentials.jpg\",\"datePublished\":\"2020-05-28T11:05:51+00:00\",\"dateModified\":\"2021-11-23T12:49:37+00:00\",\"breadcrumb\":{\"@id\":\"https:\\\/\\\/www.kreativeraeumewien.at\\\/en\\\/news-en\\\/erweiterung-creative-cluster-margareten\\\/#breadcrumb\"},\"inLanguage\":\"en-US\",\"potentialAction\":[{\"@type\":\"ReadAction\",\"target\":[\"https:\\\/\\\/www.kreativeraeumewien.at\\\/en\\\/news-en\\\/erweiterung-creative-cluster-margareten\\\/\"]}]},{\"@type\":\"ImageObject\",\"inLanguage\":\"en-US\",\"@id\":\"https:\\\/\\\/www.kreativeraeumewien.at\\\/en\\\/news-en\\\/erweiterung-creative-cluster-margareten\\\/#primaryimage\",\"url\":\"https:\\\/\\\/www.kreativeraeumewien.at\\\/wp-content\\\/uploads\\\/2020\\\/05\\\/Aussenansicht-CC-1050-Stefan-Brenner-mit-Credentials.jpg\",\"contentUrl\":\"https:\\\/\\\/www.kreativeraeumewien.at\\\/wp-content\\\/uploads\\\/2020\\\/05\\\/Aussenansicht-CC-1050-Stefan-Brenner-mit-Credentials.jpg\",\"width\":2363,\"height\":2500},{\"@type\":\"BreadcrumbList\",\"@id\":\"https:\\\/\\\/www.kreativeraeumewien.at\\\/en\\\/news-en\\\/erweiterung-creative-cluster-margareten\\\/#breadcrumb\",\"itemListElement\":[{\"@type\":\"ListItem\",\"position\":1,\"name\":\"Startseite\",\"item\":\"https:\\\/\\\/www.kreativeraeumewien.at\\\/en\\\/\"},{\"@type\":\"ListItem\",\"position\":2,\"name\":\"Erweiterung: Creative Cluster Margareten (August 2020)\"}]},{\"@type\":\"WebSite\",\"@id\":\"https:\\\/\\\/www.kreativeraeumewien.at\\\/en\\\/#website\",\"url\":\"https:\\\/\\\/www.kreativeraeumewien.at\\\/en\\\/\",\"name\":\"Kreative R\u00e4ume Wien\",\"description\":\"Service fu\u0308r Leerstandsaktivierung und Zwischennutzung f\u00fcr die Stadt Wien\",\"publisher\":{\"@id\":\"https:\\\/\\\/www.kreativeraeumewien.at\\\/en\\\/#organization\"},\"potentialAction\":[{\"@type\":\"SearchAction\",\"target\":{\"@type\":\"EntryPoint\",\"urlTemplate\":\"https:\\\/\\\/www.kreativeraeumewien.at\\\/en\\\/?s={search_term_string}\"},\"query-input\":{\"@type\":\"PropertyValueSpecification\",\"valueRequired\":true,\"valueName\":\"search_term_string\"}}],\"inLanguage\":\"en-US\"},{\"@type\":\"Organization\",\"@id\":\"https:\\\/\\\/www.kreativeraeumewien.at\\\/en\\\/#organization\",\"name\":\"Kreative R\u00e4ume Wien\",\"url\":\"https:\\\/\\\/www.kreativeraeumewien.at\\\/en\\\/\",\"logo\":{\"@type\":\"ImageObject\",\"inLanguage\":\"en-US\",\"@id\":\"https:\\\/\\\/www.kreativeraeumewien.at\\\/en\\\/#\\\/schema\\\/logo\\\/image\\\/\",\"url\":\"https:\\\/\\\/www.kreativeraeumewien.at\\\/wp-content\\\/uploads\\\/2021\\\/12\\\/KRW-LOGO.png\",\"contentUrl\":\"https:\\\/\\\/www.kreativeraeumewien.at\\\/wp-content\\\/uploads\\\/2021\\\/12\\\/KRW-LOGO.png\",\"width\":567,\"height\":567,\"caption\":\"Kreative R\u00e4ume Wien\"},\"image\":{\"@id\":\"https:\\\/\\\/www.kreativeraeumewien.at\\\/en\\\/#\\\/schema\\\/logo\\\/image\\\/\"},\"sameAs\":[\"https:\\\/\\\/www.facebook.com\\\/kreativeraeumewien\",\"https:\\\/\\\/www.instagram.com\\\/kreativeraeume\",\"https:\\\/\\\/www.linkedin.com\\\/company\\\/71490261\\\/\"]},{\"@type\":\"Person\",\"@id\":\"https:\\\/\\\/www.kreativeraeumewien.at\\\/en\\\/#\\\/schema\\\/person\\\/35b1cedbc652eb88fa4b3285cbde2537\",\"name\":\"kreative\",\"image\":{\"@type\":\"ImageObject\",\"inLanguage\":\"en-US\",\"@id\":\"https:\\\/\\\/secure.gravatar.com\\\/avatar\\\/88784b22c5c172056132cc44a3194213a0f02167beb0a9b64ff49b84e648f072?s=96&d=mm&r=g\",\"url\":\"https:\\\/\\\/secure.gravatar.com\\\/avatar\\\/88784b22c5c172056132cc44a3194213a0f02167beb0a9b64ff49b84e648f072?s=96&d=mm&r=g\",\"contentUrl\":\"https:\\\/\\\/secure.gravatar.com\\\/avatar\\\/88784b22c5c172056132cc44a3194213a0f02167beb0a9b64ff49b84e648f072?s=96&d=mm&r=g\",\"caption\":\"kreative\"},\"url\":\"https:\\\/\\\/www.kreativeraeumewien.at\\\/en\\\/author\\\/admin\\\/\"}]}<\/script>\n<!-- \/ Yoast SEO plugin. -->","yoast_head_json":{"title":"Erweiterung: Creative Cluster Margareten (August 2020) - Kreative R\u00e4ume Wien","robots":{"index":"index","follow":"follow","max-snippet":"max-snippet:-1","max-image-preview":"max-image-preview:large","max-video-preview":"max-video-preview:-1"},"canonical":"https:\/\/www.kreativeraeumewien.at\/en\/news-en\/erweiterung-creative-cluster-margareten\/","og_locale":"en_US","og_type":"article","og_title":"Erweiterung: Creative Cluster Margareten (August 2020) - Kreative R\u00e4ume Wien","og_description":"Raumsuchende aufgepasst! Es ist so weit: Mit Anfang August expandiert der Creative Cluster am Standort Margareten um einen weiteren Geb\u00e4udeteil. An zwei Terminen im Juni gibt es daher f\u00fcr Interessierte die M\u00f6glichkeit, die R\u00e4umlichkeiten zu besichtigen. Seit August letzten Jahres ist es Karim El Seroui und seinem Team gelungen, den Creative Cluster erfolgreich als Kreativbrutst\u00e4tte [&hellip;]","og_url":"https:\/\/www.kreativeraeumewien.at\/en\/news-en\/erweiterung-creative-cluster-margareten\/","og_site_name":"Kreative R\u00e4ume Wien","article_publisher":"https:\/\/www.facebook.com\/kreativeraeumewien","article_published_time":"2020-05-28T11:05:51+00:00","article_modified_time":"2021-11-23T12:49:37+00:00","og_image":[{"width":968,"height":1024,"url":"https:\/\/www.kreativeraeumewien.at\/wp-content\/uploads\/2020\/05\/Aussenansicht-CC-1050-Stefan-Brenner-mit-Credentials-968x1024.jpg","type":"image\/jpeg"}],"author":"kreative","twitter_card":"summary_large_image","twitter_misc":{"Written by":"kreative","Est. reading time":"1 minute"},"schema":{"@context":"https:\/\/schema.org","@graph":[{"@type":"Article","@id":"https:\/\/www.kreativeraeumewien.at\/en\/news-en\/erweiterung-creative-cluster-margareten\/#article","isPartOf":{"@id":"https:\/\/www.kreativeraeumewien.at\/en\/news-en\/erweiterung-creative-cluster-margareten\/"},"author":{"name":"kreative","@id":"https:\/\/www.kreativeraeumewien.at\/en\/#\/schema\/person\/35b1cedbc652eb88fa4b3285cbde2537"},"headline":"Erweiterung: Creative Cluster Margareten (August 2020)","datePublished":"2020-05-28T11:05:51+00:00","dateModified":"2021-11-23T12:49:37+00:00","mainEntityOfPage":{"@id":"https:\/\/www.kreativeraeumewien.at\/en\/news-en\/erweiterung-creative-cluster-margareten\/"},"wordCount":296,"commentCount":0,"publisher":{"@id":"https:\/\/www.kreativeraeumewien.at\/en\/#organization"},"image":{"@id":"https:\/\/www.kreativeraeumewien.at\/en\/news-en\/erweiterung-creative-cluster-margareten\/#primaryimage"},"thumbnailUrl":"https:\/\/www.kreativeraeumewien.at\/wp-content\/uploads\/2020\/05\/Aussenansicht-CC-1050-Stefan-Brenner-mit-Credentials.jpg","keywords":["Besichtigungstermine","Creative Cluster Margareten","Open Call"],"articleSection":["News"],"inLanguage":"en-US","potentialAction":[{"@type":"CommentAction","name":"Comment","target":["https:\/\/www.kreativeraeumewien.at\/en\/news-en\/erweiterung-creative-cluster-margareten\/#respond"]}]},{"@type":"WebPage","@id":"https:\/\/www.kreativeraeumewien.at\/en\/news-en\/erweiterung-creative-cluster-margareten\/","url":"https:\/\/www.kreativeraeumewien.at\/en\/news-en\/erweiterung-creative-cluster-margareten\/","name":"Erweiterung: Creative Cluster Margareten (August 2020) - Kreative R\u00e4ume Wien","isPartOf":{"@id":"https:\/\/www.kreativeraeumewien.at\/en\/#website"},"primaryImageOfPage":{"@id":"https:\/\/www.kreativeraeumewien.at\/en\/news-en\/erweiterung-creative-cluster-margareten\/#primaryimage"},"image":{"@id":"https:\/\/www.kreativeraeumewien.at\/en\/news-en\/erweiterung-creative-cluster-margareten\/#primaryimage"},"thumbnailUrl":"https:\/\/www.kreativeraeumewien.at\/wp-content\/uploads\/2020\/05\/Aussenansicht-CC-1050-Stefan-Brenner-mit-Credentials.jpg","datePublished":"2020-05-28T11:05:51+00:00","dateModified":"2021-11-23T12:49:37+00:00","breadcrumb":{"@id":"https:\/\/www.kreativeraeumewien.at\/en\/news-en\/erweiterung-creative-cluster-margareten\/#breadcrumb"},"inLanguage":"en-US","potentialAction":[{"@type":"ReadAction","target":["https:\/\/www.kreativeraeumewien.at\/en\/news-en\/erweiterung-creative-cluster-margareten\/"]}]},{"@type":"ImageObject","inLanguage":"en-US","@id":"https:\/\/www.kreativeraeumewien.at\/en\/news-en\/erweiterung-creative-cluster-margareten\/#primaryimage","url":"https:\/\/www.kreativeraeumewien.at\/wp-content\/uploads\/2020\/05\/Aussenansicht-CC-1050-Stefan-Brenner-mit-Credentials.jpg","contentUrl":"https:\/\/www.kreativeraeumewien.at\/wp-content\/uploads\/2020\/05\/Aussenansicht-CC-1050-Stefan-Brenner-mit-Credentials.jpg","width":2363,"height":2500},{"@type":"BreadcrumbList","@id":"https:\/\/www.kreativeraeumewien.at\/en\/news-en\/erweiterung-creative-cluster-margareten\/#breadcrumb","itemListElement":[{"@type":"ListItem","position":1,"name":"Startseite","item":"https:\/\/www.kreativeraeumewien.at\/en\/"},{"@type":"ListItem","position":2,"name":"Erweiterung: Creative Cluster Margareten (August 2020)"}]},{"@type":"WebSite","@id":"https:\/\/www.kreativeraeumewien.at\/en\/#website","url":"https:\/\/www.kreativeraeumewien.at\/en\/","name":"Kreative R\u00e4ume Wien","description":"Service fu\u0308r Leerstandsaktivierung und Zwischennutzung f\u00fcr die Stadt Wien","publisher":{"@id":"https:\/\/www.kreativeraeumewien.at\/en\/#organization"},"potentialAction":[{"@type":"SearchAction","target":{"@type":"EntryPoint","urlTemplate":"https:\/\/www.kreativeraeumewien.at\/en\/?s={search_term_string}"},"query-input":{"@type":"PropertyValueSpecification","valueRequired":true,"valueName":"search_term_string"}}],"inLanguage":"en-US"},{"@type":"Organization","@id":"https:\/\/www.kreativeraeumewien.at\/en\/#organization","name":"Kreative R\u00e4ume Wien","url":"https:\/\/www.kreativeraeumewien.at\/en\/","logo":{"@type":"ImageObject","inLanguage":"en-US","@id":"https:\/\/www.kreativeraeumewien.at\/en\/#\/schema\/logo\/image\/","url":"https:\/\/www.kreativeraeumewien.at\/wp-content\/uploads\/2021\/12\/KRW-LOGO.png","contentUrl":"https:\/\/www.kreativeraeumewien.at\/wp-content\/uploads\/2021\/12\/KRW-LOGO.png","width":567,"height":567,"caption":"Kreative R\u00e4ume Wien"},"image":{"@id":"https:\/\/www.kreativeraeumewien.at\/en\/#\/schema\/logo\/image\/"},"sameAs":["https:\/\/www.facebook.com\/kreativeraeumewien","https:\/\/www.instagram.com\/kreativeraeume","https:\/\/www.linkedin.com\/company\/71490261\/"]},{"@type":"Person","@id":"https:\/\/www.kreativeraeumewien.at\/en\/#\/schema\/person\/35b1cedbc652eb88fa4b3285cbde2537","name":"kreative","image":{"@type":"ImageObject","inLanguage":"en-US","@id":"https:\/\/secure.gravatar.com\/avatar\/88784b22c5c172056132cc44a3194213a0f02167beb0a9b64ff49b84e648f072?s=96&d=mm&r=g","url":"https:\/\/secure.gravatar.com\/avatar\/88784b22c5c172056132cc44a3194213a0f02167beb0a9b64ff49b84e648f072?s=96&d=mm&r=g","contentUrl":"https:\/\/secure.gravatar.com\/avatar\/88784b22c5c172056132cc44a3194213a0f02167beb0a9b64ff49b84e648f072?s=96&d=mm&r=g","caption":"kreative"},"url":"https:\/\/www.kreativeraeumewien.at\/en\/author\/admin\/"}]}},"_links":{"self":[{"href":"https:\/\/www.kreativeraeumewien.at\/en\/wp-json\/wp\/v2\/posts\/1657","targetHints":{"allow":["GET"]}}],"collection":[{"href":"https:\/\/www.kreativeraeumewien.at\/en\/wp-json\/wp\/v2\/posts"}],"about":[{"href":"https:\/\/www.kreativeraeumewien.at\/en\/wp-json\/wp\/v2\/types\/post"}],"author":[{"embeddable":true,"href":"https:\/\/www.kreativeraeumewien.at\/en\/wp-json\/wp\/v2\/users\/2"}],"replies":[{"embeddable":true,"href":"https:\/\/www.kreativeraeumewien.at\/en\/wp-json\/wp\/v2\/comments?post=1657"}],"version-history":[{"count":0,"href":"https:\/\/www.kreativeraeumewien.at\/en\/wp-json\/wp\/v2\/posts\/1657\/revisions"}],"wp:featuredmedia":[{"embeddable":true,"href":"https:\/\/www.kreativeraeumewien.at\/en\/wp-json\/wp\/v2\/media\/1658"}],"wp:attachment":[{"href":"https:\/\/www.kreativeraeumewien.at\/en\/wp-json\/wp\/v2\/media?parent=1657"}],"wp:term":[{"taxonomy":"category","embeddable":true,"href":"https:\/\/www.kreativeraeumewien.at\/en\/wp-json\/wp\/v2\/categories?post=1657"},{"taxonomy":"post_tag","embeddable":true,"href":"https:\/\/www.kreativeraeumewien.at\/en\/wp-json\/wp\/v2\/tags?post=1657"}],"curies":[{"name":"wp","href":"https:\/\/api.w.org\/{rel}","templated":true}]}}