{"id":1669,"date":"2020-02-13T15:47:47","date_gmt":"2020-02-13T14:47:47","guid":{"rendered":"https:\/\/www.kreativeraeumewien.at\/the-dessous\/"},"modified":"2021-12-01T22:55:13","modified_gmt":"2021-12-01T21:55:13","slug":"the-dessous","status":"publish","type":"post","link":"https:\/\/www.kreativeraeumewien.at\/en\/projects\/the-dessous\/","title":{"rendered":"The Dessous II (ausgezogen)"},"content":{"rendered":"\n<p style=\"text-align: right;\"><em>Feburar 2020<\/em><\/p>\n<p>Gerade um bildende Kunst umzusetzen, braucht es Raum und das am besten zu g\u00fcnstigen Konditionen. Schlie\u00dflich arbeiten viele K\u00fcnstler:innen in wirtschaftlich prek\u00e4ren Verh\u00e4ltnissen. Perfekte Bedingungen f\u00fcr ihr Schaffen findet eine Gruppe kreativer K\u00f6pfe rund um Anny Wass und Gert Resinger in der Anton-Scharff-Gasse in Wien Meidling. Zwar waren die R\u00e4umlichkeiten anfangs in keinem guten Zustand. Doch leistbaren Raum, um sich kreativ auszutoben, gibt es reichlich, und das ist letztlich das Entscheidende.<\/p>\n<p>Urspr\u00fcnglich f\u00fcr die Nutzung durch produzierendes Gewerbe errichtet und immer wieder erweitert, waren in dem Geb\u00e4ude bereits Anfang der 2000er Jahre Ateliers der Kunstschule Wien untergebracht. Nach dem Verkauf des Geb\u00e4udes stand dieses dann jedoch l\u00e4nger leer. 2017 ergab sich schlie\u00dflich die M\u00f6glichkeit, die R\u00e4umlichkeiten f\u00fcr eine kulturelle Zwischennutzung zu \u00f6ffnen.<\/p>\n<p>Die Kreativen R\u00e4ume Wien organisierten zusammen mit Liv Immobilien einen Besichtigungstermin f\u00fcr interessierte Raumsuchende. Letztlich erhielten die jetzigen Nutzer:innen den Zuschlag und \u00fcbernahmen zun\u00e4chst eine Teilfl\u00e4che im Erdgeschoss zur Nutzung als Atelier und Ausstellungsfl\u00e4che. In der Folgezeit aktivierten sie dann schrittweise weitere Geb\u00e4udeteile. Die notwendigen, teils aufwendigen Sanierungsarbeiten erfolgten dabei in Eigenregie.<\/p>\n<p>Inzwischen verk\u00f6rpert \u201aThe Dessous\u2019 den Idealtyp des kreativ genutzten Raums. Die Patina des langsamen Verfalls wird \u00fcberlagert von den Spuren einer DIY \u00c4sthetik wie sie nur k\u00fcnstlerische T\u00e4tigkeit hervorbringen kann. Farbspuren, \u00dcberbleibsel des kreativen Prozesses, Werkzeug, gelagerte Gem\u00e4lde, Kunstwerke \u2013 es gibt viel f\u00fcr das Auge zu entdecken. Hinzu kommen nat\u00fcrlich noch die Ausstellungen und Veranstaltungen. Gl\u00fccklicherweise konnte das Projekt bereits wiederholt verl\u00e4ngert werden. Doch mit Fr\u00fchling 2021 mussten die K\u00fcnstler:innen das Geb\u00e4ude endg\u00fcltig verlassen. Das Fazit: \u00dcber 300 ausgestellte K\u00fcnstler:innen und zahlreiche Ausstellungen in knapp drei einhalb Jahren.<\/p>\n<p><strong>Dessous ist umgezogen. <a href=\"https:\/\/www.kreativeraeumewien.at\/projekte\/dessous-geblergasse\/\"><span style=\"color: #0000ff;\">Mehr Informationen zum neuen Standort hier.\u00a0<\/span><\/a><\/strong><\/p>\n<p>Photos: KRW; The Dessous; Bernhard Dillner<\/p>\n","protected":false},"excerpt":{"rendered":"<p>Feburar 2020 Gerade um bildende Kunst umzusetzen, braucht es Raum und das am besten zu g\u00fcnstigen Konditionen. Schlie\u00dflich arbeiten viele K\u00fcnstler:innen in wirtschaftlich prek\u00e4ren Verh\u00e4ltnissen. Perfekte Bedingungen f\u00fcr ihr Schaffen findet eine Gruppe kreativer K\u00f6pfe rund um Anny Wass und Gert Resinger in der Anton-Scharff-Gasse in Wien Meidling. Zwar waren die R\u00e4umlichkeiten anfangs in keinem [&hellip;]<\/p>\n","protected":false},"author":2,"featured_media":1671,"comment_status":"open","ping_status":"open","sticky":false,"template":"projekt_detail.php","format":"standard","meta":{"_acf_changed":false,"_eb_attr":"","footnotes":""},"categories":[81],"tags":[89,104,105],"class_list":["post-1669","post","type-post","status-publish","format-standard","has-post-thumbnail","hentry","category-projects","tag-krw-en","tag-the-dessous-en","tag-zwischennutzung-en"],"acf":[],"yoast_head":"<!-- This site is optimized with the Yoast SEO plugin v27.3 - https:\/\/yoast.com\/product\/yoast-seo-wordpress\/ -->\n<title>The Dessous II (ausgezogen) - Kreative R\u00e4ume Wien<\/title>\n<meta name=\"robots\" content=\"index, follow, max-snippet:-1, max-image-preview:large, max-video-preview:-1\" \/>\n<link rel=\"canonical\" href=\"https:\/\/www.kreativeraeumewien.at\/en\/projects\/the-dessous\/\" \/>\n<meta property=\"og:locale\" content=\"en_US\" \/>\n<meta property=\"og:type\" content=\"article\" \/>\n<meta property=\"og:title\" content=\"The Dessous II (ausgezogen) - Kreative R\u00e4ume Wien\" \/>\n<meta property=\"og:description\" content=\"Feburar 2020 Gerade um bildende Kunst umzusetzen, braucht es Raum und das am besten zu g\u00fcnstigen Konditionen. Schlie\u00dflich arbeiten viele K\u00fcnstler:innen in wirtschaftlich prek\u00e4ren Verh\u00e4ltnissen. Perfekte Bedingungen f\u00fcr ihr Schaffen findet eine Gruppe kreativer K\u00f6pfe rund um Anny Wass und Gert Resinger in der Anton-Scharff-Gasse in Wien Meidling. Zwar waren die R\u00e4umlichkeiten anfangs in keinem [&hellip;]\" \/>\n<meta property=\"og:url\" content=\"https:\/\/www.kreativeraeumewien.at\/en\/projects\/the-dessous\/\" \/>\n<meta property=\"og:site_name\" content=\"Kreative R\u00e4ume Wien\" \/>\n<meta property=\"article:publisher\" content=\"https:\/\/www.facebook.com\/kreativeraeumewien\" \/>\n<meta property=\"article:published_time\" content=\"2020-02-13T14:47:47+00:00\" \/>\n<meta property=\"article:modified_time\" content=\"2021-12-01T21:55:13+00:00\" \/>\n<meta property=\"og:image\" content=\"https:\/\/www.kreativeraeumewien.at\/wp-content\/uploads\/2020\/02\/Titel.jpg\" \/>\n\t<meta property=\"og:image:width\" content=\"1025\" \/>\n\t<meta property=\"og:image:height\" content=\"683\" \/>\n\t<meta property=\"og:image:type\" content=\"image\/jpeg\" \/>\n<meta name=\"author\" content=\"kreative\" \/>\n<meta name=\"twitter:card\" content=\"summary_large_image\" \/>\n<meta name=\"twitter:label1\" content=\"Written by\" \/>\n\t<meta name=\"twitter:data1\" content=\"kreative\" \/>\n\t<meta name=\"twitter:label2\" content=\"Est. reading time\" \/>\n\t<meta name=\"twitter:data2\" content=\"2 minutes\" \/>\n<script type=\"application\/ld+json\" class=\"yoast-schema-graph\">{\"@context\":\"https:\\\/\\\/schema.org\",\"@graph\":[{\"@type\":\"Article\",\"@id\":\"https:\\\/\\\/www.kreativeraeumewien.at\\\/en\\\/projects\\\/the-dessous\\\/#article\",\"isPartOf\":{\"@id\":\"https:\\\/\\\/www.kreativeraeumewien.at\\\/en\\\/projects\\\/the-dessous\\\/\"},\"author\":{\"name\":\"kreative\",\"@id\":\"https:\\\/\\\/www.kreativeraeumewien.at\\\/en\\\/#\\\/schema\\\/person\\\/35b1cedbc652eb88fa4b3285cbde2537\"},\"headline\":\"The Dessous II (ausgezogen)\",\"datePublished\":\"2020-02-13T14:47:47+00:00\",\"dateModified\":\"2021-12-01T21:55:13+00:00\",\"mainEntityOfPage\":{\"@id\":\"https:\\\/\\\/www.kreativeraeumewien.at\\\/en\\\/projects\\\/the-dessous\\\/\"},\"wordCount\":319,\"commentCount\":0,\"publisher\":{\"@id\":\"https:\\\/\\\/www.kreativeraeumewien.at\\\/en\\\/#organization\"},\"image\":{\"@id\":\"https:\\\/\\\/www.kreativeraeumewien.at\\\/en\\\/projects\\\/the-dessous\\\/#primaryimage\"},\"thumbnailUrl\":\"https:\\\/\\\/www.kreativeraeumewien.at\\\/wp-content\\\/uploads\\\/2020\\\/02\\\/Titel.jpg\",\"keywords\":[\"KRW\",\"The Dessous\",\"Zwischennutzung\"],\"articleSection\":[\"Projects\"],\"inLanguage\":\"en-US\",\"potentialAction\":[{\"@type\":\"CommentAction\",\"name\":\"Comment\",\"target\":[\"https:\\\/\\\/www.kreativeraeumewien.at\\\/en\\\/projects\\\/the-dessous\\\/#respond\"]}]},{\"@type\":\"WebPage\",\"@id\":\"https:\\\/\\\/www.kreativeraeumewien.at\\\/en\\\/projects\\\/the-dessous\\\/\",\"url\":\"https:\\\/\\\/www.kreativeraeumewien.at\\\/en\\\/projects\\\/the-dessous\\\/\",\"name\":\"The Dessous II (ausgezogen) - Kreative R\u00e4ume Wien\",\"isPartOf\":{\"@id\":\"https:\\\/\\\/www.kreativeraeumewien.at\\\/en\\\/#website\"},\"primaryImageOfPage\":{\"@id\":\"https:\\\/\\\/www.kreativeraeumewien.at\\\/en\\\/projects\\\/the-dessous\\\/#primaryimage\"},\"image\":{\"@id\":\"https:\\\/\\\/www.kreativeraeumewien.at\\\/en\\\/projects\\\/the-dessous\\\/#primaryimage\"},\"thumbnailUrl\":\"https:\\\/\\\/www.kreativeraeumewien.at\\\/wp-content\\\/uploads\\\/2020\\\/02\\\/Titel.jpg\",\"datePublished\":\"2020-02-13T14:47:47+00:00\",\"dateModified\":\"2021-12-01T21:55:13+00:00\",\"breadcrumb\":{\"@id\":\"https:\\\/\\\/www.kreativeraeumewien.at\\\/en\\\/projects\\\/the-dessous\\\/#breadcrumb\"},\"inLanguage\":\"en-US\",\"potentialAction\":[{\"@type\":\"ReadAction\",\"target\":[\"https:\\\/\\\/www.kreativeraeumewien.at\\\/en\\\/projects\\\/the-dessous\\\/\"]}]},{\"@type\":\"ImageObject\",\"inLanguage\":\"en-US\",\"@id\":\"https:\\\/\\\/www.kreativeraeumewien.at\\\/en\\\/projects\\\/the-dessous\\\/#primaryimage\",\"url\":\"https:\\\/\\\/www.kreativeraeumewien.at\\\/wp-content\\\/uploads\\\/2020\\\/02\\\/Titel.jpg\",\"contentUrl\":\"https:\\\/\\\/www.kreativeraeumewien.at\\\/wp-content\\\/uploads\\\/2020\\\/02\\\/Titel.jpg\",\"width\":1025,\"height\":683},{\"@type\":\"BreadcrumbList\",\"@id\":\"https:\\\/\\\/www.kreativeraeumewien.at\\\/en\\\/projects\\\/the-dessous\\\/#breadcrumb\",\"itemListElement\":[{\"@type\":\"ListItem\",\"position\":1,\"name\":\"Startseite\",\"item\":\"https:\\\/\\\/www.kreativeraeumewien.at\\\/en\\\/\"},{\"@type\":\"ListItem\",\"position\":2,\"name\":\"The Dessous II (ausgezogen)\"}]},{\"@type\":\"WebSite\",\"@id\":\"https:\\\/\\\/www.kreativeraeumewien.at\\\/en\\\/#website\",\"url\":\"https:\\\/\\\/www.kreativeraeumewien.at\\\/en\\\/\",\"name\":\"Kreative R\u00e4ume Wien\",\"description\":\"Service fu\u0308r Leerstandsaktivierung und Zwischennutzung f\u00fcr die Stadt Wien\",\"publisher\":{\"@id\":\"https:\\\/\\\/www.kreativeraeumewien.at\\\/en\\\/#organization\"},\"potentialAction\":[{\"@type\":\"SearchAction\",\"target\":{\"@type\":\"EntryPoint\",\"urlTemplate\":\"https:\\\/\\\/www.kreativeraeumewien.at\\\/en\\\/?s={search_term_string}\"},\"query-input\":{\"@type\":\"PropertyValueSpecification\",\"valueRequired\":true,\"valueName\":\"search_term_string\"}}],\"inLanguage\":\"en-US\"},{\"@type\":\"Organization\",\"@id\":\"https:\\\/\\\/www.kreativeraeumewien.at\\\/en\\\/#organization\",\"name\":\"Kreative R\u00e4ume Wien\",\"url\":\"https:\\\/\\\/www.kreativeraeumewien.at\\\/en\\\/\",\"logo\":{\"@type\":\"ImageObject\",\"inLanguage\":\"en-US\",\"@id\":\"https:\\\/\\\/www.kreativeraeumewien.at\\\/en\\\/#\\\/schema\\\/logo\\\/image\\\/\",\"url\":\"https:\\\/\\\/www.kreativeraeumewien.at\\\/wp-content\\\/uploads\\\/2021\\\/12\\\/KRW-LOGO.png\",\"contentUrl\":\"https:\\\/\\\/www.kreativeraeumewien.at\\\/wp-content\\\/uploads\\\/2021\\\/12\\\/KRW-LOGO.png\",\"width\":567,\"height\":567,\"caption\":\"Kreative R\u00e4ume Wien\"},\"image\":{\"@id\":\"https:\\\/\\\/www.kreativeraeumewien.at\\\/en\\\/#\\\/schema\\\/logo\\\/image\\\/\"},\"sameAs\":[\"https:\\\/\\\/www.facebook.com\\\/kreativeraeumewien\",\"https:\\\/\\\/www.instagram.com\\\/kreativeraeume\",\"https:\\\/\\\/www.linkedin.com\\\/company\\\/71490261\\\/\"]},{\"@type\":\"Person\",\"@id\":\"https:\\\/\\\/www.kreativeraeumewien.at\\\/en\\\/#\\\/schema\\\/person\\\/35b1cedbc652eb88fa4b3285cbde2537\",\"name\":\"kreative\",\"image\":{\"@type\":\"ImageObject\",\"inLanguage\":\"en-US\",\"@id\":\"https:\\\/\\\/secure.gravatar.com\\\/avatar\\\/88784b22c5c172056132cc44a3194213a0f02167beb0a9b64ff49b84e648f072?s=96&d=mm&r=g\",\"url\":\"https:\\\/\\\/secure.gravatar.com\\\/avatar\\\/88784b22c5c172056132cc44a3194213a0f02167beb0a9b64ff49b84e648f072?s=96&d=mm&r=g\",\"contentUrl\":\"https:\\\/\\\/secure.gravatar.com\\\/avatar\\\/88784b22c5c172056132cc44a3194213a0f02167beb0a9b64ff49b84e648f072?s=96&d=mm&r=g\",\"caption\":\"kreative\"},\"url\":\"https:\\\/\\\/www.kreativeraeumewien.at\\\/en\\\/author\\\/admin\\\/\"}]}<\/script>\n<!-- \/ Yoast SEO plugin. -->","yoast_head_json":{"title":"The Dessous II (ausgezogen) - Kreative R\u00e4ume Wien","robots":{"index":"index","follow":"follow","max-snippet":"max-snippet:-1","max-image-preview":"max-image-preview:large","max-video-preview":"max-video-preview:-1"},"canonical":"https:\/\/www.kreativeraeumewien.at\/en\/projects\/the-dessous\/","og_locale":"en_US","og_type":"article","og_title":"The Dessous II (ausgezogen) - Kreative R\u00e4ume Wien","og_description":"Feburar 2020 Gerade um bildende Kunst umzusetzen, braucht es Raum und das am besten zu g\u00fcnstigen Konditionen. Schlie\u00dflich arbeiten viele K\u00fcnstler:innen in wirtschaftlich prek\u00e4ren Verh\u00e4ltnissen. Perfekte Bedingungen f\u00fcr ihr Schaffen findet eine Gruppe kreativer K\u00f6pfe rund um Anny Wass und Gert Resinger in der Anton-Scharff-Gasse in Wien Meidling. Zwar waren die R\u00e4umlichkeiten anfangs in keinem [&hellip;]","og_url":"https:\/\/www.kreativeraeumewien.at\/en\/projects\/the-dessous\/","og_site_name":"Kreative R\u00e4ume Wien","article_publisher":"https:\/\/www.facebook.com\/kreativeraeumewien","article_published_time":"2020-02-13T14:47:47+00:00","article_modified_time":"2021-12-01T21:55:13+00:00","og_image":[{"width":1025,"height":683,"url":"https:\/\/www.kreativeraeumewien.at\/wp-content\/uploads\/2020\/02\/Titel.jpg","type":"image\/jpeg"}],"author":"kreative","twitter_card":"summary_large_image","twitter_misc":{"Written by":"kreative","Est. reading time":"2 minutes"},"schema":{"@context":"https:\/\/schema.org","@graph":[{"@type":"Article","@id":"https:\/\/www.kreativeraeumewien.at\/en\/projects\/the-dessous\/#article","isPartOf":{"@id":"https:\/\/www.kreativeraeumewien.at\/en\/projects\/the-dessous\/"},"author":{"name":"kreative","@id":"https:\/\/www.kreativeraeumewien.at\/en\/#\/schema\/person\/35b1cedbc652eb88fa4b3285cbde2537"},"headline":"The Dessous II (ausgezogen)","datePublished":"2020-02-13T14:47:47+00:00","dateModified":"2021-12-01T21:55:13+00:00","mainEntityOfPage":{"@id":"https:\/\/www.kreativeraeumewien.at\/en\/projects\/the-dessous\/"},"wordCount":319,"commentCount":0,"publisher":{"@id":"https:\/\/www.kreativeraeumewien.at\/en\/#organization"},"image":{"@id":"https:\/\/www.kreativeraeumewien.at\/en\/projects\/the-dessous\/#primaryimage"},"thumbnailUrl":"https:\/\/www.kreativeraeumewien.at\/wp-content\/uploads\/2020\/02\/Titel.jpg","keywords":["KRW","The Dessous","Zwischennutzung"],"articleSection":["Projects"],"inLanguage":"en-US","potentialAction":[{"@type":"CommentAction","name":"Comment","target":["https:\/\/www.kreativeraeumewien.at\/en\/projects\/the-dessous\/#respond"]}]},{"@type":"WebPage","@id":"https:\/\/www.kreativeraeumewien.at\/en\/projects\/the-dessous\/","url":"https:\/\/www.kreativeraeumewien.at\/en\/projects\/the-dessous\/","name":"The Dessous II (ausgezogen) - Kreative R\u00e4ume Wien","isPartOf":{"@id":"https:\/\/www.kreativeraeumewien.at\/en\/#website"},"primaryImageOfPage":{"@id":"https:\/\/www.kreativeraeumewien.at\/en\/projects\/the-dessous\/#primaryimage"},"image":{"@id":"https:\/\/www.kreativeraeumewien.at\/en\/projects\/the-dessous\/#primaryimage"},"thumbnailUrl":"https:\/\/www.kreativeraeumewien.at\/wp-content\/uploads\/2020\/02\/Titel.jpg","datePublished":"2020-02-13T14:47:47+00:00","dateModified":"2021-12-01T21:55:13+00:00","breadcrumb":{"@id":"https:\/\/www.kreativeraeumewien.at\/en\/projects\/the-dessous\/#breadcrumb"},"inLanguage":"en-US","potentialAction":[{"@type":"ReadAction","target":["https:\/\/www.kreativeraeumewien.at\/en\/projects\/the-dessous\/"]}]},{"@type":"ImageObject","inLanguage":"en-US","@id":"https:\/\/www.kreativeraeumewien.at\/en\/projects\/the-dessous\/#primaryimage","url":"https:\/\/www.kreativeraeumewien.at\/wp-content\/uploads\/2020\/02\/Titel.jpg","contentUrl":"https:\/\/www.kreativeraeumewien.at\/wp-content\/uploads\/2020\/02\/Titel.jpg","width":1025,"height":683},{"@type":"BreadcrumbList","@id":"https:\/\/www.kreativeraeumewien.at\/en\/projects\/the-dessous\/#breadcrumb","itemListElement":[{"@type":"ListItem","position":1,"name":"Startseite","item":"https:\/\/www.kreativeraeumewien.at\/en\/"},{"@type":"ListItem","position":2,"name":"The Dessous II (ausgezogen)"}]},{"@type":"WebSite","@id":"https:\/\/www.kreativeraeumewien.at\/en\/#website","url":"https:\/\/www.kreativeraeumewien.at\/en\/","name":"Kreative R\u00e4ume Wien","description":"Service fu\u0308r Leerstandsaktivierung und Zwischennutzung f\u00fcr die Stadt Wien","publisher":{"@id":"https:\/\/www.kreativeraeumewien.at\/en\/#organization"},"potentialAction":[{"@type":"SearchAction","target":{"@type":"EntryPoint","urlTemplate":"https:\/\/www.kreativeraeumewien.at\/en\/?s={search_term_string}"},"query-input":{"@type":"PropertyValueSpecification","valueRequired":true,"valueName":"search_term_string"}}],"inLanguage":"en-US"},{"@type":"Organization","@id":"https:\/\/www.kreativeraeumewien.at\/en\/#organization","name":"Kreative R\u00e4ume Wien","url":"https:\/\/www.kreativeraeumewien.at\/en\/","logo":{"@type":"ImageObject","inLanguage":"en-US","@id":"https:\/\/www.kreativeraeumewien.at\/en\/#\/schema\/logo\/image\/","url":"https:\/\/www.kreativeraeumewien.at\/wp-content\/uploads\/2021\/12\/KRW-LOGO.png","contentUrl":"https:\/\/www.kreativeraeumewien.at\/wp-content\/uploads\/2021\/12\/KRW-LOGO.png","width":567,"height":567,"caption":"Kreative R\u00e4ume Wien"},"image":{"@id":"https:\/\/www.kreativeraeumewien.at\/en\/#\/schema\/logo\/image\/"},"sameAs":["https:\/\/www.facebook.com\/kreativeraeumewien","https:\/\/www.instagram.com\/kreativeraeume","https:\/\/www.linkedin.com\/company\/71490261\/"]},{"@type":"Person","@id":"https:\/\/www.kreativeraeumewien.at\/en\/#\/schema\/person\/35b1cedbc652eb88fa4b3285cbde2537","name":"kreative","image":{"@type":"ImageObject","inLanguage":"en-US","@id":"https:\/\/secure.gravatar.com\/avatar\/88784b22c5c172056132cc44a3194213a0f02167beb0a9b64ff49b84e648f072?s=96&d=mm&r=g","url":"https:\/\/secure.gravatar.com\/avatar\/88784b22c5c172056132cc44a3194213a0f02167beb0a9b64ff49b84e648f072?s=96&d=mm&r=g","contentUrl":"https:\/\/secure.gravatar.com\/avatar\/88784b22c5c172056132cc44a3194213a0f02167beb0a9b64ff49b84e648f072?s=96&d=mm&r=g","caption":"kreative"},"url":"https:\/\/www.kreativeraeumewien.at\/en\/author\/admin\/"}]}},"_links":{"self":[{"href":"https:\/\/www.kreativeraeumewien.at\/en\/wp-json\/wp\/v2\/posts\/1669","targetHints":{"allow":["GET"]}}],"collection":[{"href":"https:\/\/www.kreativeraeumewien.at\/en\/wp-json\/wp\/v2\/posts"}],"about":[{"href":"https:\/\/www.kreativeraeumewien.at\/en\/wp-json\/wp\/v2\/types\/post"}],"author":[{"embeddable":true,"href":"https:\/\/www.kreativeraeumewien.at\/en\/wp-json\/wp\/v2\/users\/2"}],"replies":[{"embeddable":true,"href":"https:\/\/www.kreativeraeumewien.at\/en\/wp-json\/wp\/v2\/comments?post=1669"}],"version-history":[{"count":0,"href":"https:\/\/www.kreativeraeumewien.at\/en\/wp-json\/wp\/v2\/posts\/1669\/revisions"}],"wp:featuredmedia":[{"embeddable":true,"href":"https:\/\/www.kreativeraeumewien.at\/en\/wp-json\/wp\/v2\/media\/1671"}],"wp:attachment":[{"href":"https:\/\/www.kreativeraeumewien.at\/en\/wp-json\/wp\/v2\/media?parent=1669"}],"wp:term":[{"taxonomy":"category","embeddable":true,"href":"https:\/\/www.kreativeraeumewien.at\/en\/wp-json\/wp\/v2\/categories?post=1669"},{"taxonomy":"post_tag","embeddable":true,"href":"https:\/\/www.kreativeraeumewien.at\/en\/wp-json\/wp\/v2\/tags?post=1669"}],"curies":[{"name":"wp","href":"https:\/\/api.w.org\/{rel}","templated":true}]}}