{"id":1672,"date":"2019-12-05T15:25:21","date_gmt":"2019-12-05T14:25:21","guid":{"rendered":"https:\/\/www.kreativeraeumewien.at\/am-kempelenpark-open-house\/"},"modified":"2019-12-05T15:25:21","modified_gmt":"2019-12-05T14:25:21","slug":"am-kempelenpark-open-house","status":"publish","type":"post","link":"https:\/\/www.kreativeraeumewien.at\/en\/news-en\/am-kempelenpark-open-house\/","title":{"rendered":"Am Kempelenpark: Open House (Dezember 2019)"},"content":{"rendered":"\n<p><a href=\"http:\/\/amkempelenpark.org\/\" target=\"_blank\" rel=\"noopener noreferrer\"><span style=\"color: #0000ff;\">Der Kempelenpark<\/span><\/a><strong> ist derzeit eines der gr\u00f6\u00dften Zwischennutzungsareale Wiens. Mit insgesamt zw\u00f6lf Geb\u00e4udeobjekten und 40.000 m\u00b2 Nutzfl\u00e4che bietet der ehemalige Siemens-Campus ein breites Raumangebot, sowohl f\u00fcr l\u00e4ngere Vermietungen als auch f\u00fcr kurzfristige Projekte und Veranstaltungen.<\/strong><\/p>\n<p>Im Rahmen eines Open House gibt es nun die M\u00f6glichkeit sich einen Eindruck von den R\u00e4umlichkeiten zu verschaffen. Anl\u00e4sslich der Ausstellung <a href=\"http:\/\/a-k-t.eu\/\" target=\"_blank\" rel=\"noopener noreferrer\"><span style=\"color: #0000ff;\">AKT.2 EIN GANG<\/span><\/a> werden an zwei Terminen Rundg\u00e4nge und Besichtigungen angeboten:<\/p>\n<ul>\n<li>Samstag, 7. Dezember 2019: 17 bis 20 Uhr (ab 19 Uhr Er\u00f6ffnung von AKT.2 EIN GANG)<\/li>\n<li>Mittwoch, 11. Dezember 2019: 15 bis 18 Uhr<\/li>\n<\/ul>\n<p>&nbsp;<\/p>\n<p>Aktuelles Open-House Angebot:<\/p>\n<ul>\n<li>18 m\u00b2 Studios \/ Ateliers um 180 \u20ac monatlich (all in) bei Vertragsabschluss bis 20. Dezember<\/li>\n<li>Gemeinschaftsk\u00fcche, gro\u00dfz\u00fcgige Lounge-Bereiche und Staur\u00e4ume am Stockwerk<\/li>\n<li>M\u00f6blierung gegen Aufpreis<\/li>\n<li>24\/7 Zugang und Transportzufahrt mit Lastenlift<\/li>\n<li>Lagerr\u00e4ume verf\u00fcgbar<\/li>\n<li>Verg\u00fcnstigter Zugang zu den Veranstaltungsr\u00e4umen KASINO, OSTSTATION und STADTRAUM<\/li>\n<li>Zwei 60 m\u00b2 gro\u00dfe R\u00e4ume stehen f\u00fcr Kurse, Meetings etc. zur Verf\u00fcgung &#8211; alleinige oder gemeinsame Anmietung ab 500 \u20ac<\/li>\n<\/ul>\n<p>&nbsp;<\/p>\n<p>\u00d6ffentliche Verkehrsanbindung:<\/p>\n<ul>\n<li>Stra\u00dfenbahn: 6, 11 und seit wenigen Tagen die Linie D (3-5 Gehminuten)<\/li>\n<li>Schnellbahn: S7 (ca. 10 Gehminuten)<\/li>\n<li>U-Bahn: U1 Reumannplatz (ca. 15 Gehminuten bzw. in wenigen Minuten mit der Stra\u00dfenbahn)<\/li>\n<\/ul>\n<p>&nbsp;<\/p>\n","protected":false},"excerpt":{"rendered":"<p>Der Kempelenpark ist derzeit eines der gr\u00f6\u00dften Zwischennutzungsareale Wiens. Mit insgesamt zw\u00f6lf Geb\u00e4udeobjekten und 40.000 m\u00b2 Nutzfl\u00e4che bietet der ehemalige Siemens-Campus ein breites Raumangebot, sowohl f\u00fcr l\u00e4ngere Vermietungen als auch f\u00fcr kurzfristige Projekte und Veranstaltungen. Im Rahmen eines Open House gibt es nun die M\u00f6glichkeit sich einen Eindruck von den R\u00e4umlichkeiten zu verschaffen. Anl\u00e4sslich der [&hellip;]<\/p>\n","protected":false},"author":2,"featured_media":1673,"comment_status":"open","ping_status":"open","sticky":false,"template":"","format":"standard","meta":{"_acf_changed":false,"_eb_attr":"","footnotes":""},"categories":[82],"tags":[106,107,105],"class_list":["post-1672","post","type-post","status-publish","format-standard","has-post-thumbnail","hentry","category-news-en","tag-am-kempelenpark-en","tag-open-house-en","tag-zwischennutzung-en"],"acf":[],"yoast_head":"<!-- This site is optimized with the Yoast SEO plugin v27.3 - https:\/\/yoast.com\/product\/yoast-seo-wordpress\/ -->\n<title>Am Kempelenpark: Open House (Dezember 2019) - Kreative R\u00e4ume Wien<\/title>\n<meta name=\"robots\" content=\"index, follow, max-snippet:-1, max-image-preview:large, max-video-preview:-1\" \/>\n<link rel=\"canonical\" href=\"https:\/\/www.kreativeraeumewien.at\/en\/news-en\/am-kempelenpark-open-house\/\" \/>\n<meta property=\"og:locale\" content=\"en_US\" \/>\n<meta property=\"og:type\" content=\"article\" \/>\n<meta property=\"og:title\" content=\"Am Kempelenpark: Open House (Dezember 2019) - Kreative R\u00e4ume Wien\" \/>\n<meta property=\"og:description\" content=\"Der Kempelenpark ist derzeit eines der gr\u00f6\u00dften Zwischennutzungsareale Wiens. Mit insgesamt zw\u00f6lf Geb\u00e4udeobjekten und 40.000 m\u00b2 Nutzfl\u00e4che bietet der ehemalige Siemens-Campus ein breites Raumangebot, sowohl f\u00fcr l\u00e4ngere Vermietungen als auch f\u00fcr kurzfristige Projekte und Veranstaltungen. Im Rahmen eines Open House gibt es nun die M\u00f6glichkeit sich einen Eindruck von den R\u00e4umlichkeiten zu verschaffen. Anl\u00e4sslich der [&hellip;]\" \/>\n<meta property=\"og:url\" content=\"https:\/\/www.kreativeraeumewien.at\/en\/news-en\/am-kempelenpark-open-house\/\" \/>\n<meta property=\"og:site_name\" content=\"Kreative R\u00e4ume Wien\" \/>\n<meta property=\"article:publisher\" content=\"https:\/\/www.facebook.com\/kreativeraeumewien\" \/>\n<meta property=\"article:published_time\" content=\"2019-12-05T14:25:21+00:00\" \/>\n<meta property=\"og:image\" content=\"https:\/\/www.kreativeraeumewien.at\/wp-content\/uploads\/2019\/12\/kempelen-1.jpg\" \/>\n\t<meta property=\"og:image:width\" content=\"2160\" \/>\n\t<meta property=\"og:image:height\" content=\"1440\" \/>\n\t<meta property=\"og:image:type\" content=\"image\/jpeg\" \/>\n<meta name=\"author\" content=\"kreative\" \/>\n<meta name=\"twitter:card\" content=\"summary_large_image\" \/>\n<meta name=\"twitter:label1\" content=\"Written by\" \/>\n\t<meta name=\"twitter:data1\" content=\"kreative\" \/>\n\t<meta name=\"twitter:label2\" content=\"Est. reading time\" \/>\n\t<meta name=\"twitter:data2\" content=\"1 minute\" \/>\n<script type=\"application\/ld+json\" class=\"yoast-schema-graph\">{\"@context\":\"https:\\\/\\\/schema.org\",\"@graph\":[{\"@type\":\"Article\",\"@id\":\"https:\\\/\\\/www.kreativeraeumewien.at\\\/en\\\/news-en\\\/am-kempelenpark-open-house\\\/#article\",\"isPartOf\":{\"@id\":\"https:\\\/\\\/www.kreativeraeumewien.at\\\/en\\\/news-en\\\/am-kempelenpark-open-house\\\/\"},\"author\":{\"name\":\"kreative\",\"@id\":\"https:\\\/\\\/www.kreativeraeumewien.at\\\/en\\\/#\\\/schema\\\/person\\\/35b1cedbc652eb88fa4b3285cbde2537\"},\"headline\":\"Am Kempelenpark: Open House (Dezember 2019)\",\"datePublished\":\"2019-12-05T14:25:21+00:00\",\"mainEntityOfPage\":{\"@id\":\"https:\\\/\\\/www.kreativeraeumewien.at\\\/en\\\/news-en\\\/am-kempelenpark-open-house\\\/\"},\"wordCount\":201,\"commentCount\":0,\"publisher\":{\"@id\":\"https:\\\/\\\/www.kreativeraeumewien.at\\\/en\\\/#organization\"},\"image\":{\"@id\":\"https:\\\/\\\/www.kreativeraeumewien.at\\\/en\\\/news-en\\\/am-kempelenpark-open-house\\\/#primaryimage\"},\"thumbnailUrl\":\"https:\\\/\\\/www.kreativeraeumewien.at\\\/wp-content\\\/uploads\\\/2019\\\/12\\\/kempelen-1.jpg\",\"keywords\":[\"Am Kempelenpark\",\"Open House\",\"Zwischennutzung\"],\"articleSection\":[\"News\"],\"inLanguage\":\"en-US\",\"potentialAction\":[{\"@type\":\"CommentAction\",\"name\":\"Comment\",\"target\":[\"https:\\\/\\\/www.kreativeraeumewien.at\\\/en\\\/news-en\\\/am-kempelenpark-open-house\\\/#respond\"]}]},{\"@type\":\"WebPage\",\"@id\":\"https:\\\/\\\/www.kreativeraeumewien.at\\\/en\\\/news-en\\\/am-kempelenpark-open-house\\\/\",\"url\":\"https:\\\/\\\/www.kreativeraeumewien.at\\\/en\\\/news-en\\\/am-kempelenpark-open-house\\\/\",\"name\":\"Am Kempelenpark: Open House (Dezember 2019) - Kreative R\u00e4ume Wien\",\"isPartOf\":{\"@id\":\"https:\\\/\\\/www.kreativeraeumewien.at\\\/en\\\/#website\"},\"primaryImageOfPage\":{\"@id\":\"https:\\\/\\\/www.kreativeraeumewien.at\\\/en\\\/news-en\\\/am-kempelenpark-open-house\\\/#primaryimage\"},\"image\":{\"@id\":\"https:\\\/\\\/www.kreativeraeumewien.at\\\/en\\\/news-en\\\/am-kempelenpark-open-house\\\/#primaryimage\"},\"thumbnailUrl\":\"https:\\\/\\\/www.kreativeraeumewien.at\\\/wp-content\\\/uploads\\\/2019\\\/12\\\/kempelen-1.jpg\",\"datePublished\":\"2019-12-05T14:25:21+00:00\",\"breadcrumb\":{\"@id\":\"https:\\\/\\\/www.kreativeraeumewien.at\\\/en\\\/news-en\\\/am-kempelenpark-open-house\\\/#breadcrumb\"},\"inLanguage\":\"en-US\",\"potentialAction\":[{\"@type\":\"ReadAction\",\"target\":[\"https:\\\/\\\/www.kreativeraeumewien.at\\\/en\\\/news-en\\\/am-kempelenpark-open-house\\\/\"]}]},{\"@type\":\"ImageObject\",\"inLanguage\":\"en-US\",\"@id\":\"https:\\\/\\\/www.kreativeraeumewien.at\\\/en\\\/news-en\\\/am-kempelenpark-open-house\\\/#primaryimage\",\"url\":\"https:\\\/\\\/www.kreativeraeumewien.at\\\/wp-content\\\/uploads\\\/2019\\\/12\\\/kempelen-1.jpg\",\"contentUrl\":\"https:\\\/\\\/www.kreativeraeumewien.at\\\/wp-content\\\/uploads\\\/2019\\\/12\\\/kempelen-1.jpg\",\"width\":2160,\"height\":1440},{\"@type\":\"BreadcrumbList\",\"@id\":\"https:\\\/\\\/www.kreativeraeumewien.at\\\/en\\\/news-en\\\/am-kempelenpark-open-house\\\/#breadcrumb\",\"itemListElement\":[{\"@type\":\"ListItem\",\"position\":1,\"name\":\"Startseite\",\"item\":\"https:\\\/\\\/www.kreativeraeumewien.at\\\/en\\\/\"},{\"@type\":\"ListItem\",\"position\":2,\"name\":\"Am Kempelenpark: Open House (Dezember 2019)\"}]},{\"@type\":\"WebSite\",\"@id\":\"https:\\\/\\\/www.kreativeraeumewien.at\\\/en\\\/#website\",\"url\":\"https:\\\/\\\/www.kreativeraeumewien.at\\\/en\\\/\",\"name\":\"Kreative R\u00e4ume Wien\",\"description\":\"Service fu\u0308r Leerstandsaktivierung und Zwischennutzung f\u00fcr die Stadt Wien\",\"publisher\":{\"@id\":\"https:\\\/\\\/www.kreativeraeumewien.at\\\/en\\\/#organization\"},\"potentialAction\":[{\"@type\":\"SearchAction\",\"target\":{\"@type\":\"EntryPoint\",\"urlTemplate\":\"https:\\\/\\\/www.kreativeraeumewien.at\\\/en\\\/?s={search_term_string}\"},\"query-input\":{\"@type\":\"PropertyValueSpecification\",\"valueRequired\":true,\"valueName\":\"search_term_string\"}}],\"inLanguage\":\"en-US\"},{\"@type\":\"Organization\",\"@id\":\"https:\\\/\\\/www.kreativeraeumewien.at\\\/en\\\/#organization\",\"name\":\"Kreative R\u00e4ume Wien\",\"url\":\"https:\\\/\\\/www.kreativeraeumewien.at\\\/en\\\/\",\"logo\":{\"@type\":\"ImageObject\",\"inLanguage\":\"en-US\",\"@id\":\"https:\\\/\\\/www.kreativeraeumewien.at\\\/en\\\/#\\\/schema\\\/logo\\\/image\\\/\",\"url\":\"https:\\\/\\\/www.kreativeraeumewien.at\\\/wp-content\\\/uploads\\\/2021\\\/12\\\/KRW-LOGO.png\",\"contentUrl\":\"https:\\\/\\\/www.kreativeraeumewien.at\\\/wp-content\\\/uploads\\\/2021\\\/12\\\/KRW-LOGO.png\",\"width\":567,\"height\":567,\"caption\":\"Kreative R\u00e4ume Wien\"},\"image\":{\"@id\":\"https:\\\/\\\/www.kreativeraeumewien.at\\\/en\\\/#\\\/schema\\\/logo\\\/image\\\/\"},\"sameAs\":[\"https:\\\/\\\/www.facebook.com\\\/kreativeraeumewien\",\"https:\\\/\\\/www.instagram.com\\\/kreativeraeume\",\"https:\\\/\\\/www.linkedin.com\\\/company\\\/71490261\\\/\"]},{\"@type\":\"Person\",\"@id\":\"https:\\\/\\\/www.kreativeraeumewien.at\\\/en\\\/#\\\/schema\\\/person\\\/35b1cedbc652eb88fa4b3285cbde2537\",\"name\":\"kreative\",\"image\":{\"@type\":\"ImageObject\",\"inLanguage\":\"en-US\",\"@id\":\"https:\\\/\\\/secure.gravatar.com\\\/avatar\\\/88784b22c5c172056132cc44a3194213a0f02167beb0a9b64ff49b84e648f072?s=96&d=mm&r=g\",\"url\":\"https:\\\/\\\/secure.gravatar.com\\\/avatar\\\/88784b22c5c172056132cc44a3194213a0f02167beb0a9b64ff49b84e648f072?s=96&d=mm&r=g\",\"contentUrl\":\"https:\\\/\\\/secure.gravatar.com\\\/avatar\\\/88784b22c5c172056132cc44a3194213a0f02167beb0a9b64ff49b84e648f072?s=96&d=mm&r=g\",\"caption\":\"kreative\"},\"url\":\"https:\\\/\\\/www.kreativeraeumewien.at\\\/en\\\/author\\\/admin\\\/\"}]}<\/script>\n<!-- \/ Yoast SEO plugin. -->","yoast_head_json":{"title":"Am Kempelenpark: Open House (Dezember 2019) - Kreative R\u00e4ume Wien","robots":{"index":"index","follow":"follow","max-snippet":"max-snippet:-1","max-image-preview":"max-image-preview:large","max-video-preview":"max-video-preview:-1"},"canonical":"https:\/\/www.kreativeraeumewien.at\/en\/news-en\/am-kempelenpark-open-house\/","og_locale":"en_US","og_type":"article","og_title":"Am Kempelenpark: Open House (Dezember 2019) - Kreative R\u00e4ume Wien","og_description":"Der Kempelenpark ist derzeit eines der gr\u00f6\u00dften Zwischennutzungsareale Wiens. Mit insgesamt zw\u00f6lf Geb\u00e4udeobjekten und 40.000 m\u00b2 Nutzfl\u00e4che bietet der ehemalige Siemens-Campus ein breites Raumangebot, sowohl f\u00fcr l\u00e4ngere Vermietungen als auch f\u00fcr kurzfristige Projekte und Veranstaltungen. Im Rahmen eines Open House gibt es nun die M\u00f6glichkeit sich einen Eindruck von den R\u00e4umlichkeiten zu verschaffen. Anl\u00e4sslich der [&hellip;]","og_url":"https:\/\/www.kreativeraeumewien.at\/en\/news-en\/am-kempelenpark-open-house\/","og_site_name":"Kreative R\u00e4ume Wien","article_publisher":"https:\/\/www.facebook.com\/kreativeraeumewien","article_published_time":"2019-12-05T14:25:21+00:00","og_image":[{"width":2160,"height":1440,"url":"https:\/\/www.kreativeraeumewien.at\/wp-content\/uploads\/2019\/12\/kempelen-1.jpg","type":"image\/jpeg"}],"author":"kreative","twitter_card":"summary_large_image","twitter_misc":{"Written by":"kreative","Est. reading time":"1 minute"},"schema":{"@context":"https:\/\/schema.org","@graph":[{"@type":"Article","@id":"https:\/\/www.kreativeraeumewien.at\/en\/news-en\/am-kempelenpark-open-house\/#article","isPartOf":{"@id":"https:\/\/www.kreativeraeumewien.at\/en\/news-en\/am-kempelenpark-open-house\/"},"author":{"name":"kreative","@id":"https:\/\/www.kreativeraeumewien.at\/en\/#\/schema\/person\/35b1cedbc652eb88fa4b3285cbde2537"},"headline":"Am Kempelenpark: Open House (Dezember 2019)","datePublished":"2019-12-05T14:25:21+00:00","mainEntityOfPage":{"@id":"https:\/\/www.kreativeraeumewien.at\/en\/news-en\/am-kempelenpark-open-house\/"},"wordCount":201,"commentCount":0,"publisher":{"@id":"https:\/\/www.kreativeraeumewien.at\/en\/#organization"},"image":{"@id":"https:\/\/www.kreativeraeumewien.at\/en\/news-en\/am-kempelenpark-open-house\/#primaryimage"},"thumbnailUrl":"https:\/\/www.kreativeraeumewien.at\/wp-content\/uploads\/2019\/12\/kempelen-1.jpg","keywords":["Am Kempelenpark","Open House","Zwischennutzung"],"articleSection":["News"],"inLanguage":"en-US","potentialAction":[{"@type":"CommentAction","name":"Comment","target":["https:\/\/www.kreativeraeumewien.at\/en\/news-en\/am-kempelenpark-open-house\/#respond"]}]},{"@type":"WebPage","@id":"https:\/\/www.kreativeraeumewien.at\/en\/news-en\/am-kempelenpark-open-house\/","url":"https:\/\/www.kreativeraeumewien.at\/en\/news-en\/am-kempelenpark-open-house\/","name":"Am Kempelenpark: Open House (Dezember 2019) - Kreative R\u00e4ume Wien","isPartOf":{"@id":"https:\/\/www.kreativeraeumewien.at\/en\/#website"},"primaryImageOfPage":{"@id":"https:\/\/www.kreativeraeumewien.at\/en\/news-en\/am-kempelenpark-open-house\/#primaryimage"},"image":{"@id":"https:\/\/www.kreativeraeumewien.at\/en\/news-en\/am-kempelenpark-open-house\/#primaryimage"},"thumbnailUrl":"https:\/\/www.kreativeraeumewien.at\/wp-content\/uploads\/2019\/12\/kempelen-1.jpg","datePublished":"2019-12-05T14:25:21+00:00","breadcrumb":{"@id":"https:\/\/www.kreativeraeumewien.at\/en\/news-en\/am-kempelenpark-open-house\/#breadcrumb"},"inLanguage":"en-US","potentialAction":[{"@type":"ReadAction","target":["https:\/\/www.kreativeraeumewien.at\/en\/news-en\/am-kempelenpark-open-house\/"]}]},{"@type":"ImageObject","inLanguage":"en-US","@id":"https:\/\/www.kreativeraeumewien.at\/en\/news-en\/am-kempelenpark-open-house\/#primaryimage","url":"https:\/\/www.kreativeraeumewien.at\/wp-content\/uploads\/2019\/12\/kempelen-1.jpg","contentUrl":"https:\/\/www.kreativeraeumewien.at\/wp-content\/uploads\/2019\/12\/kempelen-1.jpg","width":2160,"height":1440},{"@type":"BreadcrumbList","@id":"https:\/\/www.kreativeraeumewien.at\/en\/news-en\/am-kempelenpark-open-house\/#breadcrumb","itemListElement":[{"@type":"ListItem","position":1,"name":"Startseite","item":"https:\/\/www.kreativeraeumewien.at\/en\/"},{"@type":"ListItem","position":2,"name":"Am Kempelenpark: Open House (Dezember 2019)"}]},{"@type":"WebSite","@id":"https:\/\/www.kreativeraeumewien.at\/en\/#website","url":"https:\/\/www.kreativeraeumewien.at\/en\/","name":"Kreative R\u00e4ume Wien","description":"Service fu\u0308r Leerstandsaktivierung und Zwischennutzung f\u00fcr die Stadt Wien","publisher":{"@id":"https:\/\/www.kreativeraeumewien.at\/en\/#organization"},"potentialAction":[{"@type":"SearchAction","target":{"@type":"EntryPoint","urlTemplate":"https:\/\/www.kreativeraeumewien.at\/en\/?s={search_term_string}"},"query-input":{"@type":"PropertyValueSpecification","valueRequired":true,"valueName":"search_term_string"}}],"inLanguage":"en-US"},{"@type":"Organization","@id":"https:\/\/www.kreativeraeumewien.at\/en\/#organization","name":"Kreative R\u00e4ume Wien","url":"https:\/\/www.kreativeraeumewien.at\/en\/","logo":{"@type":"ImageObject","inLanguage":"en-US","@id":"https:\/\/www.kreativeraeumewien.at\/en\/#\/schema\/logo\/image\/","url":"https:\/\/www.kreativeraeumewien.at\/wp-content\/uploads\/2021\/12\/KRW-LOGO.png","contentUrl":"https:\/\/www.kreativeraeumewien.at\/wp-content\/uploads\/2021\/12\/KRW-LOGO.png","width":567,"height":567,"caption":"Kreative R\u00e4ume Wien"},"image":{"@id":"https:\/\/www.kreativeraeumewien.at\/en\/#\/schema\/logo\/image\/"},"sameAs":["https:\/\/www.facebook.com\/kreativeraeumewien","https:\/\/www.instagram.com\/kreativeraeume","https:\/\/www.linkedin.com\/company\/71490261\/"]},{"@type":"Person","@id":"https:\/\/www.kreativeraeumewien.at\/en\/#\/schema\/person\/35b1cedbc652eb88fa4b3285cbde2537","name":"kreative","image":{"@type":"ImageObject","inLanguage":"en-US","@id":"https:\/\/secure.gravatar.com\/avatar\/88784b22c5c172056132cc44a3194213a0f02167beb0a9b64ff49b84e648f072?s=96&d=mm&r=g","url":"https:\/\/secure.gravatar.com\/avatar\/88784b22c5c172056132cc44a3194213a0f02167beb0a9b64ff49b84e648f072?s=96&d=mm&r=g","contentUrl":"https:\/\/secure.gravatar.com\/avatar\/88784b22c5c172056132cc44a3194213a0f02167beb0a9b64ff49b84e648f072?s=96&d=mm&r=g","caption":"kreative"},"url":"https:\/\/www.kreativeraeumewien.at\/en\/author\/admin\/"}]}},"_links":{"self":[{"href":"https:\/\/www.kreativeraeumewien.at\/en\/wp-json\/wp\/v2\/posts\/1672","targetHints":{"allow":["GET"]}}],"collection":[{"href":"https:\/\/www.kreativeraeumewien.at\/en\/wp-json\/wp\/v2\/posts"}],"about":[{"href":"https:\/\/www.kreativeraeumewien.at\/en\/wp-json\/wp\/v2\/types\/post"}],"author":[{"embeddable":true,"href":"https:\/\/www.kreativeraeumewien.at\/en\/wp-json\/wp\/v2\/users\/2"}],"replies":[{"embeddable":true,"href":"https:\/\/www.kreativeraeumewien.at\/en\/wp-json\/wp\/v2\/comments?post=1672"}],"version-history":[{"count":0,"href":"https:\/\/www.kreativeraeumewien.at\/en\/wp-json\/wp\/v2\/posts\/1672\/revisions"}],"wp:featuredmedia":[{"embeddable":true,"href":"https:\/\/www.kreativeraeumewien.at\/en\/wp-json\/wp\/v2\/media\/1673"}],"wp:attachment":[{"href":"https:\/\/www.kreativeraeumewien.at\/en\/wp-json\/wp\/v2\/media?parent=1672"}],"wp:term":[{"taxonomy":"category","embeddable":true,"href":"https:\/\/www.kreativeraeumewien.at\/en\/wp-json\/wp\/v2\/categories?post=1672"},{"taxonomy":"post_tag","embeddable":true,"href":"https:\/\/www.kreativeraeumewien.at\/en\/wp-json\/wp\/v2\/tags?post=1672"}],"curies":[{"name":"wp","href":"https:\/\/api.w.org\/{rel}","templated":true}]}}