{"id":2254,"date":"2021-05-17T15:05:22","date_gmt":"2021-05-17T13:05:22","guid":{"rendered":"https:\/\/www.kreativeraeumewien.at\/?p=2254"},"modified":"2021-05-17T15:16:05","modified_gmt":"2021-05-17T13:16:05","slug":"neues-im-mai","status":"publish","type":"post","link":"https:\/\/www.kreativeraeumewien.at\/en\/news-en\/neues-im-mai\/","title":{"rendered":"Neues im Mai"},"content":{"rendered":"\n<p>Heute im Newsletter: Uli Fries von den Kreativen R\u00e4umen wurde vom Kurier und der Bezirkszeitung zu aktuellen Zwischennutzungsprojekten befragt und war im Radio auf FM4 zu Utopien f\u00fcr die Zeit nach Corona zu h\u00f6ren. Wir berichten dir heute au\u00dferdem, was es mit dem brut nordwest als neuem Zentrum f\u00fcr Theater, Tanz und Performance auf sich hat. Und: Wir planen ein spannendes Symposium im Juni zu Leerstandsaktivierung und Zwischennutzung.<\/p>\n<p>Aber der Reihe nach.<\/p>\n<h2>Projekte: Brut Nordwest<\/h2>\n<p>brut nordwest hei\u00dft das neue kulturelle Zwischennutzungsprojekt in der Nordwestbahnstra\u00dfe im 20. Bezirk gleich hinter dem Augarten. Auf 1600 Quadratmeter hat das brut wien eine Spielst\u00e4tte in einer ehemaligen Textilfabrik f\u00fcr drei Jahre erschaffen. Neben dem brut finden auch die Festwochen und das WUK, das wegen der Generalsanierung ausweichen muss, im brut nordwest einen Platz auf Zeit. Mit Herbst wird es au\u00dferdem selbstverwaltete Prober\u00e4ume f\u00fcr die freie Tanz-, Theater- und Performanceszene geben.<\/p>\n<p>Es ist sch\u00f6n zu sehen, dass der Standort gemeinschaftlich genutzt wird. Oder wie der Standard <a href=\"https:\/\/www.derstandard.at\/story\/2000126676364\/die-akropolis-in-der-brigittenau-brut-nordwest-startet\" target=\"_blank\" rel=\"noopener\"><span style=\"color: #0000ff;\">dazu schreibt<\/span><\/a>: \u201eHier werden wie noch nie zuvor Kompetenzen geb\u00fcndelt und es tun sich neue Schnittstellen auf\u201c.<\/p>\n<p>Als Kreative R\u00e4ume Wien konnten wir das Projekt in der Anfangsphase mitbegleiten, die Eigent\u00fcmer beraten und mit dem brut vernetzten. Dabei hat die leere Halle auch damals schon unsere Phantasie angeregt. Nun mitzubekommen, wie das Areal zum Leben erwacht und ein neues kulturelles Ankerzentrum wird, ist einfach gro\u00dfartig.<\/p>\n<p><a href=\"https:\/\/www.kreativeraeumewien.at\/projekte\/brut-nordwest\/\" target=\"_blank\" rel=\"noopener\"><span style=\"color: #0000ff;\">Wie eine ehemalige Fabrikshalle zum Theater wird und wie es zu dem Standort kam, liest du hier.&nbsp;<\/span><\/a><\/p>\n<h2>Lesetipp: Zwischennutzungen sind mehr als L\u00fcckenf\u00fcller<\/h2>\n<p>Die Tageszeitung Kurier ver\u00f6ffentlichte einen sehr lesenswerten Text zu Leerstand und Zwischennutzung in Wien. Da steht etwa: &#8220;Leerst\u00e4nde m\u00fcssten nicht sein. Sie k\u00f6nnten K\u00fcnstlerInnen (leistbaren) Platz bieten \u2013 und das am besten langfristig.&#8221; Was es damit auf sich hat? <a href=\"https:\/\/kurier.at\/kultur\/zwischennutzungen-sind-mehr-als-ein-lueckenfueller\/401374829\" target=\"_blank\" rel=\"noopener\"><span style=\"color: #0000ff;\">In dem Artikel geht um unsere Arbeit, gelungenen Projekten in Wien und auch der Gefahr von Prekarisierung in Zwischennutzungen.<\/span><\/a><\/p>\n<p>Im Text gibt es au\u00dferdem eine \u00dcbersicht \u00fcber aktuelle Projekte in Wien. Mit dabei: Neben dem <a href=\"https:\/\/thedessous.com\/\"><span style=\"color: #0000ff;\">\u201aDessous\u2019 als selbstverwaltetem Atelierhaus in der Geblergasse<\/span><\/a> und dem <a href=\"https:\/\/shizzle-kultur.at\/kulturcafe-max\/\" target=\"_blank\" rel=\"noopener\"><span style=\"color: #0000ff;\">Kulturcafe Max<\/span><\/a> in Hernals wird auch das brut nordwest knapp dargestellt.<\/p>\n<h2>FM4: Wie umgehen mit Leerstand nach der Pandemie?<\/h2>\n<p>Uli Fries von den Kreativen R\u00e4umen spricht \u00fcber Perspektiven und Utopien f\u00fcr die Zeit nach Corona. Eine Idee: Ein neues Kultur- oder Kreativareal in Wien am Gleisstrang beim Westbahnhof. Im Gespr\u00e4ch geht es nicht nur um W\u00fcnsche, sondern auch um ganz praktische Tipps zur Raumsuche.<\/p>\n<p><a href=\"https:\/\/fm4.orf.at\/stories\/3014383\/\"><span style=\"color: #0000ff;\">Der Radiobeitrag ist zwar jetzt nicht mehr abrufbar, aber das Interview ist auch als Webstory online.<\/span> <\/a><\/p>\n<h2>Bezirkszeitung: Nimmt der Leerstand in Wien durch die Krise zu?<\/h2>\n<p>Es ist dir sicherlich auch schon aufgefallen: Leerstand in der Stadt wird sichtbarer. Die Stundungen laufen aus, gerade in teuren Lagen geben deshalb manche ihre Gesch\u00e4ftslokale oder R\u00e4ume auf. Das zeigt wieder einmal auf: Wir m\u00fcssen breiter denken und gegen\u00fcber unterschiedlichsten Nutzungen in der Erdgescho\u00dfzone offen sein. Nur auf Einzelhandel zu setzen, kann keine dauerhafte L\u00f6sung sein.<\/p>\n<p>Sollten Eigent\u00fcmerInnen von leerstehenden Geb\u00e4uden dabei st\u00e4rker in die Pflicht genommen werden? Woran hapert\u2019s beim Thema Leerstand? <a href=\"https:\/\/www.meinbezirk.at\/wien\/c-lokales\/nimmt-der-leerstand-in-wien-durch-die-krise-zu_a4578659\" target=\"_blank\" rel=\"noopener\"><span style=\"color: #0000ff;\">Dazu spricht Uli Fries von den Kreativen R\u00e4umen mit Andrea Peetz von der Wiener Bezirkszeitung.<\/span><\/a><\/p>\n<h2>F\u00f6rderung: Creatives for Vienna in der dritten Einreichrunde<\/h2>\n<p>Du hast eine Idee, ein Konzept zum Thema \u201eFuture Communities\u201c, das du verwirklichen m\u00f6chtest? Die Wirtschaftsagentur Wien f\u00f6rdert dich und dein Projekt oder deine Projektidee bei der Umsetzung mit 7.000 Euro. Auch die Weiterentwicklung und Realisierung von Projekt(ideen) von letztem Jahr sind m\u00f6glich.<\/p>\n<p>Zwei Einreich-Runden sind bereits vorbei: Bis 8. Juni 2021 kannst du beim Wettbewerb noch teilnehmen. <a href=\"https:\/\/wirtschaftsagentur.at\/creative-industries\/wettbewerbe\/creatives-for-vienna\/\" target=\"_blank\" rel=\"noopener\"><span style=\"color: #0000ff;\">Alle Informationen und Einreichung unter wirtschaftsagentur.at.<\/span><\/a><\/p>\n<h2>Symposium UNSEEN PROFIT &#8211; Potenziale von Leerstandsaktivierung<\/h2>\n<p>Auf Initiative der Wirtschaftsagentur Wien und veranstaltet von uns geht es bei dem Symposium UNSEEN PROFIT am 16. Und 17. Juni um die Potenziale von Leerstandsaktivierung und Zwischennutzung. Neben spannenden Impulsvortr\u00e4ge von G\u00e4sten aus Amsterdam, Aarhus, Hamburg, Paris und Wien gibt es auch eine Podiumsdiskussion zum Thema. Die Vortr\u00e4ge und die Podiumsdiskussion werden online live \u00fcbertragen.<\/p>\n<p><a href=\"https:\/\/www.kreativeraeumewien.at\/en\/news-en\/symposium-unseen-profit\/\" target=\"_blank\" rel=\"noopener\">Mehr Informationen zum Programm gibt es schon jetzt hier und bald auch via Mail.<\/a><\/p>\n<p>&nbsp;<\/p>\n","protected":false},"excerpt":{"rendered":"<p>Heute im Newsletter: Uli Fries von den Kreativen R\u00e4umen wurde vom Kurier und der Bezirkszeitung zu aktuellen Zwischennutzungsprojekten befragt und war im Radio auf FM4 zu Utopien f\u00fcr die Zeit nach Corona zu h\u00f6ren. Wir berichten dir heute au\u00dferdem, was es mit dem brut nordwest als neuem Zentrum f\u00fcr Theater, Tanz und Performance auf sich [&hellip;]<\/p>\n","protected":false},"author":2,"featured_media":2256,"comment_status":"closed","ping_status":"closed","sticky":false,"template":"","format":"standard","meta":{"_acf_changed":false,"_eb_attr":"","footnotes":""},"categories":[82],"tags":[],"class_list":["post-2254","post","type-post","status-publish","format-standard","has-post-thumbnail","hentry","category-news-en"],"acf":[],"yoast_head":"<!-- This site is optimized with the Yoast SEO plugin v27.3 - https:\/\/yoast.com\/product\/yoast-seo-wordpress\/ -->\n<title>Neues im Mai - Kreative R\u00e4ume Wien<\/title>\n<meta name=\"description\" content=\"Im Newsletter der Kreativen R\u00e4ume Wien berichten wir, was es mit dem brut nordwest auf sich hat. Und wir planen ein Symposium im Juni!\" \/>\n<meta name=\"robots\" content=\"index, follow, max-snippet:-1, max-image-preview:large, max-video-preview:-1\" \/>\n<link rel=\"canonical\" href=\"https:\/\/www.kreativeraeumewien.at\/en\/news-en\/neues-im-mai\/\" \/>\n<meta property=\"og:locale\" content=\"en_US\" \/>\n<meta property=\"og:type\" content=\"article\" \/>\n<meta property=\"og:title\" content=\"Neues im Mai - Kreative R\u00e4ume Wien\" \/>\n<meta property=\"og:description\" content=\"Im Newsletter der Kreativen R\u00e4ume Wien berichten wir, was es mit dem brut nordwest auf sich hat. Und wir planen ein Symposium im Juni!\" \/>\n<meta property=\"og:url\" content=\"https:\/\/www.kreativeraeumewien.at\/en\/news-en\/neues-im-mai\/\" \/>\n<meta property=\"og:site_name\" content=\"Kreative R\u00e4ume Wien\" \/>\n<meta property=\"article:publisher\" content=\"https:\/\/www.facebook.com\/kreativeraeumewien\" \/>\n<meta property=\"article:published_time\" content=\"2021-05-17T13:05:22+00:00\" \/>\n<meta property=\"article:modified_time\" content=\"2021-05-17T13:16:05+00:00\" \/>\n<meta property=\"og:image\" content=\"https:\/\/www.kreativeraeumewien.at\/wp-content\/uploads\/2021\/05\/2-brut-nordwest-credit-PID-Votava-scaled.jpg\" \/>\n\t<meta property=\"og:image:width\" content=\"2560\" \/>\n\t<meta property=\"og:image:height\" content=\"1707\" \/>\n\t<meta property=\"og:image:type\" content=\"image\/jpeg\" \/>\n<meta name=\"author\" content=\"kreative\" \/>\n<meta name=\"twitter:card\" content=\"summary_large_image\" \/>\n<meta name=\"twitter:label1\" content=\"Written by\" \/>\n\t<meta name=\"twitter:data1\" content=\"kreative\" \/>\n\t<meta name=\"twitter:label2\" content=\"Est. reading time\" \/>\n\t<meta name=\"twitter:data2\" content=\"3 minutes\" \/>\n<script type=\"application\/ld+json\" class=\"yoast-schema-graph\">{\"@context\":\"https:\\\/\\\/schema.org\",\"@graph\":[{\"@type\":\"Article\",\"@id\":\"https:\\\/\\\/www.kreativeraeumewien.at\\\/en\\\/news-en\\\/neues-im-mai\\\/#article\",\"isPartOf\":{\"@id\":\"https:\\\/\\\/www.kreativeraeumewien.at\\\/en\\\/news-en\\\/neues-im-mai\\\/\"},\"author\":{\"name\":\"kreative\",\"@id\":\"https:\\\/\\\/www.kreativeraeumewien.at\\\/en\\\/#\\\/schema\\\/person\\\/35b1cedbc652eb88fa4b3285cbde2537\"},\"headline\":\"Neues im Mai\",\"datePublished\":\"2021-05-17T13:05:22+00:00\",\"dateModified\":\"2021-05-17T13:16:05+00:00\",\"mainEntityOfPage\":{\"@id\":\"https:\\\/\\\/www.kreativeraeumewien.at\\\/en\\\/news-en\\\/neues-im-mai\\\/\"},\"wordCount\":707,\"publisher\":{\"@id\":\"https:\\\/\\\/www.kreativeraeumewien.at\\\/en\\\/#organization\"},\"image\":{\"@id\":\"https:\\\/\\\/www.kreativeraeumewien.at\\\/en\\\/news-en\\\/neues-im-mai\\\/#primaryimage\"},\"thumbnailUrl\":\"https:\\\/\\\/www.kreativeraeumewien.at\\\/wp-content\\\/uploads\\\/2021\\\/05\\\/2-brut-nordwest-credit-PID-Votava-scaled.jpg\",\"articleSection\":[\"News\"],\"inLanguage\":\"en-US\"},{\"@type\":\"WebPage\",\"@id\":\"https:\\\/\\\/www.kreativeraeumewien.at\\\/en\\\/news-en\\\/neues-im-mai\\\/\",\"url\":\"https:\\\/\\\/www.kreativeraeumewien.at\\\/en\\\/news-en\\\/neues-im-mai\\\/\",\"name\":\"Neues im Mai - Kreative R\u00e4ume Wien\",\"isPartOf\":{\"@id\":\"https:\\\/\\\/www.kreativeraeumewien.at\\\/en\\\/#website\"},\"primaryImageOfPage\":{\"@id\":\"https:\\\/\\\/www.kreativeraeumewien.at\\\/en\\\/news-en\\\/neues-im-mai\\\/#primaryimage\"},\"image\":{\"@id\":\"https:\\\/\\\/www.kreativeraeumewien.at\\\/en\\\/news-en\\\/neues-im-mai\\\/#primaryimage\"},\"thumbnailUrl\":\"https:\\\/\\\/www.kreativeraeumewien.at\\\/wp-content\\\/uploads\\\/2021\\\/05\\\/2-brut-nordwest-credit-PID-Votava-scaled.jpg\",\"datePublished\":\"2021-05-17T13:05:22+00:00\",\"dateModified\":\"2021-05-17T13:16:05+00:00\",\"description\":\"Im Newsletter der Kreativen R\u00e4ume Wien berichten wir, was es mit dem brut nordwest auf sich hat. Und wir planen ein Symposium im Juni!\",\"breadcrumb\":{\"@id\":\"https:\\\/\\\/www.kreativeraeumewien.at\\\/en\\\/news-en\\\/neues-im-mai\\\/#breadcrumb\"},\"inLanguage\":\"en-US\",\"potentialAction\":[{\"@type\":\"ReadAction\",\"target\":[\"https:\\\/\\\/www.kreativeraeumewien.at\\\/en\\\/news-en\\\/neues-im-mai\\\/\"]}]},{\"@type\":\"ImageObject\",\"inLanguage\":\"en-US\",\"@id\":\"https:\\\/\\\/www.kreativeraeumewien.at\\\/en\\\/news-en\\\/neues-im-mai\\\/#primaryimage\",\"url\":\"https:\\\/\\\/www.kreativeraeumewien.at\\\/wp-content\\\/uploads\\\/2021\\\/05\\\/2-brut-nordwest-credit-PID-Votava-scaled.jpg\",\"contentUrl\":\"https:\\\/\\\/www.kreativeraeumewien.at\\\/wp-content\\\/uploads\\\/2021\\\/05\\\/2-brut-nordwest-credit-PID-Votava-scaled.jpg\",\"width\":2560,\"height\":1707,\"caption\":\"Der Innenhof im brut nordwest noch vor der Er\u00f6ffnung mit Publikum im Fr\u00fchling 2021. Foto (c) PID\\\/Votava\"},{\"@type\":\"BreadcrumbList\",\"@id\":\"https:\\\/\\\/www.kreativeraeumewien.at\\\/en\\\/news-en\\\/neues-im-mai\\\/#breadcrumb\",\"itemListElement\":[{\"@type\":\"ListItem\",\"position\":1,\"name\":\"Startseite\",\"item\":\"https:\\\/\\\/www.kreativeraeumewien.at\\\/en\\\/\"},{\"@type\":\"ListItem\",\"position\":2,\"name\":\"Neues im Mai\"}]},{\"@type\":\"WebSite\",\"@id\":\"https:\\\/\\\/www.kreativeraeumewien.at\\\/en\\\/#website\",\"url\":\"https:\\\/\\\/www.kreativeraeumewien.at\\\/en\\\/\",\"name\":\"Kreative R\u00e4ume Wien\",\"description\":\"Service fu\u0308r Leerstandsaktivierung und Zwischennutzung f\u00fcr die Stadt Wien\",\"publisher\":{\"@id\":\"https:\\\/\\\/www.kreativeraeumewien.at\\\/en\\\/#organization\"},\"potentialAction\":[{\"@type\":\"SearchAction\",\"target\":{\"@type\":\"EntryPoint\",\"urlTemplate\":\"https:\\\/\\\/www.kreativeraeumewien.at\\\/en\\\/?s={search_term_string}\"},\"query-input\":{\"@type\":\"PropertyValueSpecification\",\"valueRequired\":true,\"valueName\":\"search_term_string\"}}],\"inLanguage\":\"en-US\"},{\"@type\":\"Organization\",\"@id\":\"https:\\\/\\\/www.kreativeraeumewien.at\\\/en\\\/#organization\",\"name\":\"Kreative R\u00e4ume Wien\",\"url\":\"https:\\\/\\\/www.kreativeraeumewien.at\\\/en\\\/\",\"logo\":{\"@type\":\"ImageObject\",\"inLanguage\":\"en-US\",\"@id\":\"https:\\\/\\\/www.kreativeraeumewien.at\\\/en\\\/#\\\/schema\\\/logo\\\/image\\\/\",\"url\":\"https:\\\/\\\/www.kreativeraeumewien.at\\\/wp-content\\\/uploads\\\/2021\\\/12\\\/KRW-LOGO.png\",\"contentUrl\":\"https:\\\/\\\/www.kreativeraeumewien.at\\\/wp-content\\\/uploads\\\/2021\\\/12\\\/KRW-LOGO.png\",\"width\":567,\"height\":567,\"caption\":\"Kreative R\u00e4ume Wien\"},\"image\":{\"@id\":\"https:\\\/\\\/www.kreativeraeumewien.at\\\/en\\\/#\\\/schema\\\/logo\\\/image\\\/\"},\"sameAs\":[\"https:\\\/\\\/www.facebook.com\\\/kreativeraeumewien\",\"https:\\\/\\\/www.instagram.com\\\/kreativeraeume\",\"https:\\\/\\\/www.linkedin.com\\\/company\\\/71490261\\\/\"]},{\"@type\":\"Person\",\"@id\":\"https:\\\/\\\/www.kreativeraeumewien.at\\\/en\\\/#\\\/schema\\\/person\\\/35b1cedbc652eb88fa4b3285cbde2537\",\"name\":\"kreative\",\"image\":{\"@type\":\"ImageObject\",\"inLanguage\":\"en-US\",\"@id\":\"https:\\\/\\\/secure.gravatar.com\\\/avatar\\\/88784b22c5c172056132cc44a3194213a0f02167beb0a9b64ff49b84e648f072?s=96&d=mm&r=g\",\"url\":\"https:\\\/\\\/secure.gravatar.com\\\/avatar\\\/88784b22c5c172056132cc44a3194213a0f02167beb0a9b64ff49b84e648f072?s=96&d=mm&r=g\",\"contentUrl\":\"https:\\\/\\\/secure.gravatar.com\\\/avatar\\\/88784b22c5c172056132cc44a3194213a0f02167beb0a9b64ff49b84e648f072?s=96&d=mm&r=g\",\"caption\":\"kreative\"},\"url\":\"https:\\\/\\\/www.kreativeraeumewien.at\\\/en\\\/author\\\/admin\\\/\"}]}<\/script>\n<!-- \/ Yoast SEO plugin. -->","yoast_head_json":{"title":"Neues im Mai - Kreative R\u00e4ume Wien","description":"Im Newsletter der Kreativen R\u00e4ume Wien berichten wir, was es mit dem brut nordwest auf sich hat. Und wir planen ein Symposium im Juni!","robots":{"index":"index","follow":"follow","max-snippet":"max-snippet:-1","max-image-preview":"max-image-preview:large","max-video-preview":"max-video-preview:-1"},"canonical":"https:\/\/www.kreativeraeumewien.at\/en\/news-en\/neues-im-mai\/","og_locale":"en_US","og_type":"article","og_title":"Neues im Mai - Kreative R\u00e4ume Wien","og_description":"Im Newsletter der Kreativen R\u00e4ume Wien berichten wir, was es mit dem brut nordwest auf sich hat. Und wir planen ein Symposium im Juni!","og_url":"https:\/\/www.kreativeraeumewien.at\/en\/news-en\/neues-im-mai\/","og_site_name":"Kreative R\u00e4ume Wien","article_publisher":"https:\/\/www.facebook.com\/kreativeraeumewien","article_published_time":"2021-05-17T13:05:22+00:00","article_modified_time":"2021-05-17T13:16:05+00:00","og_image":[{"width":2560,"height":1707,"url":"https:\/\/www.kreativeraeumewien.at\/wp-content\/uploads\/2021\/05\/2-brut-nordwest-credit-PID-Votava-scaled.jpg","type":"image\/jpeg"}],"author":"kreative","twitter_card":"summary_large_image","twitter_misc":{"Written by":"kreative","Est. reading time":"3 minutes"},"schema":{"@context":"https:\/\/schema.org","@graph":[{"@type":"Article","@id":"https:\/\/www.kreativeraeumewien.at\/en\/news-en\/neues-im-mai\/#article","isPartOf":{"@id":"https:\/\/www.kreativeraeumewien.at\/en\/news-en\/neues-im-mai\/"},"author":{"name":"kreative","@id":"https:\/\/www.kreativeraeumewien.at\/en\/#\/schema\/person\/35b1cedbc652eb88fa4b3285cbde2537"},"headline":"Neues im Mai","datePublished":"2021-05-17T13:05:22+00:00","dateModified":"2021-05-17T13:16:05+00:00","mainEntityOfPage":{"@id":"https:\/\/www.kreativeraeumewien.at\/en\/news-en\/neues-im-mai\/"},"wordCount":707,"publisher":{"@id":"https:\/\/www.kreativeraeumewien.at\/en\/#organization"},"image":{"@id":"https:\/\/www.kreativeraeumewien.at\/en\/news-en\/neues-im-mai\/#primaryimage"},"thumbnailUrl":"https:\/\/www.kreativeraeumewien.at\/wp-content\/uploads\/2021\/05\/2-brut-nordwest-credit-PID-Votava-scaled.jpg","articleSection":["News"],"inLanguage":"en-US"},{"@type":"WebPage","@id":"https:\/\/www.kreativeraeumewien.at\/en\/news-en\/neues-im-mai\/","url":"https:\/\/www.kreativeraeumewien.at\/en\/news-en\/neues-im-mai\/","name":"Neues im Mai - Kreative R\u00e4ume Wien","isPartOf":{"@id":"https:\/\/www.kreativeraeumewien.at\/en\/#website"},"primaryImageOfPage":{"@id":"https:\/\/www.kreativeraeumewien.at\/en\/news-en\/neues-im-mai\/#primaryimage"},"image":{"@id":"https:\/\/www.kreativeraeumewien.at\/en\/news-en\/neues-im-mai\/#primaryimage"},"thumbnailUrl":"https:\/\/www.kreativeraeumewien.at\/wp-content\/uploads\/2021\/05\/2-brut-nordwest-credit-PID-Votava-scaled.jpg","datePublished":"2021-05-17T13:05:22+00:00","dateModified":"2021-05-17T13:16:05+00:00","description":"Im Newsletter der Kreativen R\u00e4ume Wien berichten wir, was es mit dem brut nordwest auf sich hat. Und wir planen ein Symposium im Juni!","breadcrumb":{"@id":"https:\/\/www.kreativeraeumewien.at\/en\/news-en\/neues-im-mai\/#breadcrumb"},"inLanguage":"en-US","potentialAction":[{"@type":"ReadAction","target":["https:\/\/www.kreativeraeumewien.at\/en\/news-en\/neues-im-mai\/"]}]},{"@type":"ImageObject","inLanguage":"en-US","@id":"https:\/\/www.kreativeraeumewien.at\/en\/news-en\/neues-im-mai\/#primaryimage","url":"https:\/\/www.kreativeraeumewien.at\/wp-content\/uploads\/2021\/05\/2-brut-nordwest-credit-PID-Votava-scaled.jpg","contentUrl":"https:\/\/www.kreativeraeumewien.at\/wp-content\/uploads\/2021\/05\/2-brut-nordwest-credit-PID-Votava-scaled.jpg","width":2560,"height":1707,"caption":"Der Innenhof im brut nordwest noch vor der Er\u00f6ffnung mit Publikum im Fr\u00fchling 2021. Foto (c) PID\/Votava"},{"@type":"BreadcrumbList","@id":"https:\/\/www.kreativeraeumewien.at\/en\/news-en\/neues-im-mai\/#breadcrumb","itemListElement":[{"@type":"ListItem","position":1,"name":"Startseite","item":"https:\/\/www.kreativeraeumewien.at\/en\/"},{"@type":"ListItem","position":2,"name":"Neues im Mai"}]},{"@type":"WebSite","@id":"https:\/\/www.kreativeraeumewien.at\/en\/#website","url":"https:\/\/www.kreativeraeumewien.at\/en\/","name":"Kreative R\u00e4ume Wien","description":"Service fu\u0308r Leerstandsaktivierung und Zwischennutzung f\u00fcr die Stadt Wien","publisher":{"@id":"https:\/\/www.kreativeraeumewien.at\/en\/#organization"},"potentialAction":[{"@type":"SearchAction","target":{"@type":"EntryPoint","urlTemplate":"https:\/\/www.kreativeraeumewien.at\/en\/?s={search_term_string}"},"query-input":{"@type":"PropertyValueSpecification","valueRequired":true,"valueName":"search_term_string"}}],"inLanguage":"en-US"},{"@type":"Organization","@id":"https:\/\/www.kreativeraeumewien.at\/en\/#organization","name":"Kreative R\u00e4ume Wien","url":"https:\/\/www.kreativeraeumewien.at\/en\/","logo":{"@type":"ImageObject","inLanguage":"en-US","@id":"https:\/\/www.kreativeraeumewien.at\/en\/#\/schema\/logo\/image\/","url":"https:\/\/www.kreativeraeumewien.at\/wp-content\/uploads\/2021\/12\/KRW-LOGO.png","contentUrl":"https:\/\/www.kreativeraeumewien.at\/wp-content\/uploads\/2021\/12\/KRW-LOGO.png","width":567,"height":567,"caption":"Kreative R\u00e4ume Wien"},"image":{"@id":"https:\/\/www.kreativeraeumewien.at\/en\/#\/schema\/logo\/image\/"},"sameAs":["https:\/\/www.facebook.com\/kreativeraeumewien","https:\/\/www.instagram.com\/kreativeraeume","https:\/\/www.linkedin.com\/company\/71490261\/"]},{"@type":"Person","@id":"https:\/\/www.kreativeraeumewien.at\/en\/#\/schema\/person\/35b1cedbc652eb88fa4b3285cbde2537","name":"kreative","image":{"@type":"ImageObject","inLanguage":"en-US","@id":"https:\/\/secure.gravatar.com\/avatar\/88784b22c5c172056132cc44a3194213a0f02167beb0a9b64ff49b84e648f072?s=96&d=mm&r=g","url":"https:\/\/secure.gravatar.com\/avatar\/88784b22c5c172056132cc44a3194213a0f02167beb0a9b64ff49b84e648f072?s=96&d=mm&r=g","contentUrl":"https:\/\/secure.gravatar.com\/avatar\/88784b22c5c172056132cc44a3194213a0f02167beb0a9b64ff49b84e648f072?s=96&d=mm&r=g","caption":"kreative"},"url":"https:\/\/www.kreativeraeumewien.at\/en\/author\/admin\/"}]}},"_links":{"self":[{"href":"https:\/\/www.kreativeraeumewien.at\/en\/wp-json\/wp\/v2\/posts\/2254","targetHints":{"allow":["GET"]}}],"collection":[{"href":"https:\/\/www.kreativeraeumewien.at\/en\/wp-json\/wp\/v2\/posts"}],"about":[{"href":"https:\/\/www.kreativeraeumewien.at\/en\/wp-json\/wp\/v2\/types\/post"}],"author":[{"embeddable":true,"href":"https:\/\/www.kreativeraeumewien.at\/en\/wp-json\/wp\/v2\/users\/2"}],"replies":[{"embeddable":true,"href":"https:\/\/www.kreativeraeumewien.at\/en\/wp-json\/wp\/v2\/comments?post=2254"}],"version-history":[{"count":0,"href":"https:\/\/www.kreativeraeumewien.at\/en\/wp-json\/wp\/v2\/posts\/2254\/revisions"}],"wp:featuredmedia":[{"embeddable":true,"href":"https:\/\/www.kreativeraeumewien.at\/en\/wp-json\/wp\/v2\/media\/2256"}],"wp:attachment":[{"href":"https:\/\/www.kreativeraeumewien.at\/en\/wp-json\/wp\/v2\/media?parent=2254"}],"wp:term":[{"taxonomy":"category","embeddable":true,"href":"https:\/\/www.kreativeraeumewien.at\/en\/wp-json\/wp\/v2\/categories?post=2254"},{"taxonomy":"post_tag","embeddable":true,"href":"https:\/\/www.kreativeraeumewien.at\/en\/wp-json\/wp\/v2\/tags?post=2254"}],"curies":[{"name":"wp","href":"https:\/\/api.w.org\/{rel}","templated":true}]}}