{"id":2631,"date":"2021-07-09T16:45:30","date_gmt":"2021-07-09T14:45:30","guid":{"rendered":"https:\/\/www.kreativeraeumewien.at\/neues-im-juli-%f0%9f%94%86\/"},"modified":"2022-08-02T13:54:39","modified_gmt":"2022-08-02T11:54:39","slug":"neues-im-juli-%f0%9f%94%86","status":"publish","type":"post","link":"https:\/\/www.kreativeraeumewien.at\/en\/news-en\/neues-im-juli-%f0%9f%94%86\/","title":{"rendered":"Neues im Juli"},"content":{"rendered":"\n<p style=\"text-align: right;\">09.07.2021<\/p>\n<p>Mitte Juni haben wir auf Initiative der Wirtschaftsagentur Wien zum Symposium geladen, um \u00fcber die Potenziale von Leerstand und Leerstandsaktivierung in Wien zu reden &#8211; und dabei auch einen Blick in andere europ\u00e4ische St\u00e4dte geworfen. Wir freuen uns, dass so viele vor Ort oder online dabei waren! Symposium verpasst? Kein Problem, auf unserer Seite kannst du die Vortr\u00e4ge nachh\u00f6ren.<\/p>\n<p>Was ist noch passiert? Uli Fries von den Kreativen R\u00e4umen Wien war beim Angewandte Festival Anfang Juli zu h\u00f6ren, es gibt einen Open Call f\u00fcr das Independent Foto Festival OFF GRID 2021 und unsere Beratungen finden im Juli wieder Face-to-Face statt. Im August sind wir bzw. unsere Beratungen dann zwischenzeitlich auf Sommerfrische und fallen damit aus.<\/p>\n<p>Aber der Reihe nach.<\/p>\n<h2>R\u00dcCKBLICK: Symposium UNSEEN PROFIT<\/h2>\n<p><a href=\"https:\/\/www.kreativeraeumewien.at\/news\/live-stream-leerstand\/\"><img loading=\"lazy\" decoding=\"async\" class=\"alignnone wp-image-2546\" src=\"https:\/\/www.kreativeraeumewien.at\/wp-content\/uploads\/2021\/06\/Diskussion_Wolf_Auer_KRW-9-300x200.jpg\" alt=\"\" width=\"620\" height=\"414\" srcset=\"https:\/\/www.kreativeraeumewien.at\/wp-content\/uploads\/2021\/06\/Diskussion_Wolf_Auer_KRW-9-300x200.jpg 300w, https:\/\/www.kreativeraeumewien.at\/wp-content\/uploads\/2021\/06\/Diskussion_Wolf_Auer_KRW-9-768x512.jpg 768w, https:\/\/www.kreativeraeumewien.at\/wp-content\/uploads\/2021\/06\/Diskussion_Wolf_Auer_KRW-9.jpg 1024w\" sizes=\"auto, (max-width: 620px) 100vw, 620px\" \/><\/a><\/p>\n<p>Bei dem Symposium standen 2-Tage lang die Potenziale von Leerstandsaktivierung und Zwischennutzung im Fokus.<br>Zahlreiche Expert:innen aus Verwaltung, Immobilienbranche, Forschung und Zivilgesellschaft waren vor Ort &#8211; und im Live-Stream.<br><br><strong>Keine Frage: Es gab viel Input, Ideen und Austausch zum Umgang mit Leerstand und der Raumfrage f\u00fcr Kreatives, Bildung und Stadtteilarbeit in Wien.<\/strong> Und: Wir haben einen Blick in andere St\u00e4dte geworfen.<br><br>Darunter auch<a href=\"https:\/\/www.youtube.com\/watch?v=wRvfHSwdNrA&amp;t=1172s\" target=\"_blank\" rel=\"noopener\"><span style=\"color: #0000ff;\"> ein Vortrag<\/span><\/a> vom politischen Stadt-Aktivisten und Programmkurator Mads Peter Laursen aus D\u00e4nemark. Er erz\u00e4hlt \u00fcber eine selbstorganisierte &#8216;kreative Siedlung&#8217;, fehlenden Leerstand in n\u00f6rdlichen St\u00e4dten und die Plattform und Inkubator &#8216;Institut for X&#8217; auf dem Areal eines ehemaligen G\u00fcterbahnhofs in Aarhus.<br><br>Au\u00dferdem: Katja Wolframm <a href=\"https:\/\/www.youtube.com\/watch?v=nDlYAtA_S7E\" target=\"_blank\" rel=\"noopener\"><span style=\"color: #0000ff;\">stellt das Kreativquartier Oberhafen in Hamburg (DE) vor<\/span><\/a>, Hay Schoolmeesters <a href=\"https:\/\/www.youtube.com\/watch?v=sLktJgNI5xU\" target=\"_blank\" rel=\"noopener\"><span style=\"color: #0000ff;\">erz\u00e4hlt<\/span> <\/a>von dem Raumunternehmen Urban Resort und der Situation in Amsterdam (EN) und Martin Colomer-Diez <a href=\"https:\/\/www.youtube.com\/watch?v=1sgrOk6kGo4\" target=\"_blank\" rel=\"noopener\"><span style=\"color: #0000ff;\">von dem ausgekl\u00fcgelten Weg<\/span><\/a>, den Paris in dieser Sache eingeschlagen hat (EN). Matthias Waibel von STC- Swiss Town Consult <a href=\"https:\/\/www.youtube.com\/watch?v=RFN5obbCjY8\" target=\"_blank\" rel=\"noopener\"><span style=\"color: #0000ff;\">pr\u00e4sentiert<\/span><\/a> aus Entwickler-Sicht eines der gr\u00f6\u00dften privaten Zwischennutzungsprojekte in Wien &#8216;Am Kempelenpark&#8217;.<br><br>Margot Deerenberg vom Verein Paradocks <a href=\"https:\/\/www.youtube.com\/watch?v=RFN5obbCjY8\" target=\"_blank\" rel=\"noopener\"><span style=\"color: #0000ff;\">\u00fcber die Publikation &#8216;UNSEEN PROFIT &#8211; Zum Potenzial von tempor\u00e4ren Nutzungen in der Immobilienentwicklung&#8217;<\/span><\/a>. Und: Peter Hanke, Stadtrat f\u00fcr Finanzen, Wirtschaft, Arbeit Internationales und Wiener Stadtwerke <a href=\"https:\/\/www.youtube.com\/watch?v=zAvpB1FLAKE\" target=\"_blank\" rel=\"noopener\"><span style=\"color: #0000ff;\">hielt eine Er\u00f6ffnungsrede.<\/span><\/a><br><br>Als Highlight und zugleich Abschluss des Symposiums stand im Fokus der <a href=\"https:\/\/www.youtube.com\/watch?v=zAvpB1FLAKE\" target=\"_blank\" rel=\"noopener\"><span style=\"color: #0000ff;\">Podiumsdiskussion<\/span><\/a> die Frage nach aktuellen Herausforderungen, L\u00f6sungswegen und m\u00f6glichen Allianzen im Umgang mit Leerstand in Wien.<br><br><strong><a href=\"https:\/\/www.kreativeraeumewien.at\/news\/live-stream-leerstand\/\" target=\"_blank\" rel=\"noopener\"><span style=\"color: #0000ff;\">Hier<\/span> <\/a>findest du alle Vortr\u00e4ge und die Podiumsdiskussion unserer spannenden Veranstaltung zum Nachh\u00f6ren. Weitere Informationen zum Symposium gibt es <a href=\"https:\/\/www.kreativeraeumewien.at\/news\/symposium-unseen-profit\/\" target=\"_blank\" rel=\"noopener\"><span style=\"color: #0000ff;\">auch in diesem Beitrag.<\/span><\/a><\/strong><\/p>\n<div id=\"attachment_2555\" style=\"width: 650px\" class=\"wp-caption alignnone\"><a href=\"https:\/\/www.kreativeraeumewien.at\/news\/live-stream-leerstand\/\"><img loading=\"lazy\" decoding=\"async\" aria-describedby=\"caption-attachment-2555\" class=\"wp-image-2556 size-large\" src=\"https:\/\/www.kreativeraeumewien.at\/wp-content\/uploads\/2021\/06\/Diskussion_Wolf_Auer_KRW_2-14-1024x691.jpg\" alt=\"\" width=\"640\" height=\"432\" srcset=\"https:\/\/www.kreativeraeumewien.at\/wp-content\/uploads\/2021\/06\/Diskussion_Wolf_Auer_KRW_2-14-1024x691.jpg 1024w, https:\/\/www.kreativeraeumewien.at\/wp-content\/uploads\/2021\/06\/Diskussion_Wolf_Auer_KRW_2-14-300x203.jpg 300w, https:\/\/www.kreativeraeumewien.at\/wp-content\/uploads\/2021\/06\/Diskussion_Wolf_Auer_KRW_2-14-768x518.jpg 768w, https:\/\/www.kreativeraeumewien.at\/wp-content\/uploads\/2021\/06\/Diskussion_Wolf_Auer_KRW_2-14.jpg 1040w\" sizes=\"auto, (max-width: 640px) 100vw, 640px\" \/><\/a><p id=\"caption-attachment-2555\" class=\"wp-caption-text\">Veronica Kaup-Hasler, Wiener Stadtr\u00e4tin f\u00fcr Kultur und Wissenschaft und Elisabeth Noever-Ginth\u00f6r, Creativity&amp;Business Wirtschaftsagentur Wien bei der Podiumsdiskussion.<\/p><\/div>\n<p>Au\u00dferdem waren wir an Tag 2 des Symposiums auf Erkundungstour zu aktuellen Zwischennutzungsprojekten: Besucht wurden das <a href=\"https:\/\/kreativeraeumewien.us14.list-manage.com\/track\/click?u=3fe6daf9b3f701c4da8f63839&amp;id=c6561e50da&amp;e=703923c350\">WEST, ehemalige Sophienspital<\/a> mit dem neuen Wiener Kunstmarkt und diversen Veranstaltungen gleich beim Westbahnhof, <a href=\"https:\/\/kreativeraeumewien.us14.list-manage.com\/track\/click?u=3fe6daf9b3f701c4da8f63839&amp;id=ab45b7cfba&amp;e=703923c350\">das Packhaus <\/a>im dritten Bezirk als Start-Up-Hub und der <a href=\"https:\/\/kreativeraeumewien.us14.list-manage.com\/track\/click?u=3fe6daf9b3f701c4da8f63839&amp;id=900d5a958d&amp;e=703923c350\">Creative Cluster<\/a> in Margareten als kuratierte Kreativbrutst\u00e4tte und Kunstinkubator.<br><br>Ein gro\u00dfes Danke an dieser Stelle an Ulreich Bautr\u00e4ger, die Gebietsbetreuung Stadterneuerung (West) und den Kulturverein Highbrow Institut daf\u00fcr, dass wir das Kunstdeck in dem Zwischennutzungsprojekt <a href=\"https:\/\/kreativeraeumewien.us14.list-manage.com\/track\/click?u=3fe6daf9b3f701c4da8f63839&amp;id=5cdeeed746&amp;e=703923c350\">Garage Grande<\/a> in Ottakring diese beiden Tage f\u00fcr unser Symposium nutzen konnten- und an die Studierenden der Kunstschule Wien, die das Deck in der Zeit k\u00fcnstlerisch bespielt haben. Es ist so sch\u00f6n zu sehen, wie sich dieses Projekt weiterentwickelt und wie kooperative (Zwischen-) Nutzung gelingen kann.<\/p>\n<h2>Welche Potentiale liegen in Leerstandsaktivierung und Zwischennutzung?<\/h2>\n<p>Passend zum Symposium haben wir unsere <strong>Grafik zum &#8216;Mehrwert von Leerstandsaktivierung und Zwischennutzung&#8217;<\/strong> wieder ausgegraben: Denn die Vermeidung von Leerstand bzw. Leerstandsaktivierung und Zwischennutzung durch Kultur, Soziales, Kreativwirtschaft, Bildung und Stadtteilarbeit birgt Potentiale f\u00fcr unterschiedliche Bereiche unseres Lebens. Welche das sind, zeigt folgende Grafik anschaulich.<\/p>\n<div id=\"attachment_2588\" style=\"width: 650px\" class=\"wp-caption alignnone\"><a href=\"https:\/\/www.kreativeraeumewien.at\/wp-content\/uploads\/2021\/07\/Rolle_Page_4.jpg\"><img loading=\"lazy\" decoding=\"async\" aria-describedby=\"caption-attachment-2588\" class=\"wp-image-2589 size-large\" src=\"https:\/\/www.kreativeraeumewien.at\/wp-content\/uploads\/2021\/07\/Rolle_Page_4-1024x1024.jpg\" alt=\"Mehrwert von Zwischennutzung \" width=\"640\" height=\"640\" srcset=\"https:\/\/www.kreativeraeumewien.at\/wp-content\/uploads\/2021\/07\/Rolle_Page_4-1024x1024.jpg 1024w, https:\/\/www.kreativeraeumewien.at\/wp-content\/uploads\/2021\/07\/Rolle_Page_4-300x300.jpg 300w, https:\/\/www.kreativeraeumewien.at\/wp-content\/uploads\/2021\/07\/Rolle_Page_4-150x150.jpg 150w, https:\/\/www.kreativeraeumewien.at\/wp-content\/uploads\/2021\/07\/Rolle_Page_4-768x768.jpg 768w, https:\/\/www.kreativeraeumewien.at\/wp-content\/uploads\/2021\/07\/Rolle_Page_4.jpg 1497w\" sizes=\"auto, (max-width: 640px) 100vw, 640px\" \/><\/a><p id=\"caption-attachment-2588\" class=\"wp-caption-text\">Bereits vorhandenen Raum zu nutzen ist das Gebot der Stunde. Auch Raum ist eine Ressource. Sie wid geschon, indem sie genutzt wird.<\/p><\/div>\n<h2>Video-Interview beim Angewandte Festival&nbsp;<\/h2>\n<p>Studierende des Masterlehrgangs ecm &#8211; educating\/curating\/managing stellten beim Angewandte Festival Ende Juni Gleichheitsfragen in den Fokus ihrer Ausstellung &#8216;Sind wir schon da?&#8217;. Dabei ging es auch um die gerechte Verteilung r\u00e4umlicher Ressourcen.<br><br>Gesch\u00e4fte, B\u00fcros und Wohnungen umgeben den \u00f6ffentlichen Raum. W\u00e4hrend ein belebtes Umfeld diesen attraktiver machen kann, bewirken Leerst\u00e4nde oft das Gegenteil. Welche Probleme werden durch Leerst\u00e4nde sichtbar und wie k\u00f6nnten Alternativen aussehen? Uli Fries wurde dazu interviewt und war in der Ausstellung vom ECM-Masterlehrgang zu h\u00f6ren und zu sehen. Das Video-Interview kannst du <a href=\"https:\/\/sindwirschonda.ecm.ac.at\/8c_landstrasser_hauptstrasse_13\/\" target=\"_blank\" rel=\"noopener\"><span style=\"color: #0000ff;\">hier nachschauen.<\/span><\/a><\/p>\n<h2>OPEN CALL: Independent Foto Festival Wien \/\/ OFF GRID 2021<\/h2>\n<p>OFF GRID 2021, das Independent Foto Festival Wien, will die Wiener Off-Fotografie-Szene mit einem j\u00e4hrlichen Festival zusammenzubringen. In Kooperation mit Off-Spaces, Ateliers und Galerien in den Bezirken werden Ausstellungen mit Werken aus dem erweiterten Fotokunst-Bereich gezeigt, die aktuelle Relevanz und k\u00fcnstlerische Qualit\u00e4ten im Sinne einer freien Position aufweisen.<br><br><strong>Du m\u00f6chtest mitmachen und deine Werke im Zuge des Festivals ausstellen? Einreichschluss ist der 25. Juli.<\/strong><br><br>? 8.-12. September 2021<br>? Festival-Hauptquartier im Kretaviertel zwischen Ankerbrotfabrik und Kempelenpark: GREEN DOOR artists space &amp; gallery<br>? Kempelengasse 8, 1100 Wien<br><br>Mehr Infos: <a href=\"https:\/\/offgridfoto.at\/\"><span style=\"color: #0000ff;\">offgridfoto.at<\/span><\/a><\/p>\n<h2>Beratungen im Sommer<\/h2>\n<div id=\"attachment_2594\" style=\"width: 650px\" class=\"wp-caption alignnone\"><img loading=\"lazy\" decoding=\"async\" aria-describedby=\"caption-attachment-2594\" class=\"wp-image-2595 size-large\" src=\"https:\/\/www.kreativeraeumewien.at\/wp-content\/uploads\/2021\/07\/GRAeTZLOASE-1024x768.jpg\" alt=\"\" width=\"640\" height=\"480\" srcset=\"https:\/\/www.kreativeraeumewien.at\/wp-content\/uploads\/2021\/07\/GRAeTZLOASE-1024x768.jpg 1024w, https:\/\/www.kreativeraeumewien.at\/wp-content\/uploads\/2021\/07\/GRAeTZLOASE-300x225.jpg 300w, https:\/\/www.kreativeraeumewien.at\/wp-content\/uploads\/2021\/07\/GRAeTZLOASE-768x576.jpg 768w, https:\/\/www.kreativeraeumewien.at\/wp-content\/uploads\/2021\/07\/GRAeTZLOASE-1536x1152.jpg 1536w, https:\/\/www.kreativeraeumewien.at\/wp-content\/uploads\/2021\/07\/GRAeTZLOASE-2048x1536.jpg 2048w\" sizes=\"auto, (max-width: 640px) 100vw, 640px\" \/><p id=\"caption-attachment-2594\" class=\"wp-caption-text\">Unsere Gr\u00e4tzloase in der Kochgasse 25 steht! Schaut gerne vorbei, es gibt einen B\u00fcchertauschkasten und Schattenpl\u00e4tze. Au\u00dferdem k\u00f6nnen hier bei Sch\u00f6nwetter Beratungen stattfinden.<\/p><\/div>\n<p>Raumsuchende aufgepasst! <strong>Unsere pers\u00f6nlichen Beratungen finden im Juli wieder vor Ort in der Kochgasse 25 statt<\/strong> &#8211; nach Voranmeldung unter beratung@kreativeraeumewien.at jeweils dienstags 13 bis 17 Uhr. F\u00fcrs Erste hei\u00dft das: Bye bye Zoom, Skype und co, ihr seid nur noch eine Alternative.<br><br>Neben den pers\u00f6nlichen Beratungen, gibt es nat\u00fcrlich weiterhin laufend Online-Erstberatungen. Dazu bitte in das Formular f\u00fcr Raumsuchende <a href=\"https:\/\/www.kreativeraeumewien.at\/leistungen\/raumsuchende\/\" target=\"_blank\" rel=\"noopener\"><span style=\"color: #0000ff;\">hier eintragen.<\/span><\/a><br><br>Telefonische Beratungen finden jeweils Montag, Mittwoch und Donnerstag zwischen 11 und 15 Uhr statt.<br><br>Und: <strong>Im August machen wir und unsere Beratungen Sommerpause. <\/strong>So k\u00f6nnen wir in aller Frische wieder im September voller Energie f\u00fcr euch da sein.<\/p>\n","protected":false},"excerpt":{"rendered":"<p>Werfen wir einen Blick zur\u00fcck!<br \/>\nMitte Juni haben wir auf Initiative der Wirtschaftsagentur Wien zum Symposium geladen, um \u00fcber die Potenziale von Leerstand und Leerstandsaktivierung in Wien zu reden &#8211; und dabei auch einen Blick in andere europ\u00e4ische St\u00e4dte geworfen. Wir freuen uns, dass so viele vor Ort oder online dabei waren! Symposium verpasst? Kein Problem, auf unserer Seite kannst du die Vortr\u00e4ge nachh\u00f6ren.<\/p>\n<p>Was ist noch passiert? Uli Fries von den Kreativen R\u00e4umen Wien war beim Angewandte Festival Anfang Juli zu h\u00f6ren, es gibt einen Open Call f\u00fcr das Independent Foto Festival OFF GRID 2021 und unsere Beratungen finden im Juli wieder Face-to-Face statt.<\/p>\n","protected":false},"author":2,"featured_media":2309,"comment_status":"closed","ping_status":"closed","sticky":false,"template":"","format":"standard","meta":{"_acf_changed":false,"_eb_attr":"","footnotes":""},"categories":[82],"tags":[],"class_list":["post-2631","post","type-post","status-publish","format-standard","has-post-thumbnail","hentry","category-news-en"],"acf":[],"yoast_head":"<!-- This site is optimized with the Yoast SEO plugin v27.3 - https:\/\/yoast.com\/product\/yoast-seo-wordpress\/ -->\n<title>Neues im Juli - Kreative R\u00e4ume Wien<\/title>\n<meta name=\"description\" content=\"Werfen wir einen Blick zur\u00fcck! Unser Update im Juli zum Thema Zwischennutzung, Leerstand und Leerstandsaktivierung in Wien.\" \/>\n<meta name=\"robots\" content=\"index, follow, max-snippet:-1, max-image-preview:large, max-video-preview:-1\" \/>\n<link rel=\"canonical\" href=\"https:\/\/www.kreativeraeumewien.at\/en\/news-en\/neues-im-juli-%f0%9f%94%86\/\" \/>\n<meta property=\"og:locale\" content=\"en_US\" \/>\n<meta property=\"og:type\" content=\"article\" \/>\n<meta property=\"og:title\" content=\"Neues im Juli - Kreative R\u00e4ume Wien\" \/>\n<meta property=\"og:description\" content=\"Werfen wir einen Blick zur\u00fcck! Unser Update im Juli zum Thema Zwischennutzung, Leerstand und Leerstandsaktivierung in Wien.\" \/>\n<meta property=\"og:url\" content=\"https:\/\/www.kreativeraeumewien.at\/en\/news-en\/neues-im-juli-%f0%9f%94%86\/\" \/>\n<meta property=\"og:site_name\" content=\"Kreative R\u00e4ume Wien\" \/>\n<meta property=\"article:publisher\" content=\"https:\/\/www.facebook.com\/kreativeraeumewien\" \/>\n<meta property=\"article:published_time\" content=\"2021-07-09T14:45:30+00:00\" \/>\n<meta property=\"article:modified_time\" content=\"2022-08-02T11:54:39+00:00\" \/>\n<meta property=\"og:image\" content=\"https:\/\/www.kreativeraeumewien.at\/wp-content\/uploads\/2021\/05\/header_webside.jpg\" \/>\n\t<meta property=\"og:image:width\" content=\"820\" \/>\n\t<meta property=\"og:image:height\" content=\"400\" \/>\n\t<meta property=\"og:image:type\" content=\"image\/jpeg\" \/>\n<meta name=\"author\" content=\"kreative\" \/>\n<meta name=\"twitter:card\" content=\"summary_large_image\" \/>\n<meta name=\"twitter:label1\" content=\"Written by\" \/>\n\t<meta name=\"twitter:data1\" content=\"kreative\" \/>\n\t<meta name=\"twitter:label2\" content=\"Est. reading time\" \/>\n\t<meta name=\"twitter:data2\" content=\"5 minutes\" \/>\n<script type=\"application\/ld+json\" class=\"yoast-schema-graph\">{\"@context\":\"https:\\\/\\\/schema.org\",\"@graph\":[{\"@type\":\"Article\",\"@id\":\"https:\\\/\\\/www.kreativeraeumewien.at\\\/en\\\/news-en\\\/neues-im-juli-%f0%9f%94%86\\\/#article\",\"isPartOf\":{\"@id\":\"https:\\\/\\\/www.kreativeraeumewien.at\\\/en\\\/news-en\\\/neues-im-juli-%f0%9f%94%86\\\/\"},\"author\":{\"name\":\"kreative\",\"@id\":\"https:\\\/\\\/www.kreativeraeumewien.at\\\/en\\\/#\\\/schema\\\/person\\\/35b1cedbc652eb88fa4b3285cbde2537\"},\"headline\":\"Neues im Juli\",\"datePublished\":\"2021-07-09T14:45:30+00:00\",\"dateModified\":\"2022-08-02T11:54:39+00:00\",\"mainEntityOfPage\":{\"@id\":\"https:\\\/\\\/www.kreativeraeumewien.at\\\/en\\\/news-en\\\/neues-im-juli-%f0%9f%94%86\\\/\"},\"wordCount\":977,\"publisher\":{\"@id\":\"https:\\\/\\\/www.kreativeraeumewien.at\\\/en\\\/#organization\"},\"image\":{\"@id\":\"https:\\\/\\\/www.kreativeraeumewien.at\\\/en\\\/news-en\\\/neues-im-juli-%f0%9f%94%86\\\/#primaryimage\"},\"thumbnailUrl\":\"https:\\\/\\\/www.kreativeraeumewien.at\\\/wp-content\\\/uploads\\\/2021\\\/05\\\/header_webside.jpg\",\"articleSection\":[\"News\"],\"inLanguage\":\"en-US\"},{\"@type\":\"WebPage\",\"@id\":\"https:\\\/\\\/www.kreativeraeumewien.at\\\/en\\\/news-en\\\/neues-im-juli-%f0%9f%94%86\\\/\",\"url\":\"https:\\\/\\\/www.kreativeraeumewien.at\\\/en\\\/news-en\\\/neues-im-juli-%f0%9f%94%86\\\/\",\"name\":\"Neues im Juli - Kreative R\u00e4ume Wien\",\"isPartOf\":{\"@id\":\"https:\\\/\\\/www.kreativeraeumewien.at\\\/en\\\/#website\"},\"primaryImageOfPage\":{\"@id\":\"https:\\\/\\\/www.kreativeraeumewien.at\\\/en\\\/news-en\\\/neues-im-juli-%f0%9f%94%86\\\/#primaryimage\"},\"image\":{\"@id\":\"https:\\\/\\\/www.kreativeraeumewien.at\\\/en\\\/news-en\\\/neues-im-juli-%f0%9f%94%86\\\/#primaryimage\"},\"thumbnailUrl\":\"https:\\\/\\\/www.kreativeraeumewien.at\\\/wp-content\\\/uploads\\\/2021\\\/05\\\/header_webside.jpg\",\"datePublished\":\"2021-07-09T14:45:30+00:00\",\"dateModified\":\"2022-08-02T11:54:39+00:00\",\"description\":\"Werfen wir einen Blick zur\u00fcck! Unser Update im Juli zum Thema Zwischennutzung, Leerstand und Leerstandsaktivierung in Wien.\",\"breadcrumb\":{\"@id\":\"https:\\\/\\\/www.kreativeraeumewien.at\\\/en\\\/news-en\\\/neues-im-juli-%f0%9f%94%86\\\/#breadcrumb\"},\"inLanguage\":\"en-US\",\"potentialAction\":[{\"@type\":\"ReadAction\",\"target\":[\"https:\\\/\\\/www.kreativeraeumewien.at\\\/en\\\/news-en\\\/neues-im-juli-%f0%9f%94%86\\\/\"]}]},{\"@type\":\"ImageObject\",\"inLanguage\":\"en-US\",\"@id\":\"https:\\\/\\\/www.kreativeraeumewien.at\\\/en\\\/news-en\\\/neues-im-juli-%f0%9f%94%86\\\/#primaryimage\",\"url\":\"https:\\\/\\\/www.kreativeraeumewien.at\\\/wp-content\\\/uploads\\\/2021\\\/05\\\/header_webside.jpg\",\"contentUrl\":\"https:\\\/\\\/www.kreativeraeumewien.at\\\/wp-content\\\/uploads\\\/2021\\\/05\\\/header_webside.jpg\",\"width\":820,\"height\":400,\"caption\":\"Neues zu den Themen Leerstandsaktivierung und Zwischennutzung.\"},{\"@type\":\"BreadcrumbList\",\"@id\":\"https:\\\/\\\/www.kreativeraeumewien.at\\\/en\\\/news-en\\\/neues-im-juli-%f0%9f%94%86\\\/#breadcrumb\",\"itemListElement\":[{\"@type\":\"ListItem\",\"position\":1,\"name\":\"Startseite\",\"item\":\"https:\\\/\\\/www.kreativeraeumewien.at\\\/en\\\/\"},{\"@type\":\"ListItem\",\"position\":2,\"name\":\"Neues im Juli\"}]},{\"@type\":\"WebSite\",\"@id\":\"https:\\\/\\\/www.kreativeraeumewien.at\\\/en\\\/#website\",\"url\":\"https:\\\/\\\/www.kreativeraeumewien.at\\\/en\\\/\",\"name\":\"Kreative R\u00e4ume Wien\",\"description\":\"Service fu\u0308r Leerstandsaktivierung und Zwischennutzung f\u00fcr die Stadt Wien\",\"publisher\":{\"@id\":\"https:\\\/\\\/www.kreativeraeumewien.at\\\/en\\\/#organization\"},\"potentialAction\":[{\"@type\":\"SearchAction\",\"target\":{\"@type\":\"EntryPoint\",\"urlTemplate\":\"https:\\\/\\\/www.kreativeraeumewien.at\\\/en\\\/?s={search_term_string}\"},\"query-input\":{\"@type\":\"PropertyValueSpecification\",\"valueRequired\":true,\"valueName\":\"search_term_string\"}}],\"inLanguage\":\"en-US\"},{\"@type\":\"Organization\",\"@id\":\"https:\\\/\\\/www.kreativeraeumewien.at\\\/en\\\/#organization\",\"name\":\"Kreative R\u00e4ume Wien\",\"url\":\"https:\\\/\\\/www.kreativeraeumewien.at\\\/en\\\/\",\"logo\":{\"@type\":\"ImageObject\",\"inLanguage\":\"en-US\",\"@id\":\"https:\\\/\\\/www.kreativeraeumewien.at\\\/en\\\/#\\\/schema\\\/logo\\\/image\\\/\",\"url\":\"https:\\\/\\\/www.kreativeraeumewien.at\\\/wp-content\\\/uploads\\\/2021\\\/12\\\/KRW-LOGO.png\",\"contentUrl\":\"https:\\\/\\\/www.kreativeraeumewien.at\\\/wp-content\\\/uploads\\\/2021\\\/12\\\/KRW-LOGO.png\",\"width\":567,\"height\":567,\"caption\":\"Kreative R\u00e4ume Wien\"},\"image\":{\"@id\":\"https:\\\/\\\/www.kreativeraeumewien.at\\\/en\\\/#\\\/schema\\\/logo\\\/image\\\/\"},\"sameAs\":[\"https:\\\/\\\/www.facebook.com\\\/kreativeraeumewien\",\"https:\\\/\\\/www.instagram.com\\\/kreativeraeume\",\"https:\\\/\\\/www.linkedin.com\\\/company\\\/71490261\\\/\"]},{\"@type\":\"Person\",\"@id\":\"https:\\\/\\\/www.kreativeraeumewien.at\\\/en\\\/#\\\/schema\\\/person\\\/35b1cedbc652eb88fa4b3285cbde2537\",\"name\":\"kreative\",\"image\":{\"@type\":\"ImageObject\",\"inLanguage\":\"en-US\",\"@id\":\"https:\\\/\\\/secure.gravatar.com\\\/avatar\\\/88784b22c5c172056132cc44a3194213a0f02167beb0a9b64ff49b84e648f072?s=96&d=mm&r=g\",\"url\":\"https:\\\/\\\/secure.gravatar.com\\\/avatar\\\/88784b22c5c172056132cc44a3194213a0f02167beb0a9b64ff49b84e648f072?s=96&d=mm&r=g\",\"contentUrl\":\"https:\\\/\\\/secure.gravatar.com\\\/avatar\\\/88784b22c5c172056132cc44a3194213a0f02167beb0a9b64ff49b84e648f072?s=96&d=mm&r=g\",\"caption\":\"kreative\"},\"url\":\"https:\\\/\\\/www.kreativeraeumewien.at\\\/en\\\/author\\\/admin\\\/\"}]}<\/script>\n<!-- \/ Yoast SEO plugin. -->","yoast_head_json":{"title":"Neues im Juli - Kreative R\u00e4ume Wien","description":"Werfen wir einen Blick zur\u00fcck! Unser Update im Juli zum Thema Zwischennutzung, Leerstand und Leerstandsaktivierung in Wien.","robots":{"index":"index","follow":"follow","max-snippet":"max-snippet:-1","max-image-preview":"max-image-preview:large","max-video-preview":"max-video-preview:-1"},"canonical":"https:\/\/www.kreativeraeumewien.at\/en\/news-en\/neues-im-juli-%f0%9f%94%86\/","og_locale":"en_US","og_type":"article","og_title":"Neues im Juli - Kreative R\u00e4ume Wien","og_description":"Werfen wir einen Blick zur\u00fcck! Unser Update im Juli zum Thema Zwischennutzung, Leerstand und Leerstandsaktivierung in Wien.","og_url":"https:\/\/www.kreativeraeumewien.at\/en\/news-en\/neues-im-juli-%f0%9f%94%86\/","og_site_name":"Kreative R\u00e4ume Wien","article_publisher":"https:\/\/www.facebook.com\/kreativeraeumewien","article_published_time":"2021-07-09T14:45:30+00:00","article_modified_time":"2022-08-02T11:54:39+00:00","og_image":[{"width":820,"height":400,"url":"https:\/\/www.kreativeraeumewien.at\/wp-content\/uploads\/2021\/05\/header_webside.jpg","type":"image\/jpeg"}],"author":"kreative","twitter_card":"summary_large_image","twitter_misc":{"Written by":"kreative","Est. reading time":"5 minutes"},"schema":{"@context":"https:\/\/schema.org","@graph":[{"@type":"Article","@id":"https:\/\/www.kreativeraeumewien.at\/en\/news-en\/neues-im-juli-%f0%9f%94%86\/#article","isPartOf":{"@id":"https:\/\/www.kreativeraeumewien.at\/en\/news-en\/neues-im-juli-%f0%9f%94%86\/"},"author":{"name":"kreative","@id":"https:\/\/www.kreativeraeumewien.at\/en\/#\/schema\/person\/35b1cedbc652eb88fa4b3285cbde2537"},"headline":"Neues im Juli","datePublished":"2021-07-09T14:45:30+00:00","dateModified":"2022-08-02T11:54:39+00:00","mainEntityOfPage":{"@id":"https:\/\/www.kreativeraeumewien.at\/en\/news-en\/neues-im-juli-%f0%9f%94%86\/"},"wordCount":977,"publisher":{"@id":"https:\/\/www.kreativeraeumewien.at\/en\/#organization"},"image":{"@id":"https:\/\/www.kreativeraeumewien.at\/en\/news-en\/neues-im-juli-%f0%9f%94%86\/#primaryimage"},"thumbnailUrl":"https:\/\/www.kreativeraeumewien.at\/wp-content\/uploads\/2021\/05\/header_webside.jpg","articleSection":["News"],"inLanguage":"en-US"},{"@type":"WebPage","@id":"https:\/\/www.kreativeraeumewien.at\/en\/news-en\/neues-im-juli-%f0%9f%94%86\/","url":"https:\/\/www.kreativeraeumewien.at\/en\/news-en\/neues-im-juli-%f0%9f%94%86\/","name":"Neues im Juli - Kreative R\u00e4ume Wien","isPartOf":{"@id":"https:\/\/www.kreativeraeumewien.at\/en\/#website"},"primaryImageOfPage":{"@id":"https:\/\/www.kreativeraeumewien.at\/en\/news-en\/neues-im-juli-%f0%9f%94%86\/#primaryimage"},"image":{"@id":"https:\/\/www.kreativeraeumewien.at\/en\/news-en\/neues-im-juli-%f0%9f%94%86\/#primaryimage"},"thumbnailUrl":"https:\/\/www.kreativeraeumewien.at\/wp-content\/uploads\/2021\/05\/header_webside.jpg","datePublished":"2021-07-09T14:45:30+00:00","dateModified":"2022-08-02T11:54:39+00:00","description":"Werfen wir einen Blick zur\u00fcck! Unser Update im Juli zum Thema Zwischennutzung, Leerstand und Leerstandsaktivierung in Wien.","breadcrumb":{"@id":"https:\/\/www.kreativeraeumewien.at\/en\/news-en\/neues-im-juli-%f0%9f%94%86\/#breadcrumb"},"inLanguage":"en-US","potentialAction":[{"@type":"ReadAction","target":["https:\/\/www.kreativeraeumewien.at\/en\/news-en\/neues-im-juli-%f0%9f%94%86\/"]}]},{"@type":"ImageObject","inLanguage":"en-US","@id":"https:\/\/www.kreativeraeumewien.at\/en\/news-en\/neues-im-juli-%f0%9f%94%86\/#primaryimage","url":"https:\/\/www.kreativeraeumewien.at\/wp-content\/uploads\/2021\/05\/header_webside.jpg","contentUrl":"https:\/\/www.kreativeraeumewien.at\/wp-content\/uploads\/2021\/05\/header_webside.jpg","width":820,"height":400,"caption":"Neues zu den Themen Leerstandsaktivierung und Zwischennutzung."},{"@type":"BreadcrumbList","@id":"https:\/\/www.kreativeraeumewien.at\/en\/news-en\/neues-im-juli-%f0%9f%94%86\/#breadcrumb","itemListElement":[{"@type":"ListItem","position":1,"name":"Startseite","item":"https:\/\/www.kreativeraeumewien.at\/en\/"},{"@type":"ListItem","position":2,"name":"Neues im Juli"}]},{"@type":"WebSite","@id":"https:\/\/www.kreativeraeumewien.at\/en\/#website","url":"https:\/\/www.kreativeraeumewien.at\/en\/","name":"Kreative R\u00e4ume Wien","description":"Service fu\u0308r Leerstandsaktivierung und Zwischennutzung f\u00fcr die Stadt Wien","publisher":{"@id":"https:\/\/www.kreativeraeumewien.at\/en\/#organization"},"potentialAction":[{"@type":"SearchAction","target":{"@type":"EntryPoint","urlTemplate":"https:\/\/www.kreativeraeumewien.at\/en\/?s={search_term_string}"},"query-input":{"@type":"PropertyValueSpecification","valueRequired":true,"valueName":"search_term_string"}}],"inLanguage":"en-US"},{"@type":"Organization","@id":"https:\/\/www.kreativeraeumewien.at\/en\/#organization","name":"Kreative R\u00e4ume Wien","url":"https:\/\/www.kreativeraeumewien.at\/en\/","logo":{"@type":"ImageObject","inLanguage":"en-US","@id":"https:\/\/www.kreativeraeumewien.at\/en\/#\/schema\/logo\/image\/","url":"https:\/\/www.kreativeraeumewien.at\/wp-content\/uploads\/2021\/12\/KRW-LOGO.png","contentUrl":"https:\/\/www.kreativeraeumewien.at\/wp-content\/uploads\/2021\/12\/KRW-LOGO.png","width":567,"height":567,"caption":"Kreative R\u00e4ume Wien"},"image":{"@id":"https:\/\/www.kreativeraeumewien.at\/en\/#\/schema\/logo\/image\/"},"sameAs":["https:\/\/www.facebook.com\/kreativeraeumewien","https:\/\/www.instagram.com\/kreativeraeume","https:\/\/www.linkedin.com\/company\/71490261\/"]},{"@type":"Person","@id":"https:\/\/www.kreativeraeumewien.at\/en\/#\/schema\/person\/35b1cedbc652eb88fa4b3285cbde2537","name":"kreative","image":{"@type":"ImageObject","inLanguage":"en-US","@id":"https:\/\/secure.gravatar.com\/avatar\/88784b22c5c172056132cc44a3194213a0f02167beb0a9b64ff49b84e648f072?s=96&d=mm&r=g","url":"https:\/\/secure.gravatar.com\/avatar\/88784b22c5c172056132cc44a3194213a0f02167beb0a9b64ff49b84e648f072?s=96&d=mm&r=g","contentUrl":"https:\/\/secure.gravatar.com\/avatar\/88784b22c5c172056132cc44a3194213a0f02167beb0a9b64ff49b84e648f072?s=96&d=mm&r=g","caption":"kreative"},"url":"https:\/\/www.kreativeraeumewien.at\/en\/author\/admin\/"}]}},"_links":{"self":[{"href":"https:\/\/www.kreativeraeumewien.at\/en\/wp-json\/wp\/v2\/posts\/2631","targetHints":{"allow":["GET"]}}],"collection":[{"href":"https:\/\/www.kreativeraeumewien.at\/en\/wp-json\/wp\/v2\/posts"}],"about":[{"href":"https:\/\/www.kreativeraeumewien.at\/en\/wp-json\/wp\/v2\/types\/post"}],"author":[{"embeddable":true,"href":"https:\/\/www.kreativeraeumewien.at\/en\/wp-json\/wp\/v2\/users\/2"}],"replies":[{"embeddable":true,"href":"https:\/\/www.kreativeraeumewien.at\/en\/wp-json\/wp\/v2\/comments?post=2631"}],"version-history":[{"count":0,"href":"https:\/\/www.kreativeraeumewien.at\/en\/wp-json\/wp\/v2\/posts\/2631\/revisions"}],"wp:featuredmedia":[{"embeddable":true,"href":"https:\/\/www.kreativeraeumewien.at\/en\/wp-json\/wp\/v2\/media\/2309"}],"wp:attachment":[{"href":"https:\/\/www.kreativeraeumewien.at\/en\/wp-json\/wp\/v2\/media?parent=2631"}],"wp:term":[{"taxonomy":"category","embeddable":true,"href":"https:\/\/www.kreativeraeumewien.at\/en\/wp-json\/wp\/v2\/categories?post=2631"},{"taxonomy":"post_tag","embeddable":true,"href":"https:\/\/www.kreativeraeumewien.at\/en\/wp-json\/wp\/v2\/tags?post=2631"}],"curies":[{"name":"wp","href":"https:\/\/api.w.org\/{rel}","templated":true}]}}