{"id":2700,"date":"2021-09-13T13:25:56","date_gmt":"2021-09-13T11:25:56","guid":{"rendered":"https:\/\/www.kreativeraeumewien.at\/cafekraenzchen-beim-parking-day-2021\/"},"modified":"2021-11-23T15:50:56","modified_gmt":"2021-11-23T14:50:56","slug":"cafekraenzchen-beim-parking-day-2021","status":"publish","type":"post","link":"https:\/\/www.kreativeraeumewien.at\/en\/news-en\/cafekraenzchen-beim-parking-day-2021\/","title":{"rendered":"PARK(ing) Day 2021: Komm zum Caf\u00e9kr\u00e4nzchen"},"content":{"rendered":"\n<p style=\"text-align: right;\">13.9.2021<\/p>\n<p><strong>Wir machen mit beim PARK(ing)day 2021! Besuch uns am Freitag, dem 17. September zwischen 13 und 16 Uhr in unserer Gr\u00e4tzloase in der Kochgasse 25.\u00a0<\/strong><\/p>\n<p>Bl\u00e4ttere in den B\u00fcchern aus unserem B\u00fcchertuschkasten, tausch dich mit der Nachbarschaft aus, informiere dich rund um die Themen Leerstandsaktivierung und Zwischennutzung &#8211; oder trink einfach nur einen Caf\u00e9. Im Schatten der angrenzenden Linde, fast wie an Deck eines kleinen Schiffes, entfaltet sich eine geradezu ideale Szenerie f\u00fcr kleine Auszeiten, sei es zum gem\u00fctlichen Plausch zwischen Nachbar:innen oder zur Verschnaufpause beim Spaziergang. Wir freuen uns \u00fcber Besuch!<\/p>\n<p>? Wo: Kochgasse 25, 1080 Wien <br \/>? Wann: 13 bis 16 Uhr<\/p>\n<p>Am PARK(ing)day finden international Aktionen statt, die Parkpl\u00e4tze in lebendige Orte f\u00fcr die Nachbarschaft verwandeln. In Wien haben letztes Jahr auf rund 30 Parklets kleine, feine Aktionen stattgefunden. Auch dieses Jahr setzt der PARK(ing)day wieder ein starkes Zeichen f\u00fcr vielf\u00e4ltig genutzte Freir\u00e4ume in der Stadt.<\/p>\n<p>\u00a0<\/p>\n<p>*Am Freitag findet au\u00dferdem das Josefst\u00e4dter Stra\u00dfenfest &#8216;Josef:ine&#8217; statt. Unsere Gr\u00e4tzloase ist also ein guter Start- oder Pausenpunkt f\u00fcr die Erkundung des bunten Programms im achten Bezirk!<\/p>\n<p>Mehr Infos: <a href=\"https:\/\/www.facebook.com\/events\/306350197890361\" target=\"_blank\" rel=\"noopener\"><span style=\"color: #0000ff;\">Facebook-Veranstaltung zum Josefst\u00e4dter Stra\u00dfenfest<\/span><\/a><\/p>\n","protected":false},"excerpt":{"rendered":"<p>13.9.2021 Wir machen mit beim PARK(ing)day 2021! Besuch uns am Freitag, dem 17. September zwischen 13 und 16 Uhr in unserer Gr\u00e4tzloase in der Kochgasse 25.\u00a0 Bl\u00e4ttere in den B\u00fcchern aus unserem B\u00fcchertuschkasten, tausch dich mit der Nachbarschaft aus, informiere dich rund um die Themen Leerstandsaktivierung und Zwischennutzung &#8211; oder trink einfach nur einen Caf\u00e9. [&hellip;]<\/p>\n","protected":false},"author":2,"featured_media":2697,"comment_status":"closed","ping_status":"closed","sticky":false,"template":"","format":"standard","meta":{"_acf_changed":false,"_eb_attr":"","footnotes":""},"categories":[82],"tags":[90,89,169],"class_list":["post-2700","post","type-post","status-publish","format-standard","has-post-thumbnail","hentry","category-news-en","tag-graetzloase-en","tag-krw-en","tag-parkingday-en"],"acf":[],"yoast_head":"<!-- This site is optimized with the Yoast SEO plugin v27.3 - https:\/\/yoast.com\/product\/yoast-seo-wordpress\/ -->\n<title>PARK(ing) Day 2021: Komm zum Caf\u00e9kr\u00e4nzchen - Kreative R\u00e4ume Wien<\/title>\n<meta name=\"description\" content=\"Die Kreativen R\u00e4ume Wien machen mit beim PARK(ing)day 2021! Am Freitag, dem 17. September 13 bis 16 Uhr in der Kochgasse 25.\" \/>\n<meta name=\"robots\" content=\"index, follow, max-snippet:-1, max-image-preview:large, max-video-preview:-1\" \/>\n<link rel=\"canonical\" href=\"https:\/\/www.kreativeraeumewien.at\/en\/news-en\/cafekraenzchen-beim-parking-day-2021\/\" \/>\n<meta property=\"og:locale\" content=\"en_US\" \/>\n<meta property=\"og:type\" content=\"article\" \/>\n<meta property=\"og:title\" content=\"PARK(ing) Day 2021: Komm zum Caf\u00e9kr\u00e4nzchen - Kreative R\u00e4ume Wien\" \/>\n<meta property=\"og:description\" content=\"Die Kreativen R\u00e4ume Wien machen mit beim PARK(ing)day 2021! Am Freitag, dem 17. September 13 bis 16 Uhr in der Kochgasse 25.\" \/>\n<meta property=\"og:url\" content=\"https:\/\/www.kreativeraeumewien.at\/en\/news-en\/cafekraenzchen-beim-parking-day-2021\/\" \/>\n<meta property=\"og:site_name\" content=\"Kreative R\u00e4ume Wien\" \/>\n<meta property=\"article:publisher\" content=\"https:\/\/www.facebook.com\/kreativeraeumewien\" \/>\n<meta property=\"article:published_time\" content=\"2021-09-13T11:25:56+00:00\" \/>\n<meta property=\"article:modified_time\" content=\"2021-11-23T14:50:56+00:00\" \/>\n<meta property=\"og:image\" content=\"https:\/\/www.kreativeraeumewien.at\/wp-content\/uploads\/2021\/09\/Gra\u0308tzloase-Kochgasse.jpeg\" \/>\n\t<meta property=\"og:image:width\" content=\"1280\" \/>\n\t<meta property=\"og:image:height\" content=\"933\" \/>\n\t<meta property=\"og:image:type\" content=\"image\/jpeg\" \/>\n<meta name=\"author\" content=\"kreative\" \/>\n<meta name=\"twitter:card\" content=\"summary_large_image\" \/>\n<meta name=\"twitter:label1\" content=\"Written by\" \/>\n\t<meta name=\"twitter:data1\" content=\"kreative\" \/>\n\t<meta name=\"twitter:label2\" content=\"Est. reading time\" \/>\n\t<meta name=\"twitter:data2\" content=\"1 minute\" \/>\n<script type=\"application\/ld+json\" class=\"yoast-schema-graph\">{\"@context\":\"https:\\\/\\\/schema.org\",\"@graph\":[{\"@type\":\"Article\",\"@id\":\"https:\\\/\\\/www.kreativeraeumewien.at\\\/en\\\/news-en\\\/cafekraenzchen-beim-parking-day-2021\\\/#article\",\"isPartOf\":{\"@id\":\"https:\\\/\\\/www.kreativeraeumewien.at\\\/en\\\/news-en\\\/cafekraenzchen-beim-parking-day-2021\\\/\"},\"author\":{\"name\":\"kreative\",\"@id\":\"https:\\\/\\\/www.kreativeraeumewien.at\\\/en\\\/#\\\/schema\\\/person\\\/35b1cedbc652eb88fa4b3285cbde2537\"},\"headline\":\"PARK(ing) Day 2021: Komm zum Caf\u00e9kr\u00e4nzchen\",\"datePublished\":\"2021-09-13T11:25:56+00:00\",\"dateModified\":\"2021-11-23T14:50:56+00:00\",\"mainEntityOfPage\":{\"@id\":\"https:\\\/\\\/www.kreativeraeumewien.at\\\/en\\\/news-en\\\/cafekraenzchen-beim-parking-day-2021\\\/\"},\"wordCount\":204,\"publisher\":{\"@id\":\"https:\\\/\\\/www.kreativeraeumewien.at\\\/en\\\/#organization\"},\"image\":{\"@id\":\"https:\\\/\\\/www.kreativeraeumewien.at\\\/en\\\/news-en\\\/cafekraenzchen-beim-parking-day-2021\\\/#primaryimage\"},\"thumbnailUrl\":\"https:\\\/\\\/www.kreativeraeumewien.at\\\/wp-content\\\/uploads\\\/2021\\\/09\\\/Gra\u0308tzloase-Kochgasse.jpeg\",\"keywords\":[\"Gr\u00e4tzloase\",\"KRW\",\"PARK(ing)day\"],\"articleSection\":[\"News\"],\"inLanguage\":\"en-US\"},{\"@type\":\"WebPage\",\"@id\":\"https:\\\/\\\/www.kreativeraeumewien.at\\\/en\\\/news-en\\\/cafekraenzchen-beim-parking-day-2021\\\/\",\"url\":\"https:\\\/\\\/www.kreativeraeumewien.at\\\/en\\\/news-en\\\/cafekraenzchen-beim-parking-day-2021\\\/\",\"name\":\"PARK(ing) Day 2021: Komm zum Caf\u00e9kr\u00e4nzchen - Kreative R\u00e4ume Wien\",\"isPartOf\":{\"@id\":\"https:\\\/\\\/www.kreativeraeumewien.at\\\/en\\\/#website\"},\"primaryImageOfPage\":{\"@id\":\"https:\\\/\\\/www.kreativeraeumewien.at\\\/en\\\/news-en\\\/cafekraenzchen-beim-parking-day-2021\\\/#primaryimage\"},\"image\":{\"@id\":\"https:\\\/\\\/www.kreativeraeumewien.at\\\/en\\\/news-en\\\/cafekraenzchen-beim-parking-day-2021\\\/#primaryimage\"},\"thumbnailUrl\":\"https:\\\/\\\/www.kreativeraeumewien.at\\\/wp-content\\\/uploads\\\/2021\\\/09\\\/Gra\u0308tzloase-Kochgasse.jpeg\",\"datePublished\":\"2021-09-13T11:25:56+00:00\",\"dateModified\":\"2021-11-23T14:50:56+00:00\",\"description\":\"Die Kreativen R\u00e4ume Wien machen mit beim PARK(ing)day 2021! Am Freitag, dem 17. September 13 bis 16 Uhr in der Kochgasse 25.\",\"breadcrumb\":{\"@id\":\"https:\\\/\\\/www.kreativeraeumewien.at\\\/en\\\/news-en\\\/cafekraenzchen-beim-parking-day-2021\\\/#breadcrumb\"},\"inLanguage\":\"en-US\",\"potentialAction\":[{\"@type\":\"ReadAction\",\"target\":[\"https:\\\/\\\/www.kreativeraeumewien.at\\\/en\\\/news-en\\\/cafekraenzchen-beim-parking-day-2021\\\/\"]}]},{\"@type\":\"ImageObject\",\"inLanguage\":\"en-US\",\"@id\":\"https:\\\/\\\/www.kreativeraeumewien.at\\\/en\\\/news-en\\\/cafekraenzchen-beim-parking-day-2021\\\/#primaryimage\",\"url\":\"https:\\\/\\\/www.kreativeraeumewien.at\\\/wp-content\\\/uploads\\\/2021\\\/09\\\/Gra\u0308tzloase-Kochgasse.jpeg\",\"contentUrl\":\"https:\\\/\\\/www.kreativeraeumewien.at\\\/wp-content\\\/uploads\\\/2021\\\/09\\\/Gra\u0308tzloase-Kochgasse.jpeg\",\"width\":1280,\"height\":933,\"caption\":\"Gra\u0308tzloase Kochgasse\"},{\"@type\":\"BreadcrumbList\",\"@id\":\"https:\\\/\\\/www.kreativeraeumewien.at\\\/en\\\/news-en\\\/cafekraenzchen-beim-parking-day-2021\\\/#breadcrumb\",\"itemListElement\":[{\"@type\":\"ListItem\",\"position\":1,\"name\":\"Startseite\",\"item\":\"https:\\\/\\\/www.kreativeraeumewien.at\\\/en\\\/\"},{\"@type\":\"ListItem\",\"position\":2,\"name\":\"PARK(ing) Day 2021: Komm zum Caf\u00e9kr\u00e4nzchen\"}]},{\"@type\":\"WebSite\",\"@id\":\"https:\\\/\\\/www.kreativeraeumewien.at\\\/en\\\/#website\",\"url\":\"https:\\\/\\\/www.kreativeraeumewien.at\\\/en\\\/\",\"name\":\"Kreative R\u00e4ume Wien\",\"description\":\"Service fu\u0308r Leerstandsaktivierung und Zwischennutzung f\u00fcr die Stadt Wien\",\"publisher\":{\"@id\":\"https:\\\/\\\/www.kreativeraeumewien.at\\\/en\\\/#organization\"},\"potentialAction\":[{\"@type\":\"SearchAction\",\"target\":{\"@type\":\"EntryPoint\",\"urlTemplate\":\"https:\\\/\\\/www.kreativeraeumewien.at\\\/en\\\/?s={search_term_string}\"},\"query-input\":{\"@type\":\"PropertyValueSpecification\",\"valueRequired\":true,\"valueName\":\"search_term_string\"}}],\"inLanguage\":\"en-US\"},{\"@type\":\"Organization\",\"@id\":\"https:\\\/\\\/www.kreativeraeumewien.at\\\/en\\\/#organization\",\"name\":\"Kreative R\u00e4ume Wien\",\"url\":\"https:\\\/\\\/www.kreativeraeumewien.at\\\/en\\\/\",\"logo\":{\"@type\":\"ImageObject\",\"inLanguage\":\"en-US\",\"@id\":\"https:\\\/\\\/www.kreativeraeumewien.at\\\/en\\\/#\\\/schema\\\/logo\\\/image\\\/\",\"url\":\"https:\\\/\\\/www.kreativeraeumewien.at\\\/wp-content\\\/uploads\\\/2021\\\/12\\\/KRW-LOGO.png\",\"contentUrl\":\"https:\\\/\\\/www.kreativeraeumewien.at\\\/wp-content\\\/uploads\\\/2021\\\/12\\\/KRW-LOGO.png\",\"width\":567,\"height\":567,\"caption\":\"Kreative R\u00e4ume Wien\"},\"image\":{\"@id\":\"https:\\\/\\\/www.kreativeraeumewien.at\\\/en\\\/#\\\/schema\\\/logo\\\/image\\\/\"},\"sameAs\":[\"https:\\\/\\\/www.facebook.com\\\/kreativeraeumewien\",\"https:\\\/\\\/www.instagram.com\\\/kreativeraeume\",\"https:\\\/\\\/www.linkedin.com\\\/company\\\/71490261\\\/\"]},{\"@type\":\"Person\",\"@id\":\"https:\\\/\\\/www.kreativeraeumewien.at\\\/en\\\/#\\\/schema\\\/person\\\/35b1cedbc652eb88fa4b3285cbde2537\",\"name\":\"kreative\",\"image\":{\"@type\":\"ImageObject\",\"inLanguage\":\"en-US\",\"@id\":\"https:\\\/\\\/secure.gravatar.com\\\/avatar\\\/88784b22c5c172056132cc44a3194213a0f02167beb0a9b64ff49b84e648f072?s=96&d=mm&r=g\",\"url\":\"https:\\\/\\\/secure.gravatar.com\\\/avatar\\\/88784b22c5c172056132cc44a3194213a0f02167beb0a9b64ff49b84e648f072?s=96&d=mm&r=g\",\"contentUrl\":\"https:\\\/\\\/secure.gravatar.com\\\/avatar\\\/88784b22c5c172056132cc44a3194213a0f02167beb0a9b64ff49b84e648f072?s=96&d=mm&r=g\",\"caption\":\"kreative\"},\"url\":\"https:\\\/\\\/www.kreativeraeumewien.at\\\/en\\\/author\\\/admin\\\/\"}]}<\/script>\n<!-- \/ Yoast SEO plugin. -->","yoast_head_json":{"title":"PARK(ing) Day 2021: Komm zum Caf\u00e9kr\u00e4nzchen - Kreative R\u00e4ume Wien","description":"Die Kreativen R\u00e4ume Wien machen mit beim PARK(ing)day 2021! Am Freitag, dem 17. September 13 bis 16 Uhr in der Kochgasse 25.","robots":{"index":"index","follow":"follow","max-snippet":"max-snippet:-1","max-image-preview":"max-image-preview:large","max-video-preview":"max-video-preview:-1"},"canonical":"https:\/\/www.kreativeraeumewien.at\/en\/news-en\/cafekraenzchen-beim-parking-day-2021\/","og_locale":"en_US","og_type":"article","og_title":"PARK(ing) Day 2021: Komm zum Caf\u00e9kr\u00e4nzchen - Kreative R\u00e4ume Wien","og_description":"Die Kreativen R\u00e4ume Wien machen mit beim PARK(ing)day 2021! Am Freitag, dem 17. September 13 bis 16 Uhr in der Kochgasse 25.","og_url":"https:\/\/www.kreativeraeumewien.at\/en\/news-en\/cafekraenzchen-beim-parking-day-2021\/","og_site_name":"Kreative R\u00e4ume Wien","article_publisher":"https:\/\/www.facebook.com\/kreativeraeumewien","article_published_time":"2021-09-13T11:25:56+00:00","article_modified_time":"2021-11-23T14:50:56+00:00","og_image":[{"width":1280,"height":933,"url":"https:\/\/www.kreativeraeumewien.at\/wp-content\/uploads\/2021\/09\/Gra\u0308tzloase-Kochgasse.jpeg","type":"image\/jpeg"}],"author":"kreative","twitter_card":"summary_large_image","twitter_misc":{"Written by":"kreative","Est. reading time":"1 minute"},"schema":{"@context":"https:\/\/schema.org","@graph":[{"@type":"Article","@id":"https:\/\/www.kreativeraeumewien.at\/en\/news-en\/cafekraenzchen-beim-parking-day-2021\/#article","isPartOf":{"@id":"https:\/\/www.kreativeraeumewien.at\/en\/news-en\/cafekraenzchen-beim-parking-day-2021\/"},"author":{"name":"kreative","@id":"https:\/\/www.kreativeraeumewien.at\/en\/#\/schema\/person\/35b1cedbc652eb88fa4b3285cbde2537"},"headline":"PARK(ing) Day 2021: Komm zum Caf\u00e9kr\u00e4nzchen","datePublished":"2021-09-13T11:25:56+00:00","dateModified":"2021-11-23T14:50:56+00:00","mainEntityOfPage":{"@id":"https:\/\/www.kreativeraeumewien.at\/en\/news-en\/cafekraenzchen-beim-parking-day-2021\/"},"wordCount":204,"publisher":{"@id":"https:\/\/www.kreativeraeumewien.at\/en\/#organization"},"image":{"@id":"https:\/\/www.kreativeraeumewien.at\/en\/news-en\/cafekraenzchen-beim-parking-day-2021\/#primaryimage"},"thumbnailUrl":"https:\/\/www.kreativeraeumewien.at\/wp-content\/uploads\/2021\/09\/Gra\u0308tzloase-Kochgasse.jpeg","keywords":["Gr\u00e4tzloase","KRW","PARK(ing)day"],"articleSection":["News"],"inLanguage":"en-US"},{"@type":"WebPage","@id":"https:\/\/www.kreativeraeumewien.at\/en\/news-en\/cafekraenzchen-beim-parking-day-2021\/","url":"https:\/\/www.kreativeraeumewien.at\/en\/news-en\/cafekraenzchen-beim-parking-day-2021\/","name":"PARK(ing) Day 2021: Komm zum Caf\u00e9kr\u00e4nzchen - Kreative R\u00e4ume Wien","isPartOf":{"@id":"https:\/\/www.kreativeraeumewien.at\/en\/#website"},"primaryImageOfPage":{"@id":"https:\/\/www.kreativeraeumewien.at\/en\/news-en\/cafekraenzchen-beim-parking-day-2021\/#primaryimage"},"image":{"@id":"https:\/\/www.kreativeraeumewien.at\/en\/news-en\/cafekraenzchen-beim-parking-day-2021\/#primaryimage"},"thumbnailUrl":"https:\/\/www.kreativeraeumewien.at\/wp-content\/uploads\/2021\/09\/Gra\u0308tzloase-Kochgasse.jpeg","datePublished":"2021-09-13T11:25:56+00:00","dateModified":"2021-11-23T14:50:56+00:00","description":"Die Kreativen R\u00e4ume Wien machen mit beim PARK(ing)day 2021! Am Freitag, dem 17. September 13 bis 16 Uhr in der Kochgasse 25.","breadcrumb":{"@id":"https:\/\/www.kreativeraeumewien.at\/en\/news-en\/cafekraenzchen-beim-parking-day-2021\/#breadcrumb"},"inLanguage":"en-US","potentialAction":[{"@type":"ReadAction","target":["https:\/\/www.kreativeraeumewien.at\/en\/news-en\/cafekraenzchen-beim-parking-day-2021\/"]}]},{"@type":"ImageObject","inLanguage":"en-US","@id":"https:\/\/www.kreativeraeumewien.at\/en\/news-en\/cafekraenzchen-beim-parking-day-2021\/#primaryimage","url":"https:\/\/www.kreativeraeumewien.at\/wp-content\/uploads\/2021\/09\/Gra\u0308tzloase-Kochgasse.jpeg","contentUrl":"https:\/\/www.kreativeraeumewien.at\/wp-content\/uploads\/2021\/09\/Gra\u0308tzloase-Kochgasse.jpeg","width":1280,"height":933,"caption":"Gra\u0308tzloase Kochgasse"},{"@type":"BreadcrumbList","@id":"https:\/\/www.kreativeraeumewien.at\/en\/news-en\/cafekraenzchen-beim-parking-day-2021\/#breadcrumb","itemListElement":[{"@type":"ListItem","position":1,"name":"Startseite","item":"https:\/\/www.kreativeraeumewien.at\/en\/"},{"@type":"ListItem","position":2,"name":"PARK(ing) Day 2021: Komm zum Caf\u00e9kr\u00e4nzchen"}]},{"@type":"WebSite","@id":"https:\/\/www.kreativeraeumewien.at\/en\/#website","url":"https:\/\/www.kreativeraeumewien.at\/en\/","name":"Kreative R\u00e4ume Wien","description":"Service fu\u0308r Leerstandsaktivierung und Zwischennutzung f\u00fcr die Stadt Wien","publisher":{"@id":"https:\/\/www.kreativeraeumewien.at\/en\/#organization"},"potentialAction":[{"@type":"SearchAction","target":{"@type":"EntryPoint","urlTemplate":"https:\/\/www.kreativeraeumewien.at\/en\/?s={search_term_string}"},"query-input":{"@type":"PropertyValueSpecification","valueRequired":true,"valueName":"search_term_string"}}],"inLanguage":"en-US"},{"@type":"Organization","@id":"https:\/\/www.kreativeraeumewien.at\/en\/#organization","name":"Kreative R\u00e4ume Wien","url":"https:\/\/www.kreativeraeumewien.at\/en\/","logo":{"@type":"ImageObject","inLanguage":"en-US","@id":"https:\/\/www.kreativeraeumewien.at\/en\/#\/schema\/logo\/image\/","url":"https:\/\/www.kreativeraeumewien.at\/wp-content\/uploads\/2021\/12\/KRW-LOGO.png","contentUrl":"https:\/\/www.kreativeraeumewien.at\/wp-content\/uploads\/2021\/12\/KRW-LOGO.png","width":567,"height":567,"caption":"Kreative R\u00e4ume Wien"},"image":{"@id":"https:\/\/www.kreativeraeumewien.at\/en\/#\/schema\/logo\/image\/"},"sameAs":["https:\/\/www.facebook.com\/kreativeraeumewien","https:\/\/www.instagram.com\/kreativeraeume","https:\/\/www.linkedin.com\/company\/71490261\/"]},{"@type":"Person","@id":"https:\/\/www.kreativeraeumewien.at\/en\/#\/schema\/person\/35b1cedbc652eb88fa4b3285cbde2537","name":"kreative","image":{"@type":"ImageObject","inLanguage":"en-US","@id":"https:\/\/secure.gravatar.com\/avatar\/88784b22c5c172056132cc44a3194213a0f02167beb0a9b64ff49b84e648f072?s=96&d=mm&r=g","url":"https:\/\/secure.gravatar.com\/avatar\/88784b22c5c172056132cc44a3194213a0f02167beb0a9b64ff49b84e648f072?s=96&d=mm&r=g","contentUrl":"https:\/\/secure.gravatar.com\/avatar\/88784b22c5c172056132cc44a3194213a0f02167beb0a9b64ff49b84e648f072?s=96&d=mm&r=g","caption":"kreative"},"url":"https:\/\/www.kreativeraeumewien.at\/en\/author\/admin\/"}]}},"_links":{"self":[{"href":"https:\/\/www.kreativeraeumewien.at\/en\/wp-json\/wp\/v2\/posts\/2700","targetHints":{"allow":["GET"]}}],"collection":[{"href":"https:\/\/www.kreativeraeumewien.at\/en\/wp-json\/wp\/v2\/posts"}],"about":[{"href":"https:\/\/www.kreativeraeumewien.at\/en\/wp-json\/wp\/v2\/types\/post"}],"author":[{"embeddable":true,"href":"https:\/\/www.kreativeraeumewien.at\/en\/wp-json\/wp\/v2\/users\/2"}],"replies":[{"embeddable":true,"href":"https:\/\/www.kreativeraeumewien.at\/en\/wp-json\/wp\/v2\/comments?post=2700"}],"version-history":[{"count":0,"href":"https:\/\/www.kreativeraeumewien.at\/en\/wp-json\/wp\/v2\/posts\/2700\/revisions"}],"wp:featuredmedia":[{"embeddable":true,"href":"https:\/\/www.kreativeraeumewien.at\/en\/wp-json\/wp\/v2\/media\/2697"}],"wp:attachment":[{"href":"https:\/\/www.kreativeraeumewien.at\/en\/wp-json\/wp\/v2\/media?parent=2700"}],"wp:term":[{"taxonomy":"category","embeddable":true,"href":"https:\/\/www.kreativeraeumewien.at\/en\/wp-json\/wp\/v2\/categories?post=2700"},{"taxonomy":"post_tag","embeddable":true,"href":"https:\/\/www.kreativeraeumewien.at\/en\/wp-json\/wp\/v2\/tags?post=2700"}],"curies":[{"name":"wp","href":"https:\/\/api.w.org\/{rel}","templated":true}]}}