{"id":2811,"date":"2021-10-26T16:16:00","date_gmt":"2021-10-26T14:16:00","guid":{"rendered":"https:\/\/www.kreativeraeumewien.at\/news-oktober\/"},"modified":"2021-11-23T16:00:03","modified_gmt":"2021-11-23T15:00:03","slug":"news-oktober","status":"publish","type":"post","link":"https:\/\/www.kreativeraeumewien.at\/en\/news-en\/news-oktober\/","title":{"rendered":"Neues im Oktober"},"content":{"rendered":"\n<p style=\"text-align: right;\">26.10.2021<\/p>\n<p>Zeit f\u00fcr eine Neugeburt! Die Bundesimmobiliengesellschaft (BIG) sucht Konzepte f\u00fcr eine zweij\u00e4hrige Zwischennutzung von Haus IV am Areal der ehemaligen Semmelweisklinik. Au\u00dferdem: SOHO im Gemeindebau, bye bye Kunstraum Oststation und die Vienna Art Week im ehemaligen Autohaus.\u00a0<\/p>\n<h1>Call: Zwischennutzung Semmelweisklinik<\/h1>\n<div id=\"attachment_2845\" style=\"width: 790px\" class=\"wp-caption alignnone\"><a href=\"https:\/\/www.kreativeraeumewien.at\/news\/call-semmelweisklinik\/\"><img loading=\"lazy\" decoding=\"async\" aria-describedby=\"caption-attachment-2845\" class=\"wp-image-2846\" src=\"https:\/\/www.kreativeraeumewien.at\/wp-content\/uploads\/2021\/10\/Foto_KRW_Katharina_Egg-6.jpg\" alt=\"Ehemalige K\u00fcche in Haus IV der Semmelweisklinik\" width=\"780\" height=\"509\" srcset=\"https:\/\/www.kreativeraeumewien.at\/wp-content\/uploads\/2021\/10\/Foto_KRW_Katharina_Egg-6.jpg 1020w, https:\/\/www.kreativeraeumewien.at\/wp-content\/uploads\/2021\/10\/Foto_KRW_Katharina_Egg-6-300x196.jpg 300w, https:\/\/www.kreativeraeumewien.at\/wp-content\/uploads\/2021\/10\/Foto_KRW_Katharina_Egg-6-768x501.jpg 768w\" sizes=\"auto, (max-width: 780px) 100vw, 780px\" \/><\/a><p id=\"caption-attachment-2845\" class=\"wp-caption-text\">Was k\u00f6nnte hier in der ehemaligen K\u00fcche des &#8216;Gewerbehauses&#8217; am Areal der ehemaligen Semmelweisklinik entstehen? Foto: Katharina Egg<\/p><\/div>\n<p>Welcher tempor\u00e4re Nutzungsmix ist auf den insgesamt rund 3.000 Quadratmetern im Haus IV am Areal der ehem. Semmelweisklinik denkbar? Wer m\u00f6chte Verantwortung \u00fcbernehmen und das Geb\u00e4ude bespielen?<\/p>\n<p>Die Bundesimmobiliengesellschaft <a href=\"https:\/\/www.kreativeraeumewien.at\/news\/call-semmelweisklinik\/\" target=\"_blank\" rel=\"noopener\"><span style=\"color: #0000ff;\">sucht Interessent:innen f\u00fcr eine zweij\u00e4hrige Zwischennutzung von Haus IV aus den Bereichen Bildung, Soziales, Kunst und Kultur.<\/span><\/a><\/p>\n<p>Die Besichtigungen finden am Donnerstag, den 28.10. und Mittwoch, den 3.11. statt. Die Frist f\u00fcr erste Kurzkonzepte in dem zweistufigen Prozess ist der 28. November 2021. Geplanter Projektstart ist Fr\u00fchling 2022.<\/p>\n<p>Wir von den Kreativen R\u00e4umen Wien begleiten den Prozess der Zwischennutzung und freuen uns schon auf spannende Konzepte!<\/p>\n<h1>Er\u00f6ffnung: SOHO Studios im Sandleitenhof<\/h1>\n<p><a href=\"https:\/\/sohostudios.at\/\"><img loading=\"lazy\" decoding=\"async\" class=\"alignnone wp-image-2858\" src=\"https:\/\/www.kreativeraeumewien.at\/wp-content\/uploads\/2021\/10\/SOHO.jpg\" alt=\"SOHO Studios Ausstellung 12.-28.10.2021\" width=\"780\" height=\"550\" srcset=\"https:\/\/www.kreativeraeumewien.at\/wp-content\/uploads\/2021\/10\/SOHO.jpg 932w, https:\/\/www.kreativeraeumewien.at\/wp-content\/uploads\/2021\/10\/SOHO-300x211.jpg 300w, https:\/\/www.kreativeraeumewien.at\/wp-content\/uploads\/2021\/10\/SOHO-768x541.jpg 768w\" sizes=\"auto, (max-width: 780px) 100vw, 780px\" \/><\/a><\/p>\n<p>SOHO in Ottakring er\u00f6ffnet die SOHO STUDIOS. Damit wandeln sich Kunstinitiative und Festival zu einem dauerhaften, offenen Ort f\u00fcr Kunst, Kultur und sozialen Austausch, mit einer Infrastruktur f\u00fcr viele neue Ideen &#8211; im gr\u00f6\u00dften Gemeindebaus der Zwischenkriegszeit gleich bei der S-Bahn Hernals und dem Kongresspark.<br \/><br \/>Die lange Zeit leerstehenden R\u00e4umlichkeiten des ehemaligen Elektro-Pathologischen Museums und Teile eines alten Kinos wurden revitalisiert. Sie sind jetzt Teil des neuen kulturellen Ankerzentrums in Ottakring mit insgesamt elf R\u00e4umen und bieten Platz f\u00fcr Kunst, Kultur und nachbarschaftliche Begegnungen. Sechs Werkst\u00e4tten wurden als Ateliers bereits an 12 K\u00fcnstler:innen unterschiedlicher Disziplinen vergeben.<br \/><br \/>Ula Schneider ist Initiatorin von SOHO in Ottakring und auch im Team der Kreativen R\u00e4ume Wien. Wir gratulieren Ula zur Er\u00f6ffnung und freuen uns \u00fcber neue leistbare Orte f\u00fcr Kunst&amp;Kultur in Wien!<br \/><br \/><strong>Er\u00f6ffnungswochen SOHO STUDIOS <\/strong><br \/>Unter dem Motto \u201eWie ist das mit dem guten Leben?\u201c feiert SOHO in Ottakring von noch bis 28. Oktober 2021 die Er\u00f6ffnung der SOHO Studios.<br \/><br \/>? Sandleitenhof, 1160. Wien (Haupteingang: Liebknechtgasse 32)<br \/><br \/>Das Programm und mehr Infos zu den R\u00e4umen unter<a href=\"https:\/\/sohostudios.at\/\"><span style=\"color: #0000ff;\"> www.sohostudios.at.<\/span><\/a><\/p>\n<h1>Ank\u00fcndigung: Art Week im Autohaus I House of Losing Control<\/h1>\n<p><a href=\"https:\/\/www.viennaartweek.at\/de\/\"><img loading=\"lazy\" decoding=\"async\" class=\"wp-image-2861 size-full aligncenter\" src=\"https:\/\/www.kreativeraeumewien.at\/wp-content\/uploads\/2021\/10\/VAW-2021-SM8.jpeg\" alt=\"Vienna Art Week 12.-19.11.2021\" width=\"480\" height=\"480\" srcset=\"https:\/\/www.kreativeraeumewien.at\/wp-content\/uploads\/2021\/10\/VAW-2021-SM8.jpeg 480w, https:\/\/www.kreativeraeumewien.at\/wp-content\/uploads\/2021\/10\/VAW-2021-SM8-300x300.jpeg 300w, https:\/\/www.kreativeraeumewien.at\/wp-content\/uploads\/2021\/10\/VAW-2021-SM8-150x150.jpeg 150w\" sizes=\"auto, (max-width: 480px) 100vw, 480px\" \/><\/a><\/p>\n<p>Ein ehemaliges Autohaus samt Werkst\u00e4tten und Hof gleich beim Augarten wird Ausstellungsort der <a href=\"https:\/\/www.viennaartweek.at\/de\/\"><span style=\"color: #0000ff;\">VIENNA ART WEEK.<\/span> <\/a>Auch das angrenzende, leerstehende Wohnhaus mit ehemaligem Club im Erdgescho\u00df wird bespielt. In den 40 R\u00e4umen und Hallen gibt es auf rund 4.300 m2 eine Woche lang viel zu sehen und zu erleben. F\u00fcr eine Woche entsteht gemeinsam mit OFF-Spaces im Bezirk, Gra\u0308tzelinitiativen, Ku\u0308nstler:innen und Performer:innen an diesem spannenden Ort eine kreative Experimentierfla\u0308che.<br \/><br \/>Unter dem Motto LOSING CONTROL geht es um Kontrollverlust, Ekstase bis zu Zusta\u0308nden des vo\u0308lligen Loslassens und der Introspektion. Das Haus wird zur lebendigen Bu\u0308hne. <strong>Wir freuen uns die tempor\u00e4re Bespielung des Autohauses als Partner unterst\u00fctzen zu k\u00f6nnen!<\/strong><\/p>\n<p><strong>HOUSE OF LOSING CONTROL<\/strong><br \/>SA, 13. NOV \u2013 FR, 19. NOV 2021<br \/>14:00\u201319:00<br \/><br \/>OPENING<br \/>FR, 12. NOV 2021<br \/>18:00\u201324:00<br \/>?\u00a0 Nordwestbahnstra\u00dfe 53, 1200 Wien<br \/><br \/><strong>VIENNA ART WEEK <\/strong><br \/>12. &#8211; 19. NOV<br \/>?\u00a0Ganz Wien<br \/>? Rund 200 Veranstaltungen mit 50 Programmpartner:innen der Art Week<br \/><a href=\"https:\/\/www.viennaartweek.at\/de\/\">www.viennaartweek.at<\/a><\/p>\n<h1>Letzte Chance: Kunstraum Oststation I Kempelenpark<\/h1>\n<p><a href=\"http:\/\/www.amkempelenpark.at\/page.asp\/-\/40.htm?News_id=61\"><img loading=\"lazy\" decoding=\"async\" class=\"aligncenter wp-image-2863\" src=\"https:\/\/www.kreativeraeumewien.at\/wp-content\/uploads\/2021\/10\/Endstation-Ost-300x258.jpeg\" alt=\"Kunstraum Oststation Kempelenpark\" width=\"480\" height=\"412\" srcset=\"https:\/\/www.kreativeraeumewien.at\/wp-content\/uploads\/2021\/10\/Endstation-Ost-300x258.jpeg 300w, https:\/\/www.kreativeraeumewien.at\/wp-content\/uploads\/2021\/10\/Endstation-Ost-1024x880.jpeg 1024w, https:\/\/www.kreativeraeumewien.at\/wp-content\/uploads\/2021\/10\/Endstation-Ost-768x660.jpeg 768w, https:\/\/www.kreativeraeumewien.at\/wp-content\/uploads\/2021\/10\/Endstation-Ost.jpeg 1080w\" sizes=\"auto, (max-width: 480px) 100vw, 480px\" \/><\/a><\/p>\n<p>Das Zwischennutzungsprojekt <a href=\"https:\/\/www.kreativeraeumewien.at\/projekte\/am-kempelenpark\/\" target=\"_blank\" rel=\"noopener\"><span style=\"color: #0000ff;\">am Kempelenpark <\/span><\/a>neigt sich schrittweise dem Ende zu. Als erster Teil wird der Kulturraum Oststation am Rande des Areals in aller Ehre verabschiedet. Daf\u00fcr haben sich zum ersten Mal einige der rund 50 vor Ort eingemieteten K\u00fcnstler:innen zusammengetan. Sie arbeiten im B\u00fcrotrakt des ehemaligen Siemens-Gewerbecampus T\u00fcr an T\u00fcr, wo sie die B\u00fcror\u00e4ume in Ateliers und Studios auf Zeit umfunktioniert haben.<\/p>\n<p><strong>ENDSTATION OST <\/strong><br \/>Endstation Ost ist keine klassische Ausstellung, sondern ein offenes Studio Labor. Es zeigt die Vielfalt und Bandbreite der Arbeiten, die aktuell in dem gro\u00dfen Zwischennutzungsprojekt im 10. Bezirk &#8211; meist hinter verschlossenen B\u00fcrot\u00fcren &#8211; entstehen.<br \/><br \/>Do, 22.10. 17-22 Uhr<br \/>SO, 31.10. 17-22 Uhr<br \/><br \/>?\u00a0\u00a0 Oststation am Kempelenpark, Quellenstra\u00dfe 2a, 1100 Wien<br \/>\u00d6ffis: 6\/D bis Absberggasse<br \/>?\u00a0\u00a0\u00a0 Mehr <a href=\"http:\/\/www.amkempelenpark.at\/page.asp\/-\/40.htm?News_id=61\" target=\"_blank\" rel=\"noopener\"><span style=\"color: #0000ff;\">Infos zur Veranstaltung hier<\/span><\/a>.<\/p>\n<h1>Webinare: Tipps &amp; Tricks f\u00fcr Raumsuchende<\/h1>\n<p>Und zum Schluss noch ein wichtiger Hinweis f\u00fcr Raumsuchende: Im Herbst bietet Freie Lokale, der Standortservice der Wirtschaftskammer Wien, mehrere Webinare zu &#8216;Raumsuche&#8217;, &#8216;Gastronomie&#8217; und &#8216;Betriebsanlagen&#8217; an. Au\u00dferdem gibt es eine Gr\u00e4tzlf\u00fchrung zum Nordbahnviertel.<br \/><br \/>? Gr\u00e4tzlf\u00fchrung im Nordbahnviertel: 3.November 16-17.30 Uhr<br \/>? Tipps &amp; Tricks zur Standortsuche: 4.November 12.15-13.00 Uhr<br \/>? Standortsuche &amp; Herausforderungen f\u00fcr k\u00fcnftige Gastronomen 25.November 10-12.30 Uhr<br \/>? Betriebsanlagengenehmigung f\u00fcr Standortsuchende 7.Dezember 14-15 Uhr<br \/>? Betriebsanlagengenehmigung f\u00fcr Immobilienunternehmen 9.Dezember 11-12 Uhr<br \/>? Tipps &amp; Tricks zur Standortsuche: 13.Dezember 9.15-10 Uhr<br \/><br \/>Mehr Infos &amp; Anmeldung: <a href=\"https:\/\/www.freielokale.at\/Startseite.html\" target=\"_blank\" rel=\"noopener\"><span style=\"color: #0000ff;\">www.freielokale.at<\/span><\/a><br \/>\u00a0<\/p>\n<p>\u00a0<\/p>\n<p>\u00a0<\/p>\n","protected":false},"excerpt":{"rendered":"<p>Zeit f\u00fcr eine Neugeburt! Die Bundesimmobiliengesellschaft (BIG) sucht Konzepte f\u00fcr eine zweij\u00e4hrige Zwischennutzung von Haus IV am Areal der ehemaligen Semmelweisklinik. Au\u00dferdem: SOHO im Gemeindebau, bye bye Kunstraum Oststation und eine Halle f\u00fcr Kontrollverlust bei der Vienna Art Week.<\/p>\n","protected":false},"author":2,"featured_media":2309,"comment_status":"closed","ping_status":"closed","sticky":false,"template":"","format":"standard","meta":{"_acf_changed":false,"_eb_attr":"","footnotes":""},"categories":[82],"tags":[190,191,192,167,193,194,195,105],"class_list":["post-2811","post","type-post","status-publish","format-standard","has-post-thumbnail","hentry","category-news-en","tag-art-week-vienna-en","tag-autohaus-en","tag-news-en","tag-newsletter-en","tag-oktober-en","tag-soho-studios-en","tag-webinar-en","tag-zwischennutzung-en"],"acf":[],"yoast_head":"<!-- This site is optimized with the Yoast SEO plugin v27.3 - https:\/\/yoast.com\/product\/yoast-seo-wordpress\/ -->\n<title>Neues im Oktober - Kreative R\u00e4ume Wien<\/title>\n<meta name=\"description\" content=\"Konzepte f\u00fcr Zwischennutzung f\u00fcr Semmelweisklinik gesucht. Au\u00dferdem: SOHO im Gemeindebau, bye Oststation und die Vienna Art Week im Autohaus.\" \/>\n<meta name=\"robots\" content=\"index, follow, max-snippet:-1, max-image-preview:large, max-video-preview:-1\" \/>\n<link rel=\"canonical\" href=\"https:\/\/www.kreativeraeumewien.at\/en\/news-en\/news-oktober\/\" \/>\n<meta property=\"og:locale\" content=\"en_US\" \/>\n<meta property=\"og:type\" content=\"article\" \/>\n<meta property=\"og:title\" content=\"Neues im Oktober - Kreative R\u00e4ume Wien\" \/>\n<meta property=\"og:description\" content=\"Konzepte f\u00fcr Zwischennutzung f\u00fcr Semmelweisklinik gesucht. Au\u00dferdem: SOHO im Gemeindebau, bye Oststation und die Vienna Art Week im Autohaus.\" \/>\n<meta property=\"og:url\" content=\"https:\/\/www.kreativeraeumewien.at\/en\/news-en\/news-oktober\/\" \/>\n<meta property=\"og:site_name\" content=\"Kreative R\u00e4ume Wien\" \/>\n<meta property=\"article:publisher\" content=\"https:\/\/www.facebook.com\/kreativeraeumewien\" \/>\n<meta property=\"article:published_time\" content=\"2021-10-26T14:16:00+00:00\" \/>\n<meta property=\"article:modified_time\" content=\"2021-11-23T15:00:03+00:00\" \/>\n<meta property=\"og:image\" content=\"https:\/\/www.kreativeraeumewien.at\/wp-content\/uploads\/2021\/05\/header_webside.jpg\" \/>\n\t<meta property=\"og:image:width\" content=\"820\" \/>\n\t<meta property=\"og:image:height\" content=\"400\" \/>\n\t<meta property=\"og:image:type\" content=\"image\/jpeg\" \/>\n<meta name=\"author\" content=\"kreative\" \/>\n<meta name=\"twitter:card\" content=\"summary_large_image\" \/>\n<meta name=\"twitter:label1\" content=\"Written by\" \/>\n\t<meta name=\"twitter:data1\" content=\"kreative\" \/>\n\t<meta name=\"twitter:label2\" content=\"Est. reading time\" \/>\n\t<meta name=\"twitter:data2\" content=\"4 minutes\" \/>\n<script type=\"application\/ld+json\" class=\"yoast-schema-graph\">{\"@context\":\"https:\\\/\\\/schema.org\",\"@graph\":[{\"@type\":\"Article\",\"@id\":\"https:\\\/\\\/www.kreativeraeumewien.at\\\/en\\\/news-en\\\/news-oktober\\\/#article\",\"isPartOf\":{\"@id\":\"https:\\\/\\\/www.kreativeraeumewien.at\\\/en\\\/news-en\\\/news-oktober\\\/\"},\"author\":{\"name\":\"kreative\",\"@id\":\"https:\\\/\\\/www.kreativeraeumewien.at\\\/en\\\/#\\\/schema\\\/person\\\/35b1cedbc652eb88fa4b3285cbde2537\"},\"headline\":\"Neues im Oktober\",\"datePublished\":\"2021-10-26T14:16:00+00:00\",\"dateModified\":\"2021-11-23T15:00:03+00:00\",\"mainEntityOfPage\":{\"@id\":\"https:\\\/\\\/www.kreativeraeumewien.at\\\/en\\\/news-en\\\/news-oktober\\\/\"},\"wordCount\":762,\"publisher\":{\"@id\":\"https:\\\/\\\/www.kreativeraeumewien.at\\\/en\\\/#organization\"},\"image\":{\"@id\":\"https:\\\/\\\/www.kreativeraeumewien.at\\\/en\\\/news-en\\\/news-oktober\\\/#primaryimage\"},\"thumbnailUrl\":\"https:\\\/\\\/www.kreativeraeumewien.at\\\/wp-content\\\/uploads\\\/2021\\\/05\\\/header_webside.jpg\",\"keywords\":[\"Art Week Vienna\",\"Autohaus\",\"News\",\"Newsletter\",\"Oktober\",\"SOHO Studios\",\"Webinar\",\"Zwischennutzung\"],\"articleSection\":[\"News\"],\"inLanguage\":\"en-US\"},{\"@type\":\"WebPage\",\"@id\":\"https:\\\/\\\/www.kreativeraeumewien.at\\\/en\\\/news-en\\\/news-oktober\\\/\",\"url\":\"https:\\\/\\\/www.kreativeraeumewien.at\\\/en\\\/news-en\\\/news-oktober\\\/\",\"name\":\"Neues im Oktober - Kreative R\u00e4ume Wien\",\"isPartOf\":{\"@id\":\"https:\\\/\\\/www.kreativeraeumewien.at\\\/en\\\/#website\"},\"primaryImageOfPage\":{\"@id\":\"https:\\\/\\\/www.kreativeraeumewien.at\\\/en\\\/news-en\\\/news-oktober\\\/#primaryimage\"},\"image\":{\"@id\":\"https:\\\/\\\/www.kreativeraeumewien.at\\\/en\\\/news-en\\\/news-oktober\\\/#primaryimage\"},\"thumbnailUrl\":\"https:\\\/\\\/www.kreativeraeumewien.at\\\/wp-content\\\/uploads\\\/2021\\\/05\\\/header_webside.jpg\",\"datePublished\":\"2021-10-26T14:16:00+00:00\",\"dateModified\":\"2021-11-23T15:00:03+00:00\",\"description\":\"Konzepte f\u00fcr Zwischennutzung f\u00fcr Semmelweisklinik gesucht. Au\u00dferdem: SOHO im Gemeindebau, bye Oststation und die Vienna Art Week im Autohaus.\",\"breadcrumb\":{\"@id\":\"https:\\\/\\\/www.kreativeraeumewien.at\\\/en\\\/news-en\\\/news-oktober\\\/#breadcrumb\"},\"inLanguage\":\"en-US\",\"potentialAction\":[{\"@type\":\"ReadAction\",\"target\":[\"https:\\\/\\\/www.kreativeraeumewien.at\\\/en\\\/news-en\\\/news-oktober\\\/\"]}]},{\"@type\":\"ImageObject\",\"inLanguage\":\"en-US\",\"@id\":\"https:\\\/\\\/www.kreativeraeumewien.at\\\/en\\\/news-en\\\/news-oktober\\\/#primaryimage\",\"url\":\"https:\\\/\\\/www.kreativeraeumewien.at\\\/wp-content\\\/uploads\\\/2021\\\/05\\\/header_webside.jpg\",\"contentUrl\":\"https:\\\/\\\/www.kreativeraeumewien.at\\\/wp-content\\\/uploads\\\/2021\\\/05\\\/header_webside.jpg\",\"width\":820,\"height\":400,\"caption\":\"Neues zu den Themen Leerstandsaktivierung und Zwischennutzung.\"},{\"@type\":\"BreadcrumbList\",\"@id\":\"https:\\\/\\\/www.kreativeraeumewien.at\\\/en\\\/news-en\\\/news-oktober\\\/#breadcrumb\",\"itemListElement\":[{\"@type\":\"ListItem\",\"position\":1,\"name\":\"Startseite\",\"item\":\"https:\\\/\\\/www.kreativeraeumewien.at\\\/en\\\/\"},{\"@type\":\"ListItem\",\"position\":2,\"name\":\"Neues im Oktober\"}]},{\"@type\":\"WebSite\",\"@id\":\"https:\\\/\\\/www.kreativeraeumewien.at\\\/en\\\/#website\",\"url\":\"https:\\\/\\\/www.kreativeraeumewien.at\\\/en\\\/\",\"name\":\"Kreative R\u00e4ume Wien\",\"description\":\"Service fu\u0308r Leerstandsaktivierung und Zwischennutzung f\u00fcr die Stadt Wien\",\"publisher\":{\"@id\":\"https:\\\/\\\/www.kreativeraeumewien.at\\\/en\\\/#organization\"},\"potentialAction\":[{\"@type\":\"SearchAction\",\"target\":{\"@type\":\"EntryPoint\",\"urlTemplate\":\"https:\\\/\\\/www.kreativeraeumewien.at\\\/en\\\/?s={search_term_string}\"},\"query-input\":{\"@type\":\"PropertyValueSpecification\",\"valueRequired\":true,\"valueName\":\"search_term_string\"}}],\"inLanguage\":\"en-US\"},{\"@type\":\"Organization\",\"@id\":\"https:\\\/\\\/www.kreativeraeumewien.at\\\/en\\\/#organization\",\"name\":\"Kreative R\u00e4ume Wien\",\"url\":\"https:\\\/\\\/www.kreativeraeumewien.at\\\/en\\\/\",\"logo\":{\"@type\":\"ImageObject\",\"inLanguage\":\"en-US\",\"@id\":\"https:\\\/\\\/www.kreativeraeumewien.at\\\/en\\\/#\\\/schema\\\/logo\\\/image\\\/\",\"url\":\"https:\\\/\\\/www.kreativeraeumewien.at\\\/wp-content\\\/uploads\\\/2021\\\/12\\\/KRW-LOGO.png\",\"contentUrl\":\"https:\\\/\\\/www.kreativeraeumewien.at\\\/wp-content\\\/uploads\\\/2021\\\/12\\\/KRW-LOGO.png\",\"width\":567,\"height\":567,\"caption\":\"Kreative R\u00e4ume Wien\"},\"image\":{\"@id\":\"https:\\\/\\\/www.kreativeraeumewien.at\\\/en\\\/#\\\/schema\\\/logo\\\/image\\\/\"},\"sameAs\":[\"https:\\\/\\\/www.facebook.com\\\/kreativeraeumewien\",\"https:\\\/\\\/www.instagram.com\\\/kreativeraeume\",\"https:\\\/\\\/www.linkedin.com\\\/company\\\/71490261\\\/\"]},{\"@type\":\"Person\",\"@id\":\"https:\\\/\\\/www.kreativeraeumewien.at\\\/en\\\/#\\\/schema\\\/person\\\/35b1cedbc652eb88fa4b3285cbde2537\",\"name\":\"kreative\",\"image\":{\"@type\":\"ImageObject\",\"inLanguage\":\"en-US\",\"@id\":\"https:\\\/\\\/secure.gravatar.com\\\/avatar\\\/88784b22c5c172056132cc44a3194213a0f02167beb0a9b64ff49b84e648f072?s=96&d=mm&r=g\",\"url\":\"https:\\\/\\\/secure.gravatar.com\\\/avatar\\\/88784b22c5c172056132cc44a3194213a0f02167beb0a9b64ff49b84e648f072?s=96&d=mm&r=g\",\"contentUrl\":\"https:\\\/\\\/secure.gravatar.com\\\/avatar\\\/88784b22c5c172056132cc44a3194213a0f02167beb0a9b64ff49b84e648f072?s=96&d=mm&r=g\",\"caption\":\"kreative\"},\"url\":\"https:\\\/\\\/www.kreativeraeumewien.at\\\/en\\\/author\\\/admin\\\/\"}]}<\/script>\n<!-- \/ Yoast SEO plugin. -->","yoast_head_json":{"title":"Neues im Oktober - Kreative R\u00e4ume Wien","description":"Konzepte f\u00fcr Zwischennutzung f\u00fcr Semmelweisklinik gesucht. Au\u00dferdem: SOHO im Gemeindebau, bye Oststation und die Vienna Art Week im Autohaus.","robots":{"index":"index","follow":"follow","max-snippet":"max-snippet:-1","max-image-preview":"max-image-preview:large","max-video-preview":"max-video-preview:-1"},"canonical":"https:\/\/www.kreativeraeumewien.at\/en\/news-en\/news-oktober\/","og_locale":"en_US","og_type":"article","og_title":"Neues im Oktober - Kreative R\u00e4ume Wien","og_description":"Konzepte f\u00fcr Zwischennutzung f\u00fcr Semmelweisklinik gesucht. Au\u00dferdem: SOHO im Gemeindebau, bye Oststation und die Vienna Art Week im Autohaus.","og_url":"https:\/\/www.kreativeraeumewien.at\/en\/news-en\/news-oktober\/","og_site_name":"Kreative R\u00e4ume Wien","article_publisher":"https:\/\/www.facebook.com\/kreativeraeumewien","article_published_time":"2021-10-26T14:16:00+00:00","article_modified_time":"2021-11-23T15:00:03+00:00","og_image":[{"width":820,"height":400,"url":"https:\/\/www.kreativeraeumewien.at\/wp-content\/uploads\/2021\/05\/header_webside.jpg","type":"image\/jpeg"}],"author":"kreative","twitter_card":"summary_large_image","twitter_misc":{"Written by":"kreative","Est. reading time":"4 minutes"},"schema":{"@context":"https:\/\/schema.org","@graph":[{"@type":"Article","@id":"https:\/\/www.kreativeraeumewien.at\/en\/news-en\/news-oktober\/#article","isPartOf":{"@id":"https:\/\/www.kreativeraeumewien.at\/en\/news-en\/news-oktober\/"},"author":{"name":"kreative","@id":"https:\/\/www.kreativeraeumewien.at\/en\/#\/schema\/person\/35b1cedbc652eb88fa4b3285cbde2537"},"headline":"Neues im Oktober","datePublished":"2021-10-26T14:16:00+00:00","dateModified":"2021-11-23T15:00:03+00:00","mainEntityOfPage":{"@id":"https:\/\/www.kreativeraeumewien.at\/en\/news-en\/news-oktober\/"},"wordCount":762,"publisher":{"@id":"https:\/\/www.kreativeraeumewien.at\/en\/#organization"},"image":{"@id":"https:\/\/www.kreativeraeumewien.at\/en\/news-en\/news-oktober\/#primaryimage"},"thumbnailUrl":"https:\/\/www.kreativeraeumewien.at\/wp-content\/uploads\/2021\/05\/header_webside.jpg","keywords":["Art Week Vienna","Autohaus","News","Newsletter","Oktober","SOHO Studios","Webinar","Zwischennutzung"],"articleSection":["News"],"inLanguage":"en-US"},{"@type":"WebPage","@id":"https:\/\/www.kreativeraeumewien.at\/en\/news-en\/news-oktober\/","url":"https:\/\/www.kreativeraeumewien.at\/en\/news-en\/news-oktober\/","name":"Neues im Oktober - Kreative R\u00e4ume Wien","isPartOf":{"@id":"https:\/\/www.kreativeraeumewien.at\/en\/#website"},"primaryImageOfPage":{"@id":"https:\/\/www.kreativeraeumewien.at\/en\/news-en\/news-oktober\/#primaryimage"},"image":{"@id":"https:\/\/www.kreativeraeumewien.at\/en\/news-en\/news-oktober\/#primaryimage"},"thumbnailUrl":"https:\/\/www.kreativeraeumewien.at\/wp-content\/uploads\/2021\/05\/header_webside.jpg","datePublished":"2021-10-26T14:16:00+00:00","dateModified":"2021-11-23T15:00:03+00:00","description":"Konzepte f\u00fcr Zwischennutzung f\u00fcr Semmelweisklinik gesucht. Au\u00dferdem: SOHO im Gemeindebau, bye Oststation und die Vienna Art Week im Autohaus.","breadcrumb":{"@id":"https:\/\/www.kreativeraeumewien.at\/en\/news-en\/news-oktober\/#breadcrumb"},"inLanguage":"en-US","potentialAction":[{"@type":"ReadAction","target":["https:\/\/www.kreativeraeumewien.at\/en\/news-en\/news-oktober\/"]}]},{"@type":"ImageObject","inLanguage":"en-US","@id":"https:\/\/www.kreativeraeumewien.at\/en\/news-en\/news-oktober\/#primaryimage","url":"https:\/\/www.kreativeraeumewien.at\/wp-content\/uploads\/2021\/05\/header_webside.jpg","contentUrl":"https:\/\/www.kreativeraeumewien.at\/wp-content\/uploads\/2021\/05\/header_webside.jpg","width":820,"height":400,"caption":"Neues zu den Themen Leerstandsaktivierung und Zwischennutzung."},{"@type":"BreadcrumbList","@id":"https:\/\/www.kreativeraeumewien.at\/en\/news-en\/news-oktober\/#breadcrumb","itemListElement":[{"@type":"ListItem","position":1,"name":"Startseite","item":"https:\/\/www.kreativeraeumewien.at\/en\/"},{"@type":"ListItem","position":2,"name":"Neues im Oktober"}]},{"@type":"WebSite","@id":"https:\/\/www.kreativeraeumewien.at\/en\/#website","url":"https:\/\/www.kreativeraeumewien.at\/en\/","name":"Kreative R\u00e4ume Wien","description":"Service fu\u0308r Leerstandsaktivierung und Zwischennutzung f\u00fcr die Stadt Wien","publisher":{"@id":"https:\/\/www.kreativeraeumewien.at\/en\/#organization"},"potentialAction":[{"@type":"SearchAction","target":{"@type":"EntryPoint","urlTemplate":"https:\/\/www.kreativeraeumewien.at\/en\/?s={search_term_string}"},"query-input":{"@type":"PropertyValueSpecification","valueRequired":true,"valueName":"search_term_string"}}],"inLanguage":"en-US"},{"@type":"Organization","@id":"https:\/\/www.kreativeraeumewien.at\/en\/#organization","name":"Kreative R\u00e4ume Wien","url":"https:\/\/www.kreativeraeumewien.at\/en\/","logo":{"@type":"ImageObject","inLanguage":"en-US","@id":"https:\/\/www.kreativeraeumewien.at\/en\/#\/schema\/logo\/image\/","url":"https:\/\/www.kreativeraeumewien.at\/wp-content\/uploads\/2021\/12\/KRW-LOGO.png","contentUrl":"https:\/\/www.kreativeraeumewien.at\/wp-content\/uploads\/2021\/12\/KRW-LOGO.png","width":567,"height":567,"caption":"Kreative R\u00e4ume Wien"},"image":{"@id":"https:\/\/www.kreativeraeumewien.at\/en\/#\/schema\/logo\/image\/"},"sameAs":["https:\/\/www.facebook.com\/kreativeraeumewien","https:\/\/www.instagram.com\/kreativeraeume","https:\/\/www.linkedin.com\/company\/71490261\/"]},{"@type":"Person","@id":"https:\/\/www.kreativeraeumewien.at\/en\/#\/schema\/person\/35b1cedbc652eb88fa4b3285cbde2537","name":"kreative","image":{"@type":"ImageObject","inLanguage":"en-US","@id":"https:\/\/secure.gravatar.com\/avatar\/88784b22c5c172056132cc44a3194213a0f02167beb0a9b64ff49b84e648f072?s=96&d=mm&r=g","url":"https:\/\/secure.gravatar.com\/avatar\/88784b22c5c172056132cc44a3194213a0f02167beb0a9b64ff49b84e648f072?s=96&d=mm&r=g","contentUrl":"https:\/\/secure.gravatar.com\/avatar\/88784b22c5c172056132cc44a3194213a0f02167beb0a9b64ff49b84e648f072?s=96&d=mm&r=g","caption":"kreative"},"url":"https:\/\/www.kreativeraeumewien.at\/en\/author\/admin\/"}]}},"_links":{"self":[{"href":"https:\/\/www.kreativeraeumewien.at\/en\/wp-json\/wp\/v2\/posts\/2811","targetHints":{"allow":["GET"]}}],"collection":[{"href":"https:\/\/www.kreativeraeumewien.at\/en\/wp-json\/wp\/v2\/posts"}],"about":[{"href":"https:\/\/www.kreativeraeumewien.at\/en\/wp-json\/wp\/v2\/types\/post"}],"author":[{"embeddable":true,"href":"https:\/\/www.kreativeraeumewien.at\/en\/wp-json\/wp\/v2\/users\/2"}],"replies":[{"embeddable":true,"href":"https:\/\/www.kreativeraeumewien.at\/en\/wp-json\/wp\/v2\/comments?post=2811"}],"version-history":[{"count":0,"href":"https:\/\/www.kreativeraeumewien.at\/en\/wp-json\/wp\/v2\/posts\/2811\/revisions"}],"wp:featuredmedia":[{"embeddable":true,"href":"https:\/\/www.kreativeraeumewien.at\/en\/wp-json\/wp\/v2\/media\/2309"}],"wp:attachment":[{"href":"https:\/\/www.kreativeraeumewien.at\/en\/wp-json\/wp\/v2\/media?parent=2811"}],"wp:term":[{"taxonomy":"category","embeddable":true,"href":"https:\/\/www.kreativeraeumewien.at\/en\/wp-json\/wp\/v2\/categories?post=2811"},{"taxonomy":"post_tag","embeddable":true,"href":"https:\/\/www.kreativeraeumewien.at\/en\/wp-json\/wp\/v2\/tags?post=2811"}],"curies":[{"name":"wp","href":"https:\/\/api.w.org\/{rel}","templated":true}]}}