{"id":3182,"date":"2021-12-01T16:50:50","date_gmt":"2021-12-01T15:50:50","guid":{"rendered":"https:\/\/www.kreativeraeumewien.at\/dessous-geblergasse\/"},"modified":"2022-07-21T17:14:56","modified_gmt":"2022-07-21T15:14:56","slug":"dessous-geblergasse","status":"publish","type":"post","link":"https:\/\/www.kreativeraeumewien.at\/en\/projects\/dessous-geblergasse\/","title":{"rendered":"Dessous III &#8211; Geblergasse (ausgezogen)"},"content":{"rendered":"\n<p>Zwischen Rosensteingasse und Ottakringer Brauerei steht ein ehemaliges Wohnhaus mit gelben Anstrich. Es ist ein klassisches Zinshaus, gebaut um die Jahrhundertwende im damaligen Arbeiter:innenbezirk. Hier zog im M\u00e4rz 2021 eine Gruppe kreativer K\u00f6pfe ein, die die R\u00e4ume des Hauses mit der gro\u00dfen Erdgescho\u00dfzone als selbstverwaltetes Atelierhaus nutzen. Entstanden ist ein kuratierter und interdisziplin\u00e4rer Kunst- und Kreativraum mit&nbsp; Arbeits-, Werkstatt- und Atelierr\u00e4ume und Ausstellungsfl\u00e4che. Insgesamt 15 K\u00fcnstler:innen, Handwerker:innen, Film &#8211; und Theatermacher:innen, Musiker:innen, Designer:innen und Illustrator:innen arbeiten seither tempor\u00e4r in dem Haus.&nbsp;<\/p>\n<p>Die Ausstellungsfl\u00e4che im Erdgeschoss mit rund 200 m2 hat sechs Auslagenfenster. Die Fl\u00e4che wird f\u00fcr eigene Veranstaltungen genutzt, aber auch an externe Projekte vermietet.&nbsp;<\/p>\n<p>In der weiteren Umgebung liegen zwei weitere kreative Raum-Projekte: Das Zwischennutzungsprojekt <a href=\"https:\/\/www.kreativeraeumewien.at\/projekte\/garage-grande\/\" target=\"_blank\" rel=\"noopener\"><span style=\"color: #0000ff;\">Garage Grande<\/span><\/a> in der Deinhartsteingasse im 16. Bezirk mit Fokus auf Nachbarschaft und Mikroklima und das <a href=\"https:\/\/www.kreativeraeumewien.at\/projekte\/kulturcafe-max\/\" target=\"_blank\" rel=\"noopener\"><span style=\"color: #0000ff;\">Kulturcafe Max<\/span><\/a> mit Konzerten, Ausstellungen und Schachabenden.&nbsp;<\/p>\n<h2>Dessous &#8211; die Idee<\/h2>\n<p>Zur\u00fcck zum Atelierhaus: Die Idee zu ersten Ausstellungen und Projekten unter dem Namen Dessous entstand schon 2014. Gert Resinger und Anny Wass aktivierten eine leerstehende Souterrain-R\u00e4umlichkeit im siebten Bezirk als Werkstatt und Atelier &#8211; und gr\u00fcndeten \u2018The Dessous\u2019.<\/p>\n<p>Bald wurden auch Gruppenausstellungen mit rund 60 aufstrebenden und auch renommierten K\u00fcnstler:innen in den R\u00e4umen verwirklicht. Seither steht der Name Dessous f\u00fcr eine Basis, die Beziehungen zwischen nationalen und internationalen Kreativen st\u00e4rkt &#8211; und den Diskurs und kulturellen Austausch interdisziplin\u00e4r f\u00f6rdert.<\/p>\n<h2>Dessous III &#8211; Geblergasse 101<\/h2>\n<p>Das Dessous in der Geblergasse ist nun bereits der dritte tempor\u00e4re Standort des Projekts: Davor arbeiteten die kreativen K\u00f6pfe rund um Anne-Sophie Wass und Gert Resinger \u00fcber drei Jahre lang in einem <span style=\"color: #0000ff;\"><a href=\"https:\/\/www.kreativeraeumewien.at\/projekte\/the-dessous\/\" target=\"_blank\" rel=\"noopener\">Geb\u00e4ude in der Anton-Scharff-Gasse im 12. Bezirk<\/a>.<\/span> Lang bef\u00fcrchtet und dann doch pl\u00f6tzlich endete das Projekt dort im Februar 2021. Rasch mussten neue R\u00e4umlichkeiten gefunden werden. Die Wahl fiel auf letztlich auf die Geblergasse. Allerdings war zun\u00e4chst unklar, wie lange eine Nutzung hier m\u00f6glich sein w\u00fcrde.&nbsp;<\/p>\n<p>Die Nutzer:innen werden voraussichtlich nach nur einem Jahr weiterziehen m\u00fcssen.* Dementsprechend aktuell ist es, wieder einen neuen Raum f\u00fcr das \u2018Dessous\u2019 zu finden. Die Kreativen R\u00e4umen Wien versuchen dabei zu unterst\u00fctzen.<\/p>\n<p><strong>Infos und bisherige Projekte unter <\/strong><span style=\"color: #0000ff;\"><a style=\"color: #0000ff;\" href=\"https:\/\/thedessous.com\/\" target=\"_blank\" rel=\"noopener\"><strong>thedessous.com.<\/strong><\/a><\/span><\/p>\n<p>The Dessous ist auch auf<a href=\"https:\/\/www.facebook.com\/thedessous\" target=\"_blank\" rel=\"noopener\"><span style=\"color: #0000ff;\"> Facebook<\/span> <\/a>und <a href=\"https:\/\/www.instagram.com\/the_dessous\/\" target=\"_blank\" rel=\"noopener\"><span style=\"color: #0000ff;\">Instagram.<\/span><\/a><\/p>\n<p>*Update: Das Projekt wurde vorerst bis Sommer 2022 verl\u00e4ngert.<\/p>\n","protected":false},"excerpt":{"rendered":"<p>Das Dessous in der Geblergasse 101 ist ein tempor\u00e4res Atelierhaus mit Ausstellungsfl\u00e4che im Erdgescho\u00df, es wird von K\u00fcnstler:innen selbstverwaltet. Mitnutzung nach Vereinbarung und je nach Verf\u00fcgbarkeit m\u00f6glich.<\/p>\n","protected":false},"author":2,"featured_media":3168,"comment_status":"closed","ping_status":"closed","sticky":false,"template":"projekt_detail.php","format":"standard","meta":{"_acf_changed":false,"_eb_attr":"","footnotes":""},"categories":[81],"tags":[213],"class_list":["post-3182","post","type-post","status-publish","format-standard","has-post-thumbnail","hentry","category-projects","tag-dessous-en"],"acf":[],"yoast_head":"<!-- This site is optimized with the Yoast SEO plugin v27.3 - https:\/\/yoast.com\/product\/yoast-seo-wordpress\/ -->\n<title>Dessous III - Geblergasse (ausgezogen) - Kreative R\u00e4ume Wien<\/title>\n<meta name=\"description\" content=\"Das Dessous Geblergasse ist ein selbstverwaltetes Atelierhaus mit Ausstellungsfl\u00e4che, begr\u00fcndet von Anny Wass und Gert Resinger.\" \/>\n<meta name=\"robots\" content=\"index, follow, max-snippet:-1, max-image-preview:large, max-video-preview:-1\" \/>\n<link rel=\"canonical\" href=\"https:\/\/www.kreativeraeumewien.at\/en\/projects\/dessous-geblergasse\/\" \/>\n<meta property=\"og:locale\" content=\"en_US\" \/>\n<meta property=\"og:type\" content=\"article\" \/>\n<meta property=\"og:title\" content=\"Dessous III - Geblergasse (ausgezogen) - Kreative R\u00e4ume Wien\" \/>\n<meta property=\"og:description\" content=\"Das Dessous Geblergasse ist ein selbstverwaltetes Atelierhaus mit Ausstellungsfl\u00e4che, begr\u00fcndet von Anny Wass und Gert Resinger.\" \/>\n<meta property=\"og:url\" content=\"https:\/\/www.kreativeraeumewien.at\/en\/projects\/dessous-geblergasse\/\" \/>\n<meta property=\"og:site_name\" content=\"Kreative R\u00e4ume Wien\" \/>\n<meta property=\"article:publisher\" content=\"https:\/\/www.facebook.com\/kreativeraeumewien\" \/>\n<meta property=\"article:published_time\" content=\"2021-12-01T15:50:50+00:00\" \/>\n<meta property=\"article:modified_time\" content=\"2022-07-21T15:14:56+00:00\" \/>\n<meta property=\"og:image\" content=\"https:\/\/www.kreativeraeumewien.at\/wp-content\/uploads\/2021\/11\/Titel-Dessous.jpg\" \/>\n\t<meta property=\"og:image:width\" content=\"1596\" \/>\n\t<meta property=\"og:image:height\" content=\"1051\" \/>\n\t<meta property=\"og:image:type\" content=\"image\/jpeg\" \/>\n<meta name=\"author\" content=\"kreative\" \/>\n<meta name=\"twitter:card\" content=\"summary_large_image\" \/>\n<meta name=\"twitter:label1\" content=\"Written by\" \/>\n\t<meta name=\"twitter:data1\" content=\"kreative\" \/>\n\t<meta name=\"twitter:label2\" content=\"Est. reading time\" \/>\n\t<meta name=\"twitter:data2\" content=\"2 minutes\" \/>\n<script type=\"application\/ld+json\" class=\"yoast-schema-graph\">{\"@context\":\"https:\\\/\\\/schema.org\",\"@graph\":[{\"@type\":\"Article\",\"@id\":\"https:\\\/\\\/www.kreativeraeumewien.at\\\/en\\\/projects\\\/dessous-geblergasse\\\/#article\",\"isPartOf\":{\"@id\":\"https:\\\/\\\/www.kreativeraeumewien.at\\\/en\\\/projects\\\/dessous-geblergasse\\\/\"},\"author\":{\"name\":\"kreative\",\"@id\":\"https:\\\/\\\/www.kreativeraeumewien.at\\\/en\\\/#\\\/schema\\\/person\\\/35b1cedbc652eb88fa4b3285cbde2537\"},\"headline\":\"Dessous III &#8211; Geblergasse (ausgezogen)\",\"datePublished\":\"2021-12-01T15:50:50+00:00\",\"dateModified\":\"2022-07-21T15:14:56+00:00\",\"mainEntityOfPage\":{\"@id\":\"https:\\\/\\\/www.kreativeraeumewien.at\\\/en\\\/projects\\\/dessous-geblergasse\\\/\"},\"wordCount\":405,\"publisher\":{\"@id\":\"https:\\\/\\\/www.kreativeraeumewien.at\\\/en\\\/#organization\"},\"image\":{\"@id\":\"https:\\\/\\\/www.kreativeraeumewien.at\\\/en\\\/projects\\\/dessous-geblergasse\\\/#primaryimage\"},\"thumbnailUrl\":\"https:\\\/\\\/www.kreativeraeumewien.at\\\/wp-content\\\/uploads\\\/2021\\\/11\\\/Titel-Dessous.jpg\",\"keywords\":[\"Dessous\"],\"articleSection\":[\"Projects\"],\"inLanguage\":\"en-US\"},{\"@type\":\"WebPage\",\"@id\":\"https:\\\/\\\/www.kreativeraeumewien.at\\\/en\\\/projects\\\/dessous-geblergasse\\\/\",\"url\":\"https:\\\/\\\/www.kreativeraeumewien.at\\\/en\\\/projects\\\/dessous-geblergasse\\\/\",\"name\":\"Dessous III - Geblergasse (ausgezogen) - Kreative R\u00e4ume Wien\",\"isPartOf\":{\"@id\":\"https:\\\/\\\/www.kreativeraeumewien.at\\\/en\\\/#website\"},\"primaryImageOfPage\":{\"@id\":\"https:\\\/\\\/www.kreativeraeumewien.at\\\/en\\\/projects\\\/dessous-geblergasse\\\/#primaryimage\"},\"image\":{\"@id\":\"https:\\\/\\\/www.kreativeraeumewien.at\\\/en\\\/projects\\\/dessous-geblergasse\\\/#primaryimage\"},\"thumbnailUrl\":\"https:\\\/\\\/www.kreativeraeumewien.at\\\/wp-content\\\/uploads\\\/2021\\\/11\\\/Titel-Dessous.jpg\",\"datePublished\":\"2021-12-01T15:50:50+00:00\",\"dateModified\":\"2022-07-21T15:14:56+00:00\",\"description\":\"Das Dessous Geblergasse ist ein selbstverwaltetes Atelierhaus mit Ausstellungsfl\u00e4che, begr\u00fcndet von Anny Wass und Gert Resinger.\",\"breadcrumb\":{\"@id\":\"https:\\\/\\\/www.kreativeraeumewien.at\\\/en\\\/projects\\\/dessous-geblergasse\\\/#breadcrumb\"},\"inLanguage\":\"en-US\",\"potentialAction\":[{\"@type\":\"ReadAction\",\"target\":[\"https:\\\/\\\/www.kreativeraeumewien.at\\\/en\\\/projects\\\/dessous-geblergasse\\\/\"]}]},{\"@type\":\"ImageObject\",\"inLanguage\":\"en-US\",\"@id\":\"https:\\\/\\\/www.kreativeraeumewien.at\\\/en\\\/projects\\\/dessous-geblergasse\\\/#primaryimage\",\"url\":\"https:\\\/\\\/www.kreativeraeumewien.at\\\/wp-content\\\/uploads\\\/2021\\\/11\\\/Titel-Dessous.jpg\",\"contentUrl\":\"https:\\\/\\\/www.kreativeraeumewien.at\\\/wp-content\\\/uploads\\\/2021\\\/11\\\/Titel-Dessous.jpg\",\"width\":1596,\"height\":1051,\"caption\":\"Das tempor\u00e4re Atelierhaus Dessous in der Geblergasse im 17. Bezirk: Kreatives Schaffen braucht Raum f\u00fcr Entfaltung, der hier selbstverwaltet organisiert wird.\"},{\"@type\":\"BreadcrumbList\",\"@id\":\"https:\\\/\\\/www.kreativeraeumewien.at\\\/en\\\/projects\\\/dessous-geblergasse\\\/#breadcrumb\",\"itemListElement\":[{\"@type\":\"ListItem\",\"position\":1,\"name\":\"Startseite\",\"item\":\"https:\\\/\\\/www.kreativeraeumewien.at\\\/en\\\/\"},{\"@type\":\"ListItem\",\"position\":2,\"name\":\"Dessous III &#8211; Geblergasse (ausgezogen)\"}]},{\"@type\":\"WebSite\",\"@id\":\"https:\\\/\\\/www.kreativeraeumewien.at\\\/en\\\/#website\",\"url\":\"https:\\\/\\\/www.kreativeraeumewien.at\\\/en\\\/\",\"name\":\"Kreative R\u00e4ume Wien\",\"description\":\"Service fu\u0308r Leerstandsaktivierung und Zwischennutzung f\u00fcr die Stadt Wien\",\"publisher\":{\"@id\":\"https:\\\/\\\/www.kreativeraeumewien.at\\\/en\\\/#organization\"},\"potentialAction\":[{\"@type\":\"SearchAction\",\"target\":{\"@type\":\"EntryPoint\",\"urlTemplate\":\"https:\\\/\\\/www.kreativeraeumewien.at\\\/en\\\/?s={search_term_string}\"},\"query-input\":{\"@type\":\"PropertyValueSpecification\",\"valueRequired\":true,\"valueName\":\"search_term_string\"}}],\"inLanguage\":\"en-US\"},{\"@type\":\"Organization\",\"@id\":\"https:\\\/\\\/www.kreativeraeumewien.at\\\/en\\\/#organization\",\"name\":\"Kreative R\u00e4ume Wien\",\"url\":\"https:\\\/\\\/www.kreativeraeumewien.at\\\/en\\\/\",\"logo\":{\"@type\":\"ImageObject\",\"inLanguage\":\"en-US\",\"@id\":\"https:\\\/\\\/www.kreativeraeumewien.at\\\/en\\\/#\\\/schema\\\/logo\\\/image\\\/\",\"url\":\"https:\\\/\\\/www.kreativeraeumewien.at\\\/wp-content\\\/uploads\\\/2021\\\/12\\\/KRW-LOGO.png\",\"contentUrl\":\"https:\\\/\\\/www.kreativeraeumewien.at\\\/wp-content\\\/uploads\\\/2021\\\/12\\\/KRW-LOGO.png\",\"width\":567,\"height\":567,\"caption\":\"Kreative R\u00e4ume Wien\"},\"image\":{\"@id\":\"https:\\\/\\\/www.kreativeraeumewien.at\\\/en\\\/#\\\/schema\\\/logo\\\/image\\\/\"},\"sameAs\":[\"https:\\\/\\\/www.facebook.com\\\/kreativeraeumewien\",\"https:\\\/\\\/www.instagram.com\\\/kreativeraeume\",\"https:\\\/\\\/www.linkedin.com\\\/company\\\/71490261\\\/\"]},{\"@type\":\"Person\",\"@id\":\"https:\\\/\\\/www.kreativeraeumewien.at\\\/en\\\/#\\\/schema\\\/person\\\/35b1cedbc652eb88fa4b3285cbde2537\",\"name\":\"kreative\",\"image\":{\"@type\":\"ImageObject\",\"inLanguage\":\"en-US\",\"@id\":\"https:\\\/\\\/secure.gravatar.com\\\/avatar\\\/88784b22c5c172056132cc44a3194213a0f02167beb0a9b64ff49b84e648f072?s=96&d=mm&r=g\",\"url\":\"https:\\\/\\\/secure.gravatar.com\\\/avatar\\\/88784b22c5c172056132cc44a3194213a0f02167beb0a9b64ff49b84e648f072?s=96&d=mm&r=g\",\"contentUrl\":\"https:\\\/\\\/secure.gravatar.com\\\/avatar\\\/88784b22c5c172056132cc44a3194213a0f02167beb0a9b64ff49b84e648f072?s=96&d=mm&r=g\",\"caption\":\"kreative\"},\"url\":\"https:\\\/\\\/www.kreativeraeumewien.at\\\/en\\\/author\\\/admin\\\/\"}]}<\/script>\n<!-- \/ Yoast SEO plugin. -->","yoast_head_json":{"title":"Dessous III - Geblergasse (ausgezogen) - Kreative R\u00e4ume Wien","description":"Das Dessous Geblergasse ist ein selbstverwaltetes Atelierhaus mit Ausstellungsfl\u00e4che, begr\u00fcndet von Anny Wass und Gert Resinger.","robots":{"index":"index","follow":"follow","max-snippet":"max-snippet:-1","max-image-preview":"max-image-preview:large","max-video-preview":"max-video-preview:-1"},"canonical":"https:\/\/www.kreativeraeumewien.at\/en\/projects\/dessous-geblergasse\/","og_locale":"en_US","og_type":"article","og_title":"Dessous III - Geblergasse (ausgezogen) - Kreative R\u00e4ume Wien","og_description":"Das Dessous Geblergasse ist ein selbstverwaltetes Atelierhaus mit Ausstellungsfl\u00e4che, begr\u00fcndet von Anny Wass und Gert Resinger.","og_url":"https:\/\/www.kreativeraeumewien.at\/en\/projects\/dessous-geblergasse\/","og_site_name":"Kreative R\u00e4ume Wien","article_publisher":"https:\/\/www.facebook.com\/kreativeraeumewien","article_published_time":"2021-12-01T15:50:50+00:00","article_modified_time":"2022-07-21T15:14:56+00:00","og_image":[{"width":1596,"height":1051,"url":"https:\/\/www.kreativeraeumewien.at\/wp-content\/uploads\/2021\/11\/Titel-Dessous.jpg","type":"image\/jpeg"}],"author":"kreative","twitter_card":"summary_large_image","twitter_misc":{"Written by":"kreative","Est. reading time":"2 minutes"},"schema":{"@context":"https:\/\/schema.org","@graph":[{"@type":"Article","@id":"https:\/\/www.kreativeraeumewien.at\/en\/projects\/dessous-geblergasse\/#article","isPartOf":{"@id":"https:\/\/www.kreativeraeumewien.at\/en\/projects\/dessous-geblergasse\/"},"author":{"name":"kreative","@id":"https:\/\/www.kreativeraeumewien.at\/en\/#\/schema\/person\/35b1cedbc652eb88fa4b3285cbde2537"},"headline":"Dessous III &#8211; Geblergasse (ausgezogen)","datePublished":"2021-12-01T15:50:50+00:00","dateModified":"2022-07-21T15:14:56+00:00","mainEntityOfPage":{"@id":"https:\/\/www.kreativeraeumewien.at\/en\/projects\/dessous-geblergasse\/"},"wordCount":405,"publisher":{"@id":"https:\/\/www.kreativeraeumewien.at\/en\/#organization"},"image":{"@id":"https:\/\/www.kreativeraeumewien.at\/en\/projects\/dessous-geblergasse\/#primaryimage"},"thumbnailUrl":"https:\/\/www.kreativeraeumewien.at\/wp-content\/uploads\/2021\/11\/Titel-Dessous.jpg","keywords":["Dessous"],"articleSection":["Projects"],"inLanguage":"en-US"},{"@type":"WebPage","@id":"https:\/\/www.kreativeraeumewien.at\/en\/projects\/dessous-geblergasse\/","url":"https:\/\/www.kreativeraeumewien.at\/en\/projects\/dessous-geblergasse\/","name":"Dessous III - Geblergasse (ausgezogen) - Kreative R\u00e4ume Wien","isPartOf":{"@id":"https:\/\/www.kreativeraeumewien.at\/en\/#website"},"primaryImageOfPage":{"@id":"https:\/\/www.kreativeraeumewien.at\/en\/projects\/dessous-geblergasse\/#primaryimage"},"image":{"@id":"https:\/\/www.kreativeraeumewien.at\/en\/projects\/dessous-geblergasse\/#primaryimage"},"thumbnailUrl":"https:\/\/www.kreativeraeumewien.at\/wp-content\/uploads\/2021\/11\/Titel-Dessous.jpg","datePublished":"2021-12-01T15:50:50+00:00","dateModified":"2022-07-21T15:14:56+00:00","description":"Das Dessous Geblergasse ist ein selbstverwaltetes Atelierhaus mit Ausstellungsfl\u00e4che, begr\u00fcndet von Anny Wass und Gert Resinger.","breadcrumb":{"@id":"https:\/\/www.kreativeraeumewien.at\/en\/projects\/dessous-geblergasse\/#breadcrumb"},"inLanguage":"en-US","potentialAction":[{"@type":"ReadAction","target":["https:\/\/www.kreativeraeumewien.at\/en\/projects\/dessous-geblergasse\/"]}]},{"@type":"ImageObject","inLanguage":"en-US","@id":"https:\/\/www.kreativeraeumewien.at\/en\/projects\/dessous-geblergasse\/#primaryimage","url":"https:\/\/www.kreativeraeumewien.at\/wp-content\/uploads\/2021\/11\/Titel-Dessous.jpg","contentUrl":"https:\/\/www.kreativeraeumewien.at\/wp-content\/uploads\/2021\/11\/Titel-Dessous.jpg","width":1596,"height":1051,"caption":"Das tempor\u00e4re Atelierhaus Dessous in der Geblergasse im 17. Bezirk: Kreatives Schaffen braucht Raum f\u00fcr Entfaltung, der hier selbstverwaltet organisiert wird."},{"@type":"BreadcrumbList","@id":"https:\/\/www.kreativeraeumewien.at\/en\/projects\/dessous-geblergasse\/#breadcrumb","itemListElement":[{"@type":"ListItem","position":1,"name":"Startseite","item":"https:\/\/www.kreativeraeumewien.at\/en\/"},{"@type":"ListItem","position":2,"name":"Dessous III &#8211; Geblergasse (ausgezogen)"}]},{"@type":"WebSite","@id":"https:\/\/www.kreativeraeumewien.at\/en\/#website","url":"https:\/\/www.kreativeraeumewien.at\/en\/","name":"Kreative R\u00e4ume Wien","description":"Service fu\u0308r Leerstandsaktivierung und Zwischennutzung f\u00fcr die Stadt Wien","publisher":{"@id":"https:\/\/www.kreativeraeumewien.at\/en\/#organization"},"potentialAction":[{"@type":"SearchAction","target":{"@type":"EntryPoint","urlTemplate":"https:\/\/www.kreativeraeumewien.at\/en\/?s={search_term_string}"},"query-input":{"@type":"PropertyValueSpecification","valueRequired":true,"valueName":"search_term_string"}}],"inLanguage":"en-US"},{"@type":"Organization","@id":"https:\/\/www.kreativeraeumewien.at\/en\/#organization","name":"Kreative R\u00e4ume Wien","url":"https:\/\/www.kreativeraeumewien.at\/en\/","logo":{"@type":"ImageObject","inLanguage":"en-US","@id":"https:\/\/www.kreativeraeumewien.at\/en\/#\/schema\/logo\/image\/","url":"https:\/\/www.kreativeraeumewien.at\/wp-content\/uploads\/2021\/12\/KRW-LOGO.png","contentUrl":"https:\/\/www.kreativeraeumewien.at\/wp-content\/uploads\/2021\/12\/KRW-LOGO.png","width":567,"height":567,"caption":"Kreative R\u00e4ume Wien"},"image":{"@id":"https:\/\/www.kreativeraeumewien.at\/en\/#\/schema\/logo\/image\/"},"sameAs":["https:\/\/www.facebook.com\/kreativeraeumewien","https:\/\/www.instagram.com\/kreativeraeume","https:\/\/www.linkedin.com\/company\/71490261\/"]},{"@type":"Person","@id":"https:\/\/www.kreativeraeumewien.at\/en\/#\/schema\/person\/35b1cedbc652eb88fa4b3285cbde2537","name":"kreative","image":{"@type":"ImageObject","inLanguage":"en-US","@id":"https:\/\/secure.gravatar.com\/avatar\/88784b22c5c172056132cc44a3194213a0f02167beb0a9b64ff49b84e648f072?s=96&d=mm&r=g","url":"https:\/\/secure.gravatar.com\/avatar\/88784b22c5c172056132cc44a3194213a0f02167beb0a9b64ff49b84e648f072?s=96&d=mm&r=g","contentUrl":"https:\/\/secure.gravatar.com\/avatar\/88784b22c5c172056132cc44a3194213a0f02167beb0a9b64ff49b84e648f072?s=96&d=mm&r=g","caption":"kreative"},"url":"https:\/\/www.kreativeraeumewien.at\/en\/author\/admin\/"}]}},"_links":{"self":[{"href":"https:\/\/www.kreativeraeumewien.at\/en\/wp-json\/wp\/v2\/posts\/3182","targetHints":{"allow":["GET"]}}],"collection":[{"href":"https:\/\/www.kreativeraeumewien.at\/en\/wp-json\/wp\/v2\/posts"}],"about":[{"href":"https:\/\/www.kreativeraeumewien.at\/en\/wp-json\/wp\/v2\/types\/post"}],"author":[{"embeddable":true,"href":"https:\/\/www.kreativeraeumewien.at\/en\/wp-json\/wp\/v2\/users\/2"}],"replies":[{"embeddable":true,"href":"https:\/\/www.kreativeraeumewien.at\/en\/wp-json\/wp\/v2\/comments?post=3182"}],"version-history":[{"count":0,"href":"https:\/\/www.kreativeraeumewien.at\/en\/wp-json\/wp\/v2\/posts\/3182\/revisions"}],"wp:featuredmedia":[{"embeddable":true,"href":"https:\/\/www.kreativeraeumewien.at\/en\/wp-json\/wp\/v2\/media\/3168"}],"wp:attachment":[{"href":"https:\/\/www.kreativeraeumewien.at\/en\/wp-json\/wp\/v2\/media?parent=3182"}],"wp:term":[{"taxonomy":"category","embeddable":true,"href":"https:\/\/www.kreativeraeumewien.at\/en\/wp-json\/wp\/v2\/categories?post=3182"},{"taxonomy":"post_tag","embeddable":true,"href":"https:\/\/www.kreativeraeumewien.at\/en\/wp-json\/wp\/v2\/tags?post=3182"}],"curies":[{"name":"wp","href":"https:\/\/api.w.org\/{rel}","templated":true}]}}