{"id":3539,"date":"2022-02-24T18:13:37","date_gmt":"2022-02-24T17:13:37","guid":{"rendered":"https:\/\/www.kreativeraeumewien.at\/news-februar\/"},"modified":"2022-02-24T18:14:12","modified_gmt":"2022-02-24T17:14:12","slug":"news-februar","status":"publish","type":"post","link":"https:\/\/www.kreativeraeumewien.at\/en\/news-en\/news-februar\/","title":{"rendered":"Neues im Febuar"},"content":{"rendered":"\n<p style=\"text-align: right;\">24.2.2022<\/p>\n<p>Der Fr\u00fchling naht! Nicht nur die ersten Blumen sprie\u00dfen, auch zahlreiche Projekte und Initiativen erwachen aus dem pandemisch bedingten Winterschlaf. F\u00fcr alle, die selbst niederschwellige und leistbare R\u00e4umlichkeiten f\u00fcr Ausstellungen suchen, haben wir eine \u00dcbersicht mit \u00fcber 50 Orten zum Andocken zusammengestellt. Die Liste wird st\u00e4ndig erweitert, wir freuen uns \u00fcber euer Feedback. Wird es w\u00e4rmer, beginnt auch die Zeit der Outdoor-Spielwiesen in der Stadt. Wir d\u00fcrfen ein neues Projekt auf einer Freifl\u00e4che im 15. Bezirk anzuk\u00fcndigen.<\/p>\n<h2>Vorschau: Stadtoase Wild im West startet im April<\/h2>\n<p>Wild im West, das war die Gastronomie des<a href=\"https:\/\/www.kreativeraeumewien.at\/projekte\/west\/\"> <span style=\"color: #0000ff;\">Zwischennutzungsprojekts West im ehemaligen Sophienspital<\/span>.<\/a> Dabei wurden nicht nur eine Bar und Foodtrucks im sogenannten Sophienpark betrieben, sondern auch zahlreiche Projekte und Veranstaltungen erm\u00f6glicht. Im September 2021 endete das Zwischennutzungsprojekt und auch die Gastronomie samt dem beliebten Flohmarkt und dem neuen Wiener Kunstmarkt mussten ausziehen.<br \/><br \/>Zum Gl\u00fcck konnte aber ein neuer Standort f\u00fcr das Projekt gefunden werden! Jetzt ist es fix: <strong>Wild im West siedelt im April in die Mariahilfer Stra\u00dfe 166 und bespielt dort eine Baul\u00fccke im Eigentum von <a href=\"https:\/\/www.avoris.at\/\" target=\"_blank\" rel=\"noopener\"><span style=\"color: #0000ff;\">Avoris Immobilien<\/span><\/a>. <\/strong>Wir freuen uns sehr, dass wir die Eigent\u00fcmer:innen erfolgreich beraten und mit Wild im West vernetzen konnten. Der <a href=\"https:\/\/www.instagram.com\/p\/CaPreuDMMzo\/\"><span style=\"color: #0000ff;\">Vertrag ist unterzeichnet<\/span><\/a> und wir sind voller Vorfreude auf das neue Projekt im 15. Bezirk. Bald mehr dazu.<\/p>\n<h2>\u00dcbersicht: Mehr als 50 Ausstellungsr\u00e4ume<\/h2>\n<p><strong>Wer sucht eine Fl\u00e4che f\u00fcr eine Ausstellung, einen Workshop oder Film-Screening?<\/strong> Wir haben niederschwellige Ausstellungsr\u00e4ume zum Andocken gesammelt, eine \u00dcbersicht zusammengestellt und auf einer praktischen Karte verortet. Super, dass die Liste immer l\u00e4nger wird.<br \/><br \/>Wir freuen uns nat\u00fcrlich auch \u00fcber eure Hinweise! Schreibt uns, wenn euch eine Location in der Liste fehlt oder eine Information falsch oder veraltet ist. Schlie\u00dflich entstehen in unserer Stadt st\u00e4ndig neue spannende R\u00e4ume und Projekte.<br \/><br \/><a href=\"https:\/\/www.kreativeraeumewien.at\/news\/uebersicht-ausstellungsraeume-wien\/\"><span style=\"color: #0000ff;\"><strong>Hier geht es zur \u00dcbersicht der Ausstellungsr\u00e4umlichkeiten.<\/strong><\/span><\/a><\/p>\n<h2>R\u00fcckblick: Never at Home Kulturfestival<\/h2>\n<p>Anfang Februar diskutierte Uli Fries gemeinsam mit Kulturstadtr\u00e4tin Veronica Kaup-Hasler und Albertina Modern-Direktorin Angela Stief und Vera Grillmaier vom Projekt Never At Home \u00fcber \u2026<strong>. Leerstandsaktivierung und Zwischennutzung und die heimische Kunstszene.<\/strong> Stattgefunden hat die spannende und gut besuchte <strong>Podiumsdiskussion im Rahmen des Never at Home Kulturfestivals<\/strong>.<\/p>\n<div id=\"attachment_3535\" style=\"width: 310px\" class=\"wp-caption alignnone\"><img loading=\"lazy\" decoding=\"async\" aria-describedby=\"caption-attachment-3535\" class=\"wp-image-3536 size-medium\" src=\"https:\/\/www.kreativeraeumewien.at\/wp-content\/uploads\/2022\/02\/Podiumsdiskussion_Foto-Xenia-Snapiro-300x193.jpg\" alt=\"Angela Stief, Moderator Klaus Urban, Veronika Kaup-Hasler, Uli Fries und  Vera Grillmaier. Foto (c): Xenia Snapiro\" width=\"300\" height=\"193\" srcset=\"https:\/\/www.kreativeraeumewien.at\/wp-content\/uploads\/2022\/02\/Podiumsdiskussion_Foto-Xenia-Snapiro-300x193.jpg 300w, https:\/\/www.kreativeraeumewien.at\/wp-content\/uploads\/2022\/02\/Podiumsdiskussion_Foto-Xenia-Snapiro-1024x659.jpg 1024w, https:\/\/www.kreativeraeumewien.at\/wp-content\/uploads\/2022\/02\/Podiumsdiskussion_Foto-Xenia-Snapiro-768x494.jpg 768w, https:\/\/www.kreativeraeumewien.at\/wp-content\/uploads\/2022\/02\/Podiumsdiskussion_Foto-Xenia-Snapiro.jpg 1200w\" sizes=\"auto, (max-width: 300px) 100vw, 300px\" \/><p id=\"caption-attachment-3535\" class=\"wp-caption-text\">Angela Stief, Moderator Klaus Urban, Veronika Kaup-Hasler, Uli Fries und Vera Grillmaier. Foto (c): Xenia Snapiro<\/p><\/div>\n<p>Interessierte konnten an dem Wochenende das Zwischennutzungsprojekt in dem Schulgeb\u00e4ude im ersten Bezirk kennenlernen. Never At Home wird vom Verein zur F\u00f6rderung von kreativer Raumbespielung geleitet. <strong>Auf ca. 2.000 m2 gibt es seit September 2021 in bester Lage Studios, Workshops und Platz f\u00fcr Ausstellungen oder andere Events.<\/strong> Rund 40 K\u00fcnstler:innen arbeiten aktuell im Geb\u00e4ude. Die Zeitung Zack Zack <a href=\"https:\/\/zackzack.at\/2022\/02\/04\/kulturfestival-am-wochenende-leerstands-kunst-zum-ausprobieren\" target=\"_blank\" rel=\"noopener\"><span style=\"color: #0000ff;\">berichtete \u00fcber das Festival.<\/span><\/a><\/p>\n<p><strong>Mehr zum Zwischennutzungsprojekt unter <a href=\"https:\/\/www.never-at-home.at\/\"><span style=\"color: #0000ff;\">www.never-at-home.at.<\/span><\/a><\/strong><\/p>\n<h2>Liesing: F23 geht in eine neue Runde\u00a0<\/h2>\n<p>In den letzten Jahren haben wir das F23 als spannenden Kreativraum mit breitem Kulturprogramm in der ehem. Sargfabrik im 23. Bezirk sch\u00e4tzen gelernt. Auch w\u00e4hrend die gro\u00dfe Fabrik in der Breitenfurter Stra\u00dfe saniert und umgebaut wird, bleibt die Kulturinitiative aktiv. <strong>Das Team bespielt aktuell einen leerstehenden Stock im Postamt am Liesinger Platz und einen ehemaligen Friseursalon gleich neben der Fabrik. <\/strong><br \/><br \/>Der <a href=\"https:\/\/kurier.at\/chronik\/wien\/wenn-postamt-und-friseur-zur-kunstlocation-werden\/401902957\" target=\"_blank\" rel=\"noopener\"><span style=\"color: #0000ff;\">Kurier berichtete ausf\u00fchrlich<\/span><\/a> \u00fcber das F23, die neuen Orte und was sonst noch so geplant ist. Mehr dazu auch <a href=\"https:\/\/www.kreativeraeumewien.at\/news\/f23-salon-postamt-fabri\/\">in unserem News-Beitrag.<\/a><\/p>\n<div id=\"attachment_3522\" style=\"width: 310px\" class=\"wp-caption alignnone\"><a href=\"https:\/\/www.kreativeraeumewien.at\/news\/f23-salon-postamt-fabri\/\"><img loading=\"lazy\" decoding=\"async\" aria-describedby=\"caption-attachment-3522\" class=\"wp-image-3523 size-medium\" src=\"https:\/\/www.kreativeraeumewien.at\/wp-content\/uploads\/2022\/02\/Webseite-Postamt-300x193.jpg\" alt=\"Das Postamt F23 am Liesinger Platz von au\u00dfen\" width=\"300\" height=\"193\" srcset=\"https:\/\/www.kreativeraeumewien.at\/wp-content\/uploads\/2022\/02\/Webseite-Postamt-300x193.jpg 300w, https:\/\/www.kreativeraeumewien.at\/wp-content\/uploads\/2022\/02\/Webseite-Postamt-1024x659.jpg 1024w, https:\/\/www.kreativeraeumewien.at\/wp-content\/uploads\/2022\/02\/Webseite-Postamt-768x494.jpg 768w, https:\/\/www.kreativeraeumewien.at\/wp-content\/uploads\/2022\/02\/Webseite-Postamt.jpg 1200w\" sizes=\"auto, (max-width: 300px) 100vw, 300px\" \/><\/a><p id=\"caption-attachment-3522\" class=\"wp-caption-text\">Das Postamt F23 am Liesinger Platz. Foto: IG F23<\/p><\/div>\n<p><strong>Noch ein Hinweis: <\/strong>Das F23 ruft alle K\u00fcnstler*innen und die, die es noch werden wollen, auf, ein Kunstwerk mit, aus oder auf Post-its bis Ende Februar einzusenden oder im Salon F23 vorbeizubringen. Die Kunstwerke werden im Rahmen einer Ausstellung pr\u00e4sentiert und mittels Publikumsvoting bewertet. Das Kunstwerk mit den meisten Stimmen bekommt professionelle Unterst\u00fctzung bei der Umsetzung eines Kulturprojekts im Postamt F2<a href=\"https:\/\/kreativeraeumewien.us14.list-manage.com\/track\/click?u=3fe6daf9b3f701c4da8f63839&amp;id=55563e78c2&amp;e=703923c350\">3. <\/a>Die Vernissage ist f\u00fcr Donnerstag, 10. M\u00e4rz, um 18.30 Uhr geplant.<\/p>\n<h2>Forschung: Raumteiler und Kreislaufwirtschaft<\/h2>\n<p>Das spannende Projekt &#8220;CircularHub&#8221; entwickelte anhand von Praxisbeispielen aus Wien <a href=\"https:\/\/kreativeraeumewien.us14.list-manage.com\/track\/click?u=3fe6daf9b3f701c4da8f63839&amp;id=90f1e78423&amp;e=703923c350\">einen Leitfaden<\/a>, wie Unterst\u00fctzungsleistungen und -angebote f\u00fcr Gr\u00fcnder*innen gestaltet werden k\u00f6nnen, damit ihre Unternehmen und Start-Ups kreislauforientiert und damit ressourcenschonend agieren k\u00f6nnen.<br \/><br \/><strong>Die Themen Teilen von R\u00e4umen, Infrastruktur und Werkzeug steht bei den Circular Hubs besonders im Fokus.<\/strong> Wir freuen uns, dass wir bei der Erstellung unterst\u00fctzen konnten.<\/p>\n<p>Genie\u00dft die Sonnenstrahlen, es ist bald Fr\u00fchling!<\/p>\n<p>\u00a0<\/p>\n<p>\u00a0<\/p>\n<p>\u00a0<\/p>\n<p>\u00a0<\/p>\n<p>\u00a0<\/p>\n<p>\u00a0<\/p>\n<p>\u00a0<\/p>\n<p>\u00a0<\/p>\n","protected":false},"excerpt":{"rendered":"<p>Der Fr\u00fchling naht! Nicht nur die ersten Blumen sprie\u00dfen, auch zahlreiche Projekte und Initiativen erwachen aus dem pandemisch bedingten Winterschlaf.<\/p>\n","protected":false},"author":2,"featured_media":2309,"comment_status":"closed","ping_status":"closed","sticky":false,"template":"","format":"standard","meta":{"_acf_changed":false,"_eb_attr":"","footnotes":""},"categories":[82],"tags":[],"class_list":["post-3539","post","type-post","status-publish","format-standard","has-post-thumbnail","hentry","category-news-en"],"acf":[],"yoast_head":"<!-- This site is optimized with the Yoast SEO plugin v27.3 - https:\/\/yoast.com\/product\/yoast-seo-wordpress\/ -->\n<title>Neues im Febuar - Kreative R\u00e4ume Wien<\/title>\n<meta name=\"robots\" content=\"index, follow, max-snippet:-1, max-image-preview:large, max-video-preview:-1\" \/>\n<link rel=\"canonical\" href=\"https:\/\/www.kreativeraeumewien.at\/en\/news-en\/news-februar\/\" \/>\n<meta property=\"og:locale\" content=\"en_US\" \/>\n<meta property=\"og:type\" content=\"article\" \/>\n<meta property=\"og:title\" content=\"Neues im Febuar - Kreative R\u00e4ume Wien\" \/>\n<meta property=\"og:description\" content=\"Der Fr\u00fchling naht! Nicht nur die ersten Blumen sprie\u00dfen, auch zahlreiche Projekte und Initiativen erwachen aus dem pandemisch bedingten Winterschlaf.\" \/>\n<meta property=\"og:url\" content=\"https:\/\/www.kreativeraeumewien.at\/en\/news-en\/news-februar\/\" \/>\n<meta property=\"og:site_name\" content=\"Kreative R\u00e4ume Wien\" \/>\n<meta property=\"article:publisher\" content=\"https:\/\/www.facebook.com\/kreativeraeumewien\" \/>\n<meta property=\"article:published_time\" content=\"2022-02-24T17:13:37+00:00\" \/>\n<meta property=\"article:modified_time\" content=\"2022-02-24T17:14:12+00:00\" \/>\n<meta property=\"og:image\" content=\"https:\/\/www.kreativeraeumewien.at\/wp-content\/uploads\/2021\/05\/header_webside.jpg\" \/>\n\t<meta property=\"og:image:width\" content=\"820\" \/>\n\t<meta property=\"og:image:height\" content=\"400\" \/>\n\t<meta property=\"og:image:type\" content=\"image\/jpeg\" \/>\n<meta name=\"author\" content=\"kreative\" \/>\n<meta name=\"twitter:card\" content=\"summary_large_image\" \/>\n<meta name=\"twitter:label1\" content=\"Written by\" \/>\n\t<meta name=\"twitter:data1\" content=\"kreative\" \/>\n\t<meta name=\"twitter:label2\" content=\"Est. reading time\" \/>\n\t<meta name=\"twitter:data2\" content=\"4 minutes\" \/>\n<script type=\"application\/ld+json\" class=\"yoast-schema-graph\">{\"@context\":\"https:\\\/\\\/schema.org\",\"@graph\":[{\"@type\":\"Article\",\"@id\":\"https:\\\/\\\/www.kreativeraeumewien.at\\\/en\\\/news-en\\\/news-februar\\\/#article\",\"isPartOf\":{\"@id\":\"https:\\\/\\\/www.kreativeraeumewien.at\\\/en\\\/news-en\\\/news-februar\\\/\"},\"author\":{\"name\":\"kreative\",\"@id\":\"https:\\\/\\\/www.kreativeraeumewien.at\\\/en\\\/#\\\/schema\\\/person\\\/35b1cedbc652eb88fa4b3285cbde2537\"},\"headline\":\"Neues im Febuar\",\"datePublished\":\"2022-02-24T17:13:37+00:00\",\"dateModified\":\"2022-02-24T17:14:12+00:00\",\"mainEntityOfPage\":{\"@id\":\"https:\\\/\\\/www.kreativeraeumewien.at\\\/en\\\/news-en\\\/news-februar\\\/\"},\"wordCount\":730,\"publisher\":{\"@id\":\"https:\\\/\\\/www.kreativeraeumewien.at\\\/en\\\/#organization\"},\"image\":{\"@id\":\"https:\\\/\\\/www.kreativeraeumewien.at\\\/en\\\/news-en\\\/news-februar\\\/#primaryimage\"},\"thumbnailUrl\":\"https:\\\/\\\/www.kreativeraeumewien.at\\\/wp-content\\\/uploads\\\/2021\\\/05\\\/header_webside.jpg\",\"articleSection\":[\"News\"],\"inLanguage\":\"en-US\"},{\"@type\":\"WebPage\",\"@id\":\"https:\\\/\\\/www.kreativeraeumewien.at\\\/en\\\/news-en\\\/news-februar\\\/\",\"url\":\"https:\\\/\\\/www.kreativeraeumewien.at\\\/en\\\/news-en\\\/news-februar\\\/\",\"name\":\"Neues im Febuar - Kreative R\u00e4ume Wien\",\"isPartOf\":{\"@id\":\"https:\\\/\\\/www.kreativeraeumewien.at\\\/en\\\/#website\"},\"primaryImageOfPage\":{\"@id\":\"https:\\\/\\\/www.kreativeraeumewien.at\\\/en\\\/news-en\\\/news-februar\\\/#primaryimage\"},\"image\":{\"@id\":\"https:\\\/\\\/www.kreativeraeumewien.at\\\/en\\\/news-en\\\/news-februar\\\/#primaryimage\"},\"thumbnailUrl\":\"https:\\\/\\\/www.kreativeraeumewien.at\\\/wp-content\\\/uploads\\\/2021\\\/05\\\/header_webside.jpg\",\"datePublished\":\"2022-02-24T17:13:37+00:00\",\"dateModified\":\"2022-02-24T17:14:12+00:00\",\"breadcrumb\":{\"@id\":\"https:\\\/\\\/www.kreativeraeumewien.at\\\/en\\\/news-en\\\/news-februar\\\/#breadcrumb\"},\"inLanguage\":\"en-US\",\"potentialAction\":[{\"@type\":\"ReadAction\",\"target\":[\"https:\\\/\\\/www.kreativeraeumewien.at\\\/en\\\/news-en\\\/news-februar\\\/\"]}]},{\"@type\":\"ImageObject\",\"inLanguage\":\"en-US\",\"@id\":\"https:\\\/\\\/www.kreativeraeumewien.at\\\/en\\\/news-en\\\/news-februar\\\/#primaryimage\",\"url\":\"https:\\\/\\\/www.kreativeraeumewien.at\\\/wp-content\\\/uploads\\\/2021\\\/05\\\/header_webside.jpg\",\"contentUrl\":\"https:\\\/\\\/www.kreativeraeumewien.at\\\/wp-content\\\/uploads\\\/2021\\\/05\\\/header_webside.jpg\",\"width\":820,\"height\":400,\"caption\":\"Neues zu den Themen Leerstandsaktivierung und Zwischennutzung.\"},{\"@type\":\"BreadcrumbList\",\"@id\":\"https:\\\/\\\/www.kreativeraeumewien.at\\\/en\\\/news-en\\\/news-februar\\\/#breadcrumb\",\"itemListElement\":[{\"@type\":\"ListItem\",\"position\":1,\"name\":\"Startseite\",\"item\":\"https:\\\/\\\/www.kreativeraeumewien.at\\\/en\\\/\"},{\"@type\":\"ListItem\",\"position\":2,\"name\":\"Neues im Febuar\"}]},{\"@type\":\"WebSite\",\"@id\":\"https:\\\/\\\/www.kreativeraeumewien.at\\\/en\\\/#website\",\"url\":\"https:\\\/\\\/www.kreativeraeumewien.at\\\/en\\\/\",\"name\":\"Kreative R\u00e4ume Wien\",\"description\":\"Service fu\u0308r Leerstandsaktivierung und Zwischennutzung f\u00fcr die Stadt Wien\",\"publisher\":{\"@id\":\"https:\\\/\\\/www.kreativeraeumewien.at\\\/en\\\/#organization\"},\"potentialAction\":[{\"@type\":\"SearchAction\",\"target\":{\"@type\":\"EntryPoint\",\"urlTemplate\":\"https:\\\/\\\/www.kreativeraeumewien.at\\\/en\\\/?s={search_term_string}\"},\"query-input\":{\"@type\":\"PropertyValueSpecification\",\"valueRequired\":true,\"valueName\":\"search_term_string\"}}],\"inLanguage\":\"en-US\"},{\"@type\":\"Organization\",\"@id\":\"https:\\\/\\\/www.kreativeraeumewien.at\\\/en\\\/#organization\",\"name\":\"Kreative R\u00e4ume Wien\",\"url\":\"https:\\\/\\\/www.kreativeraeumewien.at\\\/en\\\/\",\"logo\":{\"@type\":\"ImageObject\",\"inLanguage\":\"en-US\",\"@id\":\"https:\\\/\\\/www.kreativeraeumewien.at\\\/en\\\/#\\\/schema\\\/logo\\\/image\\\/\",\"url\":\"https:\\\/\\\/www.kreativeraeumewien.at\\\/wp-content\\\/uploads\\\/2021\\\/12\\\/KRW-LOGO.png\",\"contentUrl\":\"https:\\\/\\\/www.kreativeraeumewien.at\\\/wp-content\\\/uploads\\\/2021\\\/12\\\/KRW-LOGO.png\",\"width\":567,\"height\":567,\"caption\":\"Kreative R\u00e4ume Wien\"},\"image\":{\"@id\":\"https:\\\/\\\/www.kreativeraeumewien.at\\\/en\\\/#\\\/schema\\\/logo\\\/image\\\/\"},\"sameAs\":[\"https:\\\/\\\/www.facebook.com\\\/kreativeraeumewien\",\"https:\\\/\\\/www.instagram.com\\\/kreativeraeume\",\"https:\\\/\\\/www.linkedin.com\\\/company\\\/71490261\\\/\"]},{\"@type\":\"Person\",\"@id\":\"https:\\\/\\\/www.kreativeraeumewien.at\\\/en\\\/#\\\/schema\\\/person\\\/35b1cedbc652eb88fa4b3285cbde2537\",\"name\":\"kreative\",\"image\":{\"@type\":\"ImageObject\",\"inLanguage\":\"en-US\",\"@id\":\"https:\\\/\\\/secure.gravatar.com\\\/avatar\\\/88784b22c5c172056132cc44a3194213a0f02167beb0a9b64ff49b84e648f072?s=96&d=mm&r=g\",\"url\":\"https:\\\/\\\/secure.gravatar.com\\\/avatar\\\/88784b22c5c172056132cc44a3194213a0f02167beb0a9b64ff49b84e648f072?s=96&d=mm&r=g\",\"contentUrl\":\"https:\\\/\\\/secure.gravatar.com\\\/avatar\\\/88784b22c5c172056132cc44a3194213a0f02167beb0a9b64ff49b84e648f072?s=96&d=mm&r=g\",\"caption\":\"kreative\"},\"url\":\"https:\\\/\\\/www.kreativeraeumewien.at\\\/en\\\/author\\\/admin\\\/\"}]}<\/script>\n<!-- \/ Yoast SEO plugin. -->","yoast_head_json":{"title":"Neues im Febuar - Kreative R\u00e4ume Wien","robots":{"index":"index","follow":"follow","max-snippet":"max-snippet:-1","max-image-preview":"max-image-preview:large","max-video-preview":"max-video-preview:-1"},"canonical":"https:\/\/www.kreativeraeumewien.at\/en\/news-en\/news-februar\/","og_locale":"en_US","og_type":"article","og_title":"Neues im Febuar - Kreative R\u00e4ume Wien","og_description":"Der Fr\u00fchling naht! Nicht nur die ersten Blumen sprie\u00dfen, auch zahlreiche Projekte und Initiativen erwachen aus dem pandemisch bedingten Winterschlaf.","og_url":"https:\/\/www.kreativeraeumewien.at\/en\/news-en\/news-februar\/","og_site_name":"Kreative R\u00e4ume Wien","article_publisher":"https:\/\/www.facebook.com\/kreativeraeumewien","article_published_time":"2022-02-24T17:13:37+00:00","article_modified_time":"2022-02-24T17:14:12+00:00","og_image":[{"width":820,"height":400,"url":"https:\/\/www.kreativeraeumewien.at\/wp-content\/uploads\/2021\/05\/header_webside.jpg","type":"image\/jpeg"}],"author":"kreative","twitter_card":"summary_large_image","twitter_misc":{"Written by":"kreative","Est. reading time":"4 minutes"},"schema":{"@context":"https:\/\/schema.org","@graph":[{"@type":"Article","@id":"https:\/\/www.kreativeraeumewien.at\/en\/news-en\/news-februar\/#article","isPartOf":{"@id":"https:\/\/www.kreativeraeumewien.at\/en\/news-en\/news-februar\/"},"author":{"name":"kreative","@id":"https:\/\/www.kreativeraeumewien.at\/en\/#\/schema\/person\/35b1cedbc652eb88fa4b3285cbde2537"},"headline":"Neues im Febuar","datePublished":"2022-02-24T17:13:37+00:00","dateModified":"2022-02-24T17:14:12+00:00","mainEntityOfPage":{"@id":"https:\/\/www.kreativeraeumewien.at\/en\/news-en\/news-februar\/"},"wordCount":730,"publisher":{"@id":"https:\/\/www.kreativeraeumewien.at\/en\/#organization"},"image":{"@id":"https:\/\/www.kreativeraeumewien.at\/en\/news-en\/news-februar\/#primaryimage"},"thumbnailUrl":"https:\/\/www.kreativeraeumewien.at\/wp-content\/uploads\/2021\/05\/header_webside.jpg","articleSection":["News"],"inLanguage":"en-US"},{"@type":"WebPage","@id":"https:\/\/www.kreativeraeumewien.at\/en\/news-en\/news-februar\/","url":"https:\/\/www.kreativeraeumewien.at\/en\/news-en\/news-februar\/","name":"Neues im Febuar - Kreative R\u00e4ume Wien","isPartOf":{"@id":"https:\/\/www.kreativeraeumewien.at\/en\/#website"},"primaryImageOfPage":{"@id":"https:\/\/www.kreativeraeumewien.at\/en\/news-en\/news-februar\/#primaryimage"},"image":{"@id":"https:\/\/www.kreativeraeumewien.at\/en\/news-en\/news-februar\/#primaryimage"},"thumbnailUrl":"https:\/\/www.kreativeraeumewien.at\/wp-content\/uploads\/2021\/05\/header_webside.jpg","datePublished":"2022-02-24T17:13:37+00:00","dateModified":"2022-02-24T17:14:12+00:00","breadcrumb":{"@id":"https:\/\/www.kreativeraeumewien.at\/en\/news-en\/news-februar\/#breadcrumb"},"inLanguage":"en-US","potentialAction":[{"@type":"ReadAction","target":["https:\/\/www.kreativeraeumewien.at\/en\/news-en\/news-februar\/"]}]},{"@type":"ImageObject","inLanguage":"en-US","@id":"https:\/\/www.kreativeraeumewien.at\/en\/news-en\/news-februar\/#primaryimage","url":"https:\/\/www.kreativeraeumewien.at\/wp-content\/uploads\/2021\/05\/header_webside.jpg","contentUrl":"https:\/\/www.kreativeraeumewien.at\/wp-content\/uploads\/2021\/05\/header_webside.jpg","width":820,"height":400,"caption":"Neues zu den Themen Leerstandsaktivierung und Zwischennutzung."},{"@type":"BreadcrumbList","@id":"https:\/\/www.kreativeraeumewien.at\/en\/news-en\/news-februar\/#breadcrumb","itemListElement":[{"@type":"ListItem","position":1,"name":"Startseite","item":"https:\/\/www.kreativeraeumewien.at\/en\/"},{"@type":"ListItem","position":2,"name":"Neues im Febuar"}]},{"@type":"WebSite","@id":"https:\/\/www.kreativeraeumewien.at\/en\/#website","url":"https:\/\/www.kreativeraeumewien.at\/en\/","name":"Kreative R\u00e4ume Wien","description":"Service fu\u0308r Leerstandsaktivierung und Zwischennutzung f\u00fcr die Stadt Wien","publisher":{"@id":"https:\/\/www.kreativeraeumewien.at\/en\/#organization"},"potentialAction":[{"@type":"SearchAction","target":{"@type":"EntryPoint","urlTemplate":"https:\/\/www.kreativeraeumewien.at\/en\/?s={search_term_string}"},"query-input":{"@type":"PropertyValueSpecification","valueRequired":true,"valueName":"search_term_string"}}],"inLanguage":"en-US"},{"@type":"Organization","@id":"https:\/\/www.kreativeraeumewien.at\/en\/#organization","name":"Kreative R\u00e4ume Wien","url":"https:\/\/www.kreativeraeumewien.at\/en\/","logo":{"@type":"ImageObject","inLanguage":"en-US","@id":"https:\/\/www.kreativeraeumewien.at\/en\/#\/schema\/logo\/image\/","url":"https:\/\/www.kreativeraeumewien.at\/wp-content\/uploads\/2021\/12\/KRW-LOGO.png","contentUrl":"https:\/\/www.kreativeraeumewien.at\/wp-content\/uploads\/2021\/12\/KRW-LOGO.png","width":567,"height":567,"caption":"Kreative R\u00e4ume Wien"},"image":{"@id":"https:\/\/www.kreativeraeumewien.at\/en\/#\/schema\/logo\/image\/"},"sameAs":["https:\/\/www.facebook.com\/kreativeraeumewien","https:\/\/www.instagram.com\/kreativeraeume","https:\/\/www.linkedin.com\/company\/71490261\/"]},{"@type":"Person","@id":"https:\/\/www.kreativeraeumewien.at\/en\/#\/schema\/person\/35b1cedbc652eb88fa4b3285cbde2537","name":"kreative","image":{"@type":"ImageObject","inLanguage":"en-US","@id":"https:\/\/secure.gravatar.com\/avatar\/88784b22c5c172056132cc44a3194213a0f02167beb0a9b64ff49b84e648f072?s=96&d=mm&r=g","url":"https:\/\/secure.gravatar.com\/avatar\/88784b22c5c172056132cc44a3194213a0f02167beb0a9b64ff49b84e648f072?s=96&d=mm&r=g","contentUrl":"https:\/\/secure.gravatar.com\/avatar\/88784b22c5c172056132cc44a3194213a0f02167beb0a9b64ff49b84e648f072?s=96&d=mm&r=g","caption":"kreative"},"url":"https:\/\/www.kreativeraeumewien.at\/en\/author\/admin\/"}]}},"_links":{"self":[{"href":"https:\/\/www.kreativeraeumewien.at\/en\/wp-json\/wp\/v2\/posts\/3539","targetHints":{"allow":["GET"]}}],"collection":[{"href":"https:\/\/www.kreativeraeumewien.at\/en\/wp-json\/wp\/v2\/posts"}],"about":[{"href":"https:\/\/www.kreativeraeumewien.at\/en\/wp-json\/wp\/v2\/types\/post"}],"author":[{"embeddable":true,"href":"https:\/\/www.kreativeraeumewien.at\/en\/wp-json\/wp\/v2\/users\/2"}],"replies":[{"embeddable":true,"href":"https:\/\/www.kreativeraeumewien.at\/en\/wp-json\/wp\/v2\/comments?post=3539"}],"version-history":[{"count":0,"href":"https:\/\/www.kreativeraeumewien.at\/en\/wp-json\/wp\/v2\/posts\/3539\/revisions"}],"wp:featuredmedia":[{"embeddable":true,"href":"https:\/\/www.kreativeraeumewien.at\/en\/wp-json\/wp\/v2\/media\/2309"}],"wp:attachment":[{"href":"https:\/\/www.kreativeraeumewien.at\/en\/wp-json\/wp\/v2\/media?parent=3539"}],"wp:term":[{"taxonomy":"category","embeddable":true,"href":"https:\/\/www.kreativeraeumewien.at\/en\/wp-json\/wp\/v2\/categories?post=3539"},{"taxonomy":"post_tag","embeddable":true,"href":"https:\/\/www.kreativeraeumewien.at\/en\/wp-json\/wp\/v2\/tags?post=3539"}],"curies":[{"name":"wp","href":"https:\/\/api.w.org\/{rel}","templated":true}]}}