{"id":4553,"date":"2022-10-20T14:08:03","date_gmt":"2022-10-20T12:08:03","guid":{"rendered":"https:\/\/www.kreativeraeumewien.at\/?p=4553"},"modified":"2023-08-02T16:22:18","modified_gmt":"2023-08-02T14:22:18","slug":"vienna-art-week-2022","status":"publish","type":"post","link":"https:\/\/www.kreativeraeumewien.at\/en\/news-en\/vienna-art-week-2022\/","title":{"rendered":"Vienna Art Week 2022"},"content":{"rendered":"\n<p style=\"text-align: right;\">20.10.2022<\/p>\n<p>Die VIENNA ART WEEK stellt jedes Jahr Wiens vielf\u00e4ltige Kunstszene ins Scheinwerferlicht: Gemeinsam mit rund 70 Programmpartner:innen bietet das Festival eine Woche lang bei freiem Eintritt inspirierende Kunst vom Barock bis zur Gegenwart.<\/p>\n<h2>Zentrale: HOUSE OF CHALLENGING ORDERS<\/h2>\n<p>Unter dem Motto Challenging Orders richtet die VIENNA ART WEEK f\u00fcr eine Woche den Fokus auf die lebendige Kunststadt Wien &#8211; und nutzt dabei ein abbruchreifes B\u00fcrohaus als Zentrale und kreative Experimentierfl\u00e4che.<\/p>\n<p>Auf drei Stockwerken und insgesamt 1.000 m2 nutzen rund 40 nationale und internationale K\u00fcnstler:innen und Performer:innen tempor\u00e4r die R\u00e4ume und G\u00e4nge des Geb\u00e4udes. Aus\u00a0vielf\u00e4ltigen k\u00fcnstlerischen Perspektiven hinterfragen die den politischen,\u00a0sozialen und kulturellen Status Quo.<\/p>\n<p>Wann: 19 bis 25. November 2022<br \/>WO: Wiedner Hauptstra\u00dfe 140, 1050 WIEN<\/p>\n<h2>Programm in ganz Wien<\/h2>\n<p>Insgesamt gibt es von 18. bis 25. November rund 140 kostenfreie Veranstaltungen \u2013 von gef\u00fchrten Touren \u00fcber Expert:innengespr\u00e4che, Performances, Workshops, Ausstellungser\u00f6ffnungen bis hin zu Besuchen in Ateliers und Studios.<\/p>\n<p>Wann: 19 bis 25. November 2022<br \/><a href=\"https:\/\/www.viennaartweek.at\/de\/vienna-art-week-2022\/programm\/\">Hier geht&#8217;s <\/a>zum Programm.<\/p>\n<h2>Open Studio Days<\/h2>\n<p>Am Wochenende 19. &amp; 20. November finden au\u00dferdem die Open Studio Days und gef\u00fchrte Bezirkstouren statt: Zwei Nachmittage lang \u00f6ffnen 50 K\u00fcnstler:innen in ganz Wien ihre Ateliers und bieten Kunstinteressierten die einmalige Gelegenheit, einen Blick hinter die Kulissen k\u00fcnstlerischer Produktion zu werfen und mit K\u00fcnstler:innen ins Gespr\u00e4ch zu kommen.<\/p>\n<p>Zus\u00e4tzlich zu den offenen Ateliers, f\u00fchrt ein Exhibition Parcours zu sieben ausgew\u00e4hlten Ateliers, in denen Arbeiten zum diesj\u00e4hrigen Motto gezeigt werden und Kurator:innengespr\u00e4che Einblicke in das Schaffen der K\u00fcnstler:innen geben. Ein Shuttlebus bringt die Besucher:innen von Gespr\u00e4ch zu Gespr\u00e4ch.<\/p>\n<p>Wann: Sa, 19 &amp; So, 20. November 2022<br \/>F\u00fcr Informationen zu den Open Studio Days <a href=\"https:\/\/www.viennaartweek.at\/de\/open-studio-days-2022\/\">hier klicken.<\/a><\/p>\n<p><strong><span class=\"break-words\"><span dir=\"ltr\">Kreative R\u00e4ume Wien unterst\u00fctzt als Partner die Vienna Art Week und das &#8216;House of Challenging Ordners&#8217; in der Wiedner Hauptstra\u00dfe.\u00a0<\/span><\/span><\/strong><\/p>\n<p><strong><span class=\"break-words\"><span dir=\"ltr\">\u00a0<\/span><\/span><\/strong><\/p>\n<p>\u00a0<\/p>\n","protected":false},"excerpt":{"rendered":"<p>Unter dem Motto Challenging Orders richtet die VIENNA ART WEEK f\u00fcr eine Woche den Fokus auf die lebendige Kunststadt Wien &#8211; und nutzt dabei ein abbruchreifes B\u00fcrohaus als Hauptquartier und kreative Experimentierfl\u00e4che.<\/p>\n","protected":false},"author":2,"featured_media":4556,"comment_status":"closed","ping_status":"closed","sticky":false,"template":"","format":"standard","meta":{"_acf_changed":false,"_eb_attr":"","footnotes":""},"categories":[82],"tags":[111,263],"class_list":["post-4553","post","type-post","status-publish","format-standard","has-post-thumbnail","hentry","category-news-en","tag-vienna-art-week-en","tag-zentrale"],"acf":[],"yoast_head":"<!-- This site is optimized with the Yoast SEO plugin v27.3 - https:\/\/yoast.com\/product\/yoast-seo-wordpress\/ -->\n<title>Vienna Art Week 2022 - Kreative R\u00e4ume Wien<\/title>\n<meta name=\"description\" content=\"Die Vienna Art Week 2022 mit gef\u00fchrten Touren, Talks, Performances, Workshops, Ausstellungen bis hin zu Besuchen in Ateliers und Studios.\" \/>\n<meta name=\"robots\" content=\"index, follow, max-snippet:-1, max-image-preview:large, max-video-preview:-1\" \/>\n<link rel=\"canonical\" href=\"https:\/\/www.kreativeraeumewien.at\/en\/news-en\/vienna-art-week-2022\/\" \/>\n<meta property=\"og:locale\" content=\"en_US\" \/>\n<meta property=\"og:type\" content=\"article\" \/>\n<meta property=\"og:title\" content=\"Vienna Art Week 2022 - Kreative R\u00e4ume Wien\" \/>\n<meta property=\"og:description\" content=\"Die Vienna Art Week 2022 mit gef\u00fchrten Touren, Talks, Performances, Workshops, Ausstellungen bis hin zu Besuchen in Ateliers und Studios.\" \/>\n<meta property=\"og:url\" content=\"https:\/\/www.kreativeraeumewien.at\/en\/news-en\/vienna-art-week-2022\/\" \/>\n<meta property=\"og:site_name\" content=\"Kreative R\u00e4ume Wien\" \/>\n<meta property=\"article:publisher\" content=\"https:\/\/www.facebook.com\/kreativeraeumewien\" \/>\n<meta property=\"article:published_time\" content=\"2022-10-20T12:08:03+00:00\" \/>\n<meta property=\"article:modified_time\" content=\"2023-08-02T14:22:18+00:00\" \/>\n<meta property=\"og:image\" content=\"https:\/\/www.kreativeraeumewien.at\/wp-content\/uploads\/2022\/10\/1_ArtWeek_Website.jpg\" \/>\n\t<meta property=\"og:image:width\" content=\"1200\" \/>\n\t<meta property=\"og:image:height\" content=\"772\" \/>\n\t<meta property=\"og:image:type\" content=\"image\/jpeg\" \/>\n<meta name=\"author\" content=\"kreative\" \/>\n<meta name=\"twitter:card\" content=\"summary_large_image\" \/>\n<meta name=\"twitter:label1\" content=\"Written by\" \/>\n\t<meta name=\"twitter:data1\" content=\"kreative\" \/>\n\t<meta name=\"twitter:label2\" content=\"Est. reading time\" \/>\n\t<meta name=\"twitter:data2\" content=\"2 minutes\" \/>\n<script type=\"application\/ld+json\" class=\"yoast-schema-graph\">{\"@context\":\"https:\\\/\\\/schema.org\",\"@graph\":[{\"@type\":\"Article\",\"@id\":\"https:\\\/\\\/www.kreativeraeumewien.at\\\/en\\\/news-en\\\/vienna-art-week-2022\\\/#article\",\"isPartOf\":{\"@id\":\"https:\\\/\\\/www.kreativeraeumewien.at\\\/en\\\/news-en\\\/vienna-art-week-2022\\\/\"},\"author\":{\"name\":\"kreative\",\"@id\":\"https:\\\/\\\/www.kreativeraeumewien.at\\\/en\\\/#\\\/schema\\\/person\\\/35b1cedbc652eb88fa4b3285cbde2537\"},\"headline\":\"Vienna Art Week 2022\",\"datePublished\":\"2022-10-20T12:08:03+00:00\",\"dateModified\":\"2023-08-02T14:22:18+00:00\",\"mainEntityOfPage\":{\"@id\":\"https:\\\/\\\/www.kreativeraeumewien.at\\\/en\\\/news-en\\\/vienna-art-week-2022\\\/\"},\"wordCount\":314,\"publisher\":{\"@id\":\"https:\\\/\\\/www.kreativeraeumewien.at\\\/en\\\/#organization\"},\"image\":{\"@id\":\"https:\\\/\\\/www.kreativeraeumewien.at\\\/en\\\/news-en\\\/vienna-art-week-2022\\\/#primaryimage\"},\"thumbnailUrl\":\"https:\\\/\\\/www.kreativeraeumewien.at\\\/wp-content\\\/uploads\\\/2022\\\/10\\\/1_ArtWeek_Website.jpg\",\"keywords\":[\"Vienna Art Week\",\"Zentrale\"],\"articleSection\":[\"News\"],\"inLanguage\":\"en-US\"},{\"@type\":\"WebPage\",\"@id\":\"https:\\\/\\\/www.kreativeraeumewien.at\\\/en\\\/news-en\\\/vienna-art-week-2022\\\/\",\"url\":\"https:\\\/\\\/www.kreativeraeumewien.at\\\/en\\\/news-en\\\/vienna-art-week-2022\\\/\",\"name\":\"Vienna Art Week 2022 - Kreative R\u00e4ume Wien\",\"isPartOf\":{\"@id\":\"https:\\\/\\\/www.kreativeraeumewien.at\\\/en\\\/#website\"},\"primaryImageOfPage\":{\"@id\":\"https:\\\/\\\/www.kreativeraeumewien.at\\\/en\\\/news-en\\\/vienna-art-week-2022\\\/#primaryimage\"},\"image\":{\"@id\":\"https:\\\/\\\/www.kreativeraeumewien.at\\\/en\\\/news-en\\\/vienna-art-week-2022\\\/#primaryimage\"},\"thumbnailUrl\":\"https:\\\/\\\/www.kreativeraeumewien.at\\\/wp-content\\\/uploads\\\/2022\\\/10\\\/1_ArtWeek_Website.jpg\",\"datePublished\":\"2022-10-20T12:08:03+00:00\",\"dateModified\":\"2023-08-02T14:22:18+00:00\",\"description\":\"Die Vienna Art Week 2022 mit gef\u00fchrten Touren, Talks, Performances, Workshops, Ausstellungen bis hin zu Besuchen in Ateliers und Studios.\",\"breadcrumb\":{\"@id\":\"https:\\\/\\\/www.kreativeraeumewien.at\\\/en\\\/news-en\\\/vienna-art-week-2022\\\/#breadcrumb\"},\"inLanguage\":\"en-US\",\"potentialAction\":[{\"@type\":\"ReadAction\",\"target\":[\"https:\\\/\\\/www.kreativeraeumewien.at\\\/en\\\/news-en\\\/vienna-art-week-2022\\\/\"]}]},{\"@type\":\"ImageObject\",\"inLanguage\":\"en-US\",\"@id\":\"https:\\\/\\\/www.kreativeraeumewien.at\\\/en\\\/news-en\\\/vienna-art-week-2022\\\/#primaryimage\",\"url\":\"https:\\\/\\\/www.kreativeraeumewien.at\\\/wp-content\\\/uploads\\\/2022\\\/10\\\/1_ArtWeek_Website.jpg\",\"contentUrl\":\"https:\\\/\\\/www.kreativeraeumewien.at\\\/wp-content\\\/uploads\\\/2022\\\/10\\\/1_ArtWeek_Website.jpg\",\"width\":1200,\"height\":772,\"caption\":\"Ein B\u00fcrohaus von JPI wird im Rahmen der Art Week Vienna zum 'House of CHALLENGING ORDERS'. Foto: VIENNA ART WEEK 2022 \u00a9 Rainer Fehringer\"},{\"@type\":\"BreadcrumbList\",\"@id\":\"https:\\\/\\\/www.kreativeraeumewien.at\\\/en\\\/news-en\\\/vienna-art-week-2022\\\/#breadcrumb\",\"itemListElement\":[{\"@type\":\"ListItem\",\"position\":1,\"name\":\"Startseite\",\"item\":\"https:\\\/\\\/www.kreativeraeumewien.at\\\/en\\\/\"},{\"@type\":\"ListItem\",\"position\":2,\"name\":\"Vienna Art Week 2022\"}]},{\"@type\":\"WebSite\",\"@id\":\"https:\\\/\\\/www.kreativeraeumewien.at\\\/en\\\/#website\",\"url\":\"https:\\\/\\\/www.kreativeraeumewien.at\\\/en\\\/\",\"name\":\"Kreative R\u00e4ume Wien\",\"description\":\"Service fu\u0308r Leerstandsaktivierung und Zwischennutzung f\u00fcr die Stadt Wien\",\"publisher\":{\"@id\":\"https:\\\/\\\/www.kreativeraeumewien.at\\\/en\\\/#organization\"},\"potentialAction\":[{\"@type\":\"SearchAction\",\"target\":{\"@type\":\"EntryPoint\",\"urlTemplate\":\"https:\\\/\\\/www.kreativeraeumewien.at\\\/en\\\/?s={search_term_string}\"},\"query-input\":{\"@type\":\"PropertyValueSpecification\",\"valueRequired\":true,\"valueName\":\"search_term_string\"}}],\"inLanguage\":\"en-US\"},{\"@type\":\"Organization\",\"@id\":\"https:\\\/\\\/www.kreativeraeumewien.at\\\/en\\\/#organization\",\"name\":\"Kreative R\u00e4ume Wien\",\"url\":\"https:\\\/\\\/www.kreativeraeumewien.at\\\/en\\\/\",\"logo\":{\"@type\":\"ImageObject\",\"inLanguage\":\"en-US\",\"@id\":\"https:\\\/\\\/www.kreativeraeumewien.at\\\/en\\\/#\\\/schema\\\/logo\\\/image\\\/\",\"url\":\"https:\\\/\\\/www.kreativeraeumewien.at\\\/wp-content\\\/uploads\\\/2021\\\/12\\\/KRW-LOGO.png\",\"contentUrl\":\"https:\\\/\\\/www.kreativeraeumewien.at\\\/wp-content\\\/uploads\\\/2021\\\/12\\\/KRW-LOGO.png\",\"width\":567,\"height\":567,\"caption\":\"Kreative R\u00e4ume Wien\"},\"image\":{\"@id\":\"https:\\\/\\\/www.kreativeraeumewien.at\\\/en\\\/#\\\/schema\\\/logo\\\/image\\\/\"},\"sameAs\":[\"https:\\\/\\\/www.facebook.com\\\/kreativeraeumewien\",\"https:\\\/\\\/www.instagram.com\\\/kreativeraeume\",\"https:\\\/\\\/www.linkedin.com\\\/company\\\/71490261\\\/\"]},{\"@type\":\"Person\",\"@id\":\"https:\\\/\\\/www.kreativeraeumewien.at\\\/en\\\/#\\\/schema\\\/person\\\/35b1cedbc652eb88fa4b3285cbde2537\",\"name\":\"kreative\",\"image\":{\"@type\":\"ImageObject\",\"inLanguage\":\"en-US\",\"@id\":\"https:\\\/\\\/secure.gravatar.com\\\/avatar\\\/88784b22c5c172056132cc44a3194213a0f02167beb0a9b64ff49b84e648f072?s=96&d=mm&r=g\",\"url\":\"https:\\\/\\\/secure.gravatar.com\\\/avatar\\\/88784b22c5c172056132cc44a3194213a0f02167beb0a9b64ff49b84e648f072?s=96&d=mm&r=g\",\"contentUrl\":\"https:\\\/\\\/secure.gravatar.com\\\/avatar\\\/88784b22c5c172056132cc44a3194213a0f02167beb0a9b64ff49b84e648f072?s=96&d=mm&r=g\",\"caption\":\"kreative\"},\"url\":\"https:\\\/\\\/www.kreativeraeumewien.at\\\/en\\\/author\\\/admin\\\/\"}]}<\/script>\n<!-- \/ Yoast SEO plugin. -->","yoast_head_json":{"title":"Vienna Art Week 2022 - Kreative R\u00e4ume Wien","description":"Die Vienna Art Week 2022 mit gef\u00fchrten Touren, Talks, Performances, Workshops, Ausstellungen bis hin zu Besuchen in Ateliers und Studios.","robots":{"index":"index","follow":"follow","max-snippet":"max-snippet:-1","max-image-preview":"max-image-preview:large","max-video-preview":"max-video-preview:-1"},"canonical":"https:\/\/www.kreativeraeumewien.at\/en\/news-en\/vienna-art-week-2022\/","og_locale":"en_US","og_type":"article","og_title":"Vienna Art Week 2022 - Kreative R\u00e4ume Wien","og_description":"Die Vienna Art Week 2022 mit gef\u00fchrten Touren, Talks, Performances, Workshops, Ausstellungen bis hin zu Besuchen in Ateliers und Studios.","og_url":"https:\/\/www.kreativeraeumewien.at\/en\/news-en\/vienna-art-week-2022\/","og_site_name":"Kreative R\u00e4ume Wien","article_publisher":"https:\/\/www.facebook.com\/kreativeraeumewien","article_published_time":"2022-10-20T12:08:03+00:00","article_modified_time":"2023-08-02T14:22:18+00:00","og_image":[{"width":1200,"height":772,"url":"https:\/\/www.kreativeraeumewien.at\/wp-content\/uploads\/2022\/10\/1_ArtWeek_Website.jpg","type":"image\/jpeg"}],"author":"kreative","twitter_card":"summary_large_image","twitter_misc":{"Written by":"kreative","Est. reading time":"2 minutes"},"schema":{"@context":"https:\/\/schema.org","@graph":[{"@type":"Article","@id":"https:\/\/www.kreativeraeumewien.at\/en\/news-en\/vienna-art-week-2022\/#article","isPartOf":{"@id":"https:\/\/www.kreativeraeumewien.at\/en\/news-en\/vienna-art-week-2022\/"},"author":{"name":"kreative","@id":"https:\/\/www.kreativeraeumewien.at\/en\/#\/schema\/person\/35b1cedbc652eb88fa4b3285cbde2537"},"headline":"Vienna Art Week 2022","datePublished":"2022-10-20T12:08:03+00:00","dateModified":"2023-08-02T14:22:18+00:00","mainEntityOfPage":{"@id":"https:\/\/www.kreativeraeumewien.at\/en\/news-en\/vienna-art-week-2022\/"},"wordCount":314,"publisher":{"@id":"https:\/\/www.kreativeraeumewien.at\/en\/#organization"},"image":{"@id":"https:\/\/www.kreativeraeumewien.at\/en\/news-en\/vienna-art-week-2022\/#primaryimage"},"thumbnailUrl":"https:\/\/www.kreativeraeumewien.at\/wp-content\/uploads\/2022\/10\/1_ArtWeek_Website.jpg","keywords":["Vienna Art Week","Zentrale"],"articleSection":["News"],"inLanguage":"en-US"},{"@type":"WebPage","@id":"https:\/\/www.kreativeraeumewien.at\/en\/news-en\/vienna-art-week-2022\/","url":"https:\/\/www.kreativeraeumewien.at\/en\/news-en\/vienna-art-week-2022\/","name":"Vienna Art Week 2022 - Kreative R\u00e4ume Wien","isPartOf":{"@id":"https:\/\/www.kreativeraeumewien.at\/en\/#website"},"primaryImageOfPage":{"@id":"https:\/\/www.kreativeraeumewien.at\/en\/news-en\/vienna-art-week-2022\/#primaryimage"},"image":{"@id":"https:\/\/www.kreativeraeumewien.at\/en\/news-en\/vienna-art-week-2022\/#primaryimage"},"thumbnailUrl":"https:\/\/www.kreativeraeumewien.at\/wp-content\/uploads\/2022\/10\/1_ArtWeek_Website.jpg","datePublished":"2022-10-20T12:08:03+00:00","dateModified":"2023-08-02T14:22:18+00:00","description":"Die Vienna Art Week 2022 mit gef\u00fchrten Touren, Talks, Performances, Workshops, Ausstellungen bis hin zu Besuchen in Ateliers und Studios.","breadcrumb":{"@id":"https:\/\/www.kreativeraeumewien.at\/en\/news-en\/vienna-art-week-2022\/#breadcrumb"},"inLanguage":"en-US","potentialAction":[{"@type":"ReadAction","target":["https:\/\/www.kreativeraeumewien.at\/en\/news-en\/vienna-art-week-2022\/"]}]},{"@type":"ImageObject","inLanguage":"en-US","@id":"https:\/\/www.kreativeraeumewien.at\/en\/news-en\/vienna-art-week-2022\/#primaryimage","url":"https:\/\/www.kreativeraeumewien.at\/wp-content\/uploads\/2022\/10\/1_ArtWeek_Website.jpg","contentUrl":"https:\/\/www.kreativeraeumewien.at\/wp-content\/uploads\/2022\/10\/1_ArtWeek_Website.jpg","width":1200,"height":772,"caption":"Ein B\u00fcrohaus von JPI wird im Rahmen der Art Week Vienna zum 'House of CHALLENGING ORDERS'. Foto: VIENNA ART WEEK 2022 \u00a9 Rainer Fehringer"},{"@type":"BreadcrumbList","@id":"https:\/\/www.kreativeraeumewien.at\/en\/news-en\/vienna-art-week-2022\/#breadcrumb","itemListElement":[{"@type":"ListItem","position":1,"name":"Startseite","item":"https:\/\/www.kreativeraeumewien.at\/en\/"},{"@type":"ListItem","position":2,"name":"Vienna Art Week 2022"}]},{"@type":"WebSite","@id":"https:\/\/www.kreativeraeumewien.at\/en\/#website","url":"https:\/\/www.kreativeraeumewien.at\/en\/","name":"Kreative R\u00e4ume Wien","description":"Service fu\u0308r Leerstandsaktivierung und Zwischennutzung f\u00fcr die Stadt Wien","publisher":{"@id":"https:\/\/www.kreativeraeumewien.at\/en\/#organization"},"potentialAction":[{"@type":"SearchAction","target":{"@type":"EntryPoint","urlTemplate":"https:\/\/www.kreativeraeumewien.at\/en\/?s={search_term_string}"},"query-input":{"@type":"PropertyValueSpecification","valueRequired":true,"valueName":"search_term_string"}}],"inLanguage":"en-US"},{"@type":"Organization","@id":"https:\/\/www.kreativeraeumewien.at\/en\/#organization","name":"Kreative R\u00e4ume Wien","url":"https:\/\/www.kreativeraeumewien.at\/en\/","logo":{"@type":"ImageObject","inLanguage":"en-US","@id":"https:\/\/www.kreativeraeumewien.at\/en\/#\/schema\/logo\/image\/","url":"https:\/\/www.kreativeraeumewien.at\/wp-content\/uploads\/2021\/12\/KRW-LOGO.png","contentUrl":"https:\/\/www.kreativeraeumewien.at\/wp-content\/uploads\/2021\/12\/KRW-LOGO.png","width":567,"height":567,"caption":"Kreative R\u00e4ume Wien"},"image":{"@id":"https:\/\/www.kreativeraeumewien.at\/en\/#\/schema\/logo\/image\/"},"sameAs":["https:\/\/www.facebook.com\/kreativeraeumewien","https:\/\/www.instagram.com\/kreativeraeume","https:\/\/www.linkedin.com\/company\/71490261\/"]},{"@type":"Person","@id":"https:\/\/www.kreativeraeumewien.at\/en\/#\/schema\/person\/35b1cedbc652eb88fa4b3285cbde2537","name":"kreative","image":{"@type":"ImageObject","inLanguage":"en-US","@id":"https:\/\/secure.gravatar.com\/avatar\/88784b22c5c172056132cc44a3194213a0f02167beb0a9b64ff49b84e648f072?s=96&d=mm&r=g","url":"https:\/\/secure.gravatar.com\/avatar\/88784b22c5c172056132cc44a3194213a0f02167beb0a9b64ff49b84e648f072?s=96&d=mm&r=g","contentUrl":"https:\/\/secure.gravatar.com\/avatar\/88784b22c5c172056132cc44a3194213a0f02167beb0a9b64ff49b84e648f072?s=96&d=mm&r=g","caption":"kreative"},"url":"https:\/\/www.kreativeraeumewien.at\/en\/author\/admin\/"}]}},"_links":{"self":[{"href":"https:\/\/www.kreativeraeumewien.at\/en\/wp-json\/wp\/v2\/posts\/4553","targetHints":{"allow":["GET"]}}],"collection":[{"href":"https:\/\/www.kreativeraeumewien.at\/en\/wp-json\/wp\/v2\/posts"}],"about":[{"href":"https:\/\/www.kreativeraeumewien.at\/en\/wp-json\/wp\/v2\/types\/post"}],"author":[{"embeddable":true,"href":"https:\/\/www.kreativeraeumewien.at\/en\/wp-json\/wp\/v2\/users\/2"}],"replies":[{"embeddable":true,"href":"https:\/\/www.kreativeraeumewien.at\/en\/wp-json\/wp\/v2\/comments?post=4553"}],"version-history":[{"count":0,"href":"https:\/\/www.kreativeraeumewien.at\/en\/wp-json\/wp\/v2\/posts\/4553\/revisions"}],"wp:featuredmedia":[{"embeddable":true,"href":"https:\/\/www.kreativeraeumewien.at\/en\/wp-json\/wp\/v2\/media\/4556"}],"wp:attachment":[{"href":"https:\/\/www.kreativeraeumewien.at\/en\/wp-json\/wp\/v2\/media?parent=4553"}],"wp:term":[{"taxonomy":"category","embeddable":true,"href":"https:\/\/www.kreativeraeumewien.at\/en\/wp-json\/wp\/v2\/categories?post=4553"},{"taxonomy":"post_tag","embeddable":true,"href":"https:\/\/www.kreativeraeumewien.at\/en\/wp-json\/wp\/v2\/tags?post=4553"}],"curies":[{"name":"wp","href":"https:\/\/api.w.org\/{rel}","templated":true}]}}