{"id":4660,"date":"2022-11-17T15:16:01","date_gmt":"2022-11-17T14:16:01","guid":{"rendered":"https:\/\/www.kreativeraeumewien.at\/?p=4660"},"modified":"2022-11-18T15:25:35","modified_gmt":"2022-11-18T14:25:35","slug":"neues-creative-cluster","status":"publish","type":"post","link":"https:\/\/www.kreativeraeumewien.at\/en\/news-en\/neues-creative-cluster\/","title":{"rendered":"Neues aus dem Creative Cluster Margareten"},"content":{"rendered":"\n\n\n<p style=\"text-align: right;\">17.11.2022<\/p>\n<p><strong>Es tut sich einiges hinter den Mauern der ehemaligen Schule im 5. Bezirk. Seit mittlerweile drei Jahren gibt es hier in der Viktor-Christ-Gasse 10 ein kreatives Zwischennutzungsprojekt, das sich stetig weiterentwickelt.<\/strong><\/p>\n<p>Mit 40 Studios, mehrere Gemeinschaftsr\u00e4ume, einen Turnsaal, einen Innenhof und seit neuestem auch den mietbaren Raum HAIZ, ist es dem Creative Cluster gelungen einen M\u00f6glichkeitsraum mitten im 5. Bezirk zu etablieren. Die R\u00e4umlichkeiten dienen zahlreichen Kreativen als Ort zum Arbeiten, zum Netzwerken, zum Entwickeln und Umsetzen innovativer Ideen.<\/p>\n<h2>Open Doors: Art Week Vienna x Creative Cluster<\/h2>\n<p>Im Rahmen der Open Studio Days der Vienna Art Week 2022 \u00f6ffnet das von uns mit-initierte Projekt Creative Cluster wieder zwei Tagen im November seine Pforten f\u00fcr alle Interessierten. Es bietet sich die Gelegenheit die Studios und Ateliers der rund 140 kreativen Akteur:innen des Hauses zu besichtigen, einen Blick hinter die Kulissen zu werfen und das Projekt kennenzulernen.<\/p>\n<p>STUDIOS \/ EXHIBITIONS \/ DRINKS \/ PERFORMANCES<br \/>SA 19. Nov 13:00 &#8211; 21:00 Uhr<br \/>SO 20. Nov 13:00 &#8211; 19:00 Uhr<br \/>INTER &amp; TRANSDISCIPLINARY ART WEEKEND<br \/>FREE ENTRY<\/p>\n<p>Mehr Infos <a href=\"https:\/\/www.kreativeraeumewien.at\/en\/news-en\/vienna-art-week-2022\/\">zur Vienna Art Week hier.<\/a><\/p>\n<h2>Eine neue Website ist online<\/h2>\n<p>Auch online tut sich einiges im Projekt: P\u00fcnktlich zur Vienna Art Week pr\u00e4sentierte das Team hinter dem Creative Cluster ihre neu aufpolierte und aktualisierte Website. Hier gibt es alle Infos zum Gesamtprojekt, den Studios und eine Plattform f\u00fcr jene Menschen, die im Cluster arbeiten.<\/p>\n<p><a href=\"https:\/\/www.creativecluster.cc\/\">www.creativecluster.cc<\/a><\/p>\n<h2>Ein neuer Raum: Haiz <\/h2>\n<p>Im Untergescho\u00df des Geb\u00e4udes kann ab jetzt auch der multifunktionale Raum <i>HAIZ<\/i> <em>&#8211; Raum f\u00fcr Gegenwartskultur<\/em> mit rund 80 m2 gemietet werden. Durch die Ausstattung mit Fotorolle, dimmbarem Licht, Beamer und einer professionellen Soundanlage \u2013 f\u00fcr die der Raum ausgemessen wurde \u2013 eignen sich die R\u00e4umlichkeiten sehr gut f\u00fcr Theater, Performances, Installationen, Ausstellungen, Filmvorf\u00fchungen, Foto- und Filmshootings, Lesungen und aller Arten von (Musik)-Proben. Eingemietete Nutzer:innen k\u00f6nnen R\u00e4umlichkeiten wie den Turnsaal oder den neuen Clubraum mitverwenden. Er\u00f6ffnet wird der Raum erst so richtig im Fr\u00fchling.<\/p>\n<p>Mehr Infos zum mietbaren <a href=\"https:\/\/www.creativecluster.cc\/location\/haiz-raum-fuer-gegenwartskultur\">Raum Haiz hier.<\/a> Der Raum ist auch Teil unserer <a href=\"https:\/\/www.creativecluster.cc\/location\/haiz-raum-fuer-gegenwartskultur\">\u00dcbersicht zu niederschwelligen Ausstellungsr\u00e4ume<\/a> in Wien.\u00a0<\/p>\n<h2>Interessiert an Arbeitsr\u00e4umen im Creative Cluster? Jetzt anmelden<\/h2>\n<p>Au\u00dferdem sind aktuell im Creative Cluster Studios bzw. Arbeitspl\u00e4tze verschiedener Gr\u00f6\u00dfen verf\u00fcgbar. Mehr <a href=\"https:\/\/www.creativecluster.cc\/jetzt-bewerben\/\">Infos dazu hier.<\/a><\/p>\n<p>\u00a0<\/p>\n<p><strong>Creative Cluster<\/strong><br \/>Viktor &#8211; Christ &#8211; Gasse 10<br \/>1050 Wien<\/p>\n<p><a href=\"http:\/\/www.creacluster.cc\/\">www.creacluster.cc<\/a><\/p>\n","protected":false},"excerpt":{"rendered":"<p>17.11.2022 Es tut sich einiges hinter den Mauern der ehemaligen Schule im 5. Bezirk. Seit mittlerweile drei Jahren gibt es hier in der Viktor-Christ-Gasse 10 ein kreatives Zwischennutzungsprojekt, das sich stetig weiterentwickelt. Mit 40 Studios, mehrere Gemeinschaftsr\u00e4ume, einen Turnsaal, einen Innenhof und seit neuestem auch den mietbaren Raum HAIZ, ist es dem Creative Cluster gelungen [&hellip;]<\/p>\n","protected":false},"author":2,"featured_media":4653,"comment_status":"closed","ping_status":"closed","sticky":false,"template":"","format":"standard","meta":{"_acf_changed":false,"_eb_attr":"","footnotes":""},"categories":[82],"tags":[272,117,83,273,89,274,167,105],"class_list":["post-4660","post","type-post","status-publish","format-standard","has-post-thumbnail","hentry","category-news-en","tag-5-bezirk-en","tag-creative-cluster-en","tag-creative-cluster-margareten-en","tag-ehemalige-schule-en","tag-krw-en","tag-margareten-en","tag-newsletter-en","tag-zwischennutzung-en"],"acf":[],"yoast_head":"<!-- This site is optimized with the Yoast SEO plugin v27.3 - https:\/\/yoast.com\/product\/yoast-seo-wordpress\/ -->\n<title>Neues aus dem Creative Cluster Margareten - Kreative R\u00e4ume Wien<\/title>\n<meta name=\"robots\" content=\"index, follow, max-snippet:-1, max-image-preview:large, max-video-preview:-1\" \/>\n<link rel=\"canonical\" href=\"https:\/\/www.kreativeraeumewien.at\/en\/news-en\/neues-creative-cluster\/\" \/>\n<meta property=\"og:locale\" content=\"en_US\" \/>\n<meta property=\"og:type\" content=\"article\" \/>\n<meta property=\"og:title\" content=\"Neues aus dem Creative Cluster Margareten - Kreative R\u00e4ume Wien\" \/>\n<meta property=\"og:description\" content=\"17.11.2022 Es tut sich einiges hinter den Mauern der ehemaligen Schule im 5. Bezirk. Seit mittlerweile drei Jahren gibt es hier in der Viktor-Christ-Gasse 10 ein kreatives Zwischennutzungsprojekt, das sich stetig weiterentwickelt. Mit 40 Studios, mehrere Gemeinschaftsr\u00e4ume, einen Turnsaal, einen Innenhof und seit neuestem auch den mietbaren Raum HAIZ, ist es dem Creative Cluster gelungen [&hellip;]\" \/>\n<meta property=\"og:url\" content=\"https:\/\/www.kreativeraeumewien.at\/en\/news-en\/neues-creative-cluster\/\" \/>\n<meta property=\"og:site_name\" content=\"Kreative R\u00e4ume Wien\" \/>\n<meta property=\"article:publisher\" content=\"https:\/\/www.facebook.com\/kreativeraeumewien\" \/>\n<meta property=\"article:published_time\" content=\"2022-11-17T14:16:01+00:00\" \/>\n<meta property=\"article:modified_time\" content=\"2022-11-18T14:25:35+00:00\" \/>\n<meta property=\"og:image\" content=\"https:\/\/www.kreativeraeumewien.at\/wp-content\/uploads\/2022\/11\/creaCluster_Website_bildpatrick-1.jpg\" \/>\n\t<meta property=\"og:image:width\" content=\"1200\" \/>\n\t<meta property=\"og:image:height\" content=\"772\" \/>\n\t<meta property=\"og:image:type\" content=\"image\/jpeg\" \/>\n<meta name=\"author\" content=\"kreative\" \/>\n<meta name=\"twitter:card\" content=\"summary_large_image\" \/>\n<meta name=\"twitter:label1\" content=\"Written by\" \/>\n\t<meta name=\"twitter:data1\" content=\"kreative\" \/>\n\t<meta name=\"twitter:label2\" content=\"Est. reading time\" \/>\n\t<meta name=\"twitter:data2\" content=\"2 minutes\" \/>\n<script type=\"application\/ld+json\" class=\"yoast-schema-graph\">{\"@context\":\"https:\\\/\\\/schema.org\",\"@graph\":[{\"@type\":\"Article\",\"@id\":\"https:\\\/\\\/www.kreativeraeumewien.at\\\/en\\\/news-en\\\/neues-creative-cluster\\\/#article\",\"isPartOf\":{\"@id\":\"https:\\\/\\\/www.kreativeraeumewien.at\\\/en\\\/news-en\\\/neues-creative-cluster\\\/\"},\"author\":{\"name\":\"kreative\",\"@id\":\"https:\\\/\\\/www.kreativeraeumewien.at\\\/en\\\/#\\\/schema\\\/person\\\/35b1cedbc652eb88fa4b3285cbde2537\"},\"headline\":\"Neues aus dem Creative Cluster Margareten\",\"datePublished\":\"2022-11-17T14:16:01+00:00\",\"dateModified\":\"2022-11-18T14:25:35+00:00\",\"mainEntityOfPage\":{\"@id\":\"https:\\\/\\\/www.kreativeraeumewien.at\\\/en\\\/news-en\\\/neues-creative-cluster\\\/\"},\"wordCount\":384,\"publisher\":{\"@id\":\"https:\\\/\\\/www.kreativeraeumewien.at\\\/en\\\/#organization\"},\"image\":{\"@id\":\"https:\\\/\\\/www.kreativeraeumewien.at\\\/en\\\/news-en\\\/neues-creative-cluster\\\/#primaryimage\"},\"thumbnailUrl\":\"https:\\\/\\\/www.kreativeraeumewien.at\\\/wp-content\\\/uploads\\\/2022\\\/11\\\/creaCluster_Website_bildpatrick-1.jpg\",\"keywords\":[\"5. Bezirk\",\"creative cluster\",\"Creative Cluster Margareten\",\"ehemalige Schule\",\"KRW\",\"Margareten\",\"Newsletter\",\"Zwischennutzung\"],\"articleSection\":[\"News\"],\"inLanguage\":\"en-US\"},{\"@type\":\"WebPage\",\"@id\":\"https:\\\/\\\/www.kreativeraeumewien.at\\\/en\\\/news-en\\\/neues-creative-cluster\\\/\",\"url\":\"https:\\\/\\\/www.kreativeraeumewien.at\\\/en\\\/news-en\\\/neues-creative-cluster\\\/\",\"name\":\"Neues aus dem Creative Cluster Margareten - Kreative R\u00e4ume Wien\",\"isPartOf\":{\"@id\":\"https:\\\/\\\/www.kreativeraeumewien.at\\\/en\\\/#website\"},\"primaryImageOfPage\":{\"@id\":\"https:\\\/\\\/www.kreativeraeumewien.at\\\/en\\\/news-en\\\/neues-creative-cluster\\\/#primaryimage\"},\"image\":{\"@id\":\"https:\\\/\\\/www.kreativeraeumewien.at\\\/en\\\/news-en\\\/neues-creative-cluster\\\/#primaryimage\"},\"thumbnailUrl\":\"https:\\\/\\\/www.kreativeraeumewien.at\\\/wp-content\\\/uploads\\\/2022\\\/11\\\/creaCluster_Website_bildpatrick-1.jpg\",\"datePublished\":\"2022-11-17T14:16:01+00:00\",\"dateModified\":\"2022-11-18T14:25:35+00:00\",\"breadcrumb\":{\"@id\":\"https:\\\/\\\/www.kreativeraeumewien.at\\\/en\\\/news-en\\\/neues-creative-cluster\\\/#breadcrumb\"},\"inLanguage\":\"en-US\",\"potentialAction\":[{\"@type\":\"ReadAction\",\"target\":[\"https:\\\/\\\/www.kreativeraeumewien.at\\\/en\\\/news-en\\\/neues-creative-cluster\\\/\"]}]},{\"@type\":\"ImageObject\",\"inLanguage\":\"en-US\",\"@id\":\"https:\\\/\\\/www.kreativeraeumewien.at\\\/en\\\/news-en\\\/neues-creative-cluster\\\/#primaryimage\",\"url\":\"https:\\\/\\\/www.kreativeraeumewien.at\\\/wp-content\\\/uploads\\\/2022\\\/11\\\/creaCluster_Website_bildpatrick-1.jpg\",\"contentUrl\":\"https:\\\/\\\/www.kreativeraeumewien.at\\\/wp-content\\\/uploads\\\/2022\\\/11\\\/creaCluster_Website_bildpatrick-1.jpg\",\"width\":1200,\"height\":772,\"caption\":\"Creative Cluster \u00a9 Kreative R\u00e4ume Wien\"},{\"@type\":\"BreadcrumbList\",\"@id\":\"https:\\\/\\\/www.kreativeraeumewien.at\\\/en\\\/news-en\\\/neues-creative-cluster\\\/#breadcrumb\",\"itemListElement\":[{\"@type\":\"ListItem\",\"position\":1,\"name\":\"Startseite\",\"item\":\"https:\\\/\\\/www.kreativeraeumewien.at\\\/en\\\/\"},{\"@type\":\"ListItem\",\"position\":2,\"name\":\"Neues aus dem Creative Cluster Margareten\"}]},{\"@type\":\"WebSite\",\"@id\":\"https:\\\/\\\/www.kreativeraeumewien.at\\\/en\\\/#website\",\"url\":\"https:\\\/\\\/www.kreativeraeumewien.at\\\/en\\\/\",\"name\":\"Kreative R\u00e4ume Wien\",\"description\":\"Service fu\u0308r Leerstandsaktivierung und Zwischennutzung f\u00fcr die Stadt Wien\",\"publisher\":{\"@id\":\"https:\\\/\\\/www.kreativeraeumewien.at\\\/en\\\/#organization\"},\"potentialAction\":[{\"@type\":\"SearchAction\",\"target\":{\"@type\":\"EntryPoint\",\"urlTemplate\":\"https:\\\/\\\/www.kreativeraeumewien.at\\\/en\\\/?s={search_term_string}\"},\"query-input\":{\"@type\":\"PropertyValueSpecification\",\"valueRequired\":true,\"valueName\":\"search_term_string\"}}],\"inLanguage\":\"en-US\"},{\"@type\":\"Organization\",\"@id\":\"https:\\\/\\\/www.kreativeraeumewien.at\\\/en\\\/#organization\",\"name\":\"Kreative R\u00e4ume Wien\",\"url\":\"https:\\\/\\\/www.kreativeraeumewien.at\\\/en\\\/\",\"logo\":{\"@type\":\"ImageObject\",\"inLanguage\":\"en-US\",\"@id\":\"https:\\\/\\\/www.kreativeraeumewien.at\\\/en\\\/#\\\/schema\\\/logo\\\/image\\\/\",\"url\":\"https:\\\/\\\/www.kreativeraeumewien.at\\\/wp-content\\\/uploads\\\/2021\\\/12\\\/KRW-LOGO.png\",\"contentUrl\":\"https:\\\/\\\/www.kreativeraeumewien.at\\\/wp-content\\\/uploads\\\/2021\\\/12\\\/KRW-LOGO.png\",\"width\":567,\"height\":567,\"caption\":\"Kreative R\u00e4ume Wien\"},\"image\":{\"@id\":\"https:\\\/\\\/www.kreativeraeumewien.at\\\/en\\\/#\\\/schema\\\/logo\\\/image\\\/\"},\"sameAs\":[\"https:\\\/\\\/www.facebook.com\\\/kreativeraeumewien\",\"https:\\\/\\\/www.instagram.com\\\/kreativeraeume\",\"https:\\\/\\\/www.linkedin.com\\\/company\\\/71490261\\\/\"]},{\"@type\":\"Person\",\"@id\":\"https:\\\/\\\/www.kreativeraeumewien.at\\\/en\\\/#\\\/schema\\\/person\\\/35b1cedbc652eb88fa4b3285cbde2537\",\"name\":\"kreative\",\"image\":{\"@type\":\"ImageObject\",\"inLanguage\":\"en-US\",\"@id\":\"https:\\\/\\\/secure.gravatar.com\\\/avatar\\\/88784b22c5c172056132cc44a3194213a0f02167beb0a9b64ff49b84e648f072?s=96&d=mm&r=g\",\"url\":\"https:\\\/\\\/secure.gravatar.com\\\/avatar\\\/88784b22c5c172056132cc44a3194213a0f02167beb0a9b64ff49b84e648f072?s=96&d=mm&r=g\",\"contentUrl\":\"https:\\\/\\\/secure.gravatar.com\\\/avatar\\\/88784b22c5c172056132cc44a3194213a0f02167beb0a9b64ff49b84e648f072?s=96&d=mm&r=g\",\"caption\":\"kreative\"},\"url\":\"https:\\\/\\\/www.kreativeraeumewien.at\\\/en\\\/author\\\/admin\\\/\"}]}<\/script>\n<!-- \/ Yoast SEO plugin. -->","yoast_head_json":{"title":"Neues aus dem Creative Cluster Margareten - Kreative R\u00e4ume Wien","robots":{"index":"index","follow":"follow","max-snippet":"max-snippet:-1","max-image-preview":"max-image-preview:large","max-video-preview":"max-video-preview:-1"},"canonical":"https:\/\/www.kreativeraeumewien.at\/en\/news-en\/neues-creative-cluster\/","og_locale":"en_US","og_type":"article","og_title":"Neues aus dem Creative Cluster Margareten - Kreative R\u00e4ume Wien","og_description":"17.11.2022 Es tut sich einiges hinter den Mauern der ehemaligen Schule im 5. Bezirk. Seit mittlerweile drei Jahren gibt es hier in der Viktor-Christ-Gasse 10 ein kreatives Zwischennutzungsprojekt, das sich stetig weiterentwickelt. Mit 40 Studios, mehrere Gemeinschaftsr\u00e4ume, einen Turnsaal, einen Innenhof und seit neuestem auch den mietbaren Raum HAIZ, ist es dem Creative Cluster gelungen [&hellip;]","og_url":"https:\/\/www.kreativeraeumewien.at\/en\/news-en\/neues-creative-cluster\/","og_site_name":"Kreative R\u00e4ume Wien","article_publisher":"https:\/\/www.facebook.com\/kreativeraeumewien","article_published_time":"2022-11-17T14:16:01+00:00","article_modified_time":"2022-11-18T14:25:35+00:00","og_image":[{"width":1200,"height":772,"url":"https:\/\/www.kreativeraeumewien.at\/wp-content\/uploads\/2022\/11\/creaCluster_Website_bildpatrick-1.jpg","type":"image\/jpeg"}],"author":"kreative","twitter_card":"summary_large_image","twitter_misc":{"Written by":"kreative","Est. reading time":"2 minutes"},"schema":{"@context":"https:\/\/schema.org","@graph":[{"@type":"Article","@id":"https:\/\/www.kreativeraeumewien.at\/en\/news-en\/neues-creative-cluster\/#article","isPartOf":{"@id":"https:\/\/www.kreativeraeumewien.at\/en\/news-en\/neues-creative-cluster\/"},"author":{"name":"kreative","@id":"https:\/\/www.kreativeraeumewien.at\/en\/#\/schema\/person\/35b1cedbc652eb88fa4b3285cbde2537"},"headline":"Neues aus dem Creative Cluster Margareten","datePublished":"2022-11-17T14:16:01+00:00","dateModified":"2022-11-18T14:25:35+00:00","mainEntityOfPage":{"@id":"https:\/\/www.kreativeraeumewien.at\/en\/news-en\/neues-creative-cluster\/"},"wordCount":384,"publisher":{"@id":"https:\/\/www.kreativeraeumewien.at\/en\/#organization"},"image":{"@id":"https:\/\/www.kreativeraeumewien.at\/en\/news-en\/neues-creative-cluster\/#primaryimage"},"thumbnailUrl":"https:\/\/www.kreativeraeumewien.at\/wp-content\/uploads\/2022\/11\/creaCluster_Website_bildpatrick-1.jpg","keywords":["5. Bezirk","creative cluster","Creative Cluster Margareten","ehemalige Schule","KRW","Margareten","Newsletter","Zwischennutzung"],"articleSection":["News"],"inLanguage":"en-US"},{"@type":"WebPage","@id":"https:\/\/www.kreativeraeumewien.at\/en\/news-en\/neues-creative-cluster\/","url":"https:\/\/www.kreativeraeumewien.at\/en\/news-en\/neues-creative-cluster\/","name":"Neues aus dem Creative Cluster Margareten - Kreative R\u00e4ume Wien","isPartOf":{"@id":"https:\/\/www.kreativeraeumewien.at\/en\/#website"},"primaryImageOfPage":{"@id":"https:\/\/www.kreativeraeumewien.at\/en\/news-en\/neues-creative-cluster\/#primaryimage"},"image":{"@id":"https:\/\/www.kreativeraeumewien.at\/en\/news-en\/neues-creative-cluster\/#primaryimage"},"thumbnailUrl":"https:\/\/www.kreativeraeumewien.at\/wp-content\/uploads\/2022\/11\/creaCluster_Website_bildpatrick-1.jpg","datePublished":"2022-11-17T14:16:01+00:00","dateModified":"2022-11-18T14:25:35+00:00","breadcrumb":{"@id":"https:\/\/www.kreativeraeumewien.at\/en\/news-en\/neues-creative-cluster\/#breadcrumb"},"inLanguage":"en-US","potentialAction":[{"@type":"ReadAction","target":["https:\/\/www.kreativeraeumewien.at\/en\/news-en\/neues-creative-cluster\/"]}]},{"@type":"ImageObject","inLanguage":"en-US","@id":"https:\/\/www.kreativeraeumewien.at\/en\/news-en\/neues-creative-cluster\/#primaryimage","url":"https:\/\/www.kreativeraeumewien.at\/wp-content\/uploads\/2022\/11\/creaCluster_Website_bildpatrick-1.jpg","contentUrl":"https:\/\/www.kreativeraeumewien.at\/wp-content\/uploads\/2022\/11\/creaCluster_Website_bildpatrick-1.jpg","width":1200,"height":772,"caption":"Creative Cluster \u00a9 Kreative R\u00e4ume Wien"},{"@type":"BreadcrumbList","@id":"https:\/\/www.kreativeraeumewien.at\/en\/news-en\/neues-creative-cluster\/#breadcrumb","itemListElement":[{"@type":"ListItem","position":1,"name":"Startseite","item":"https:\/\/www.kreativeraeumewien.at\/en\/"},{"@type":"ListItem","position":2,"name":"Neues aus dem Creative Cluster Margareten"}]},{"@type":"WebSite","@id":"https:\/\/www.kreativeraeumewien.at\/en\/#website","url":"https:\/\/www.kreativeraeumewien.at\/en\/","name":"Kreative R\u00e4ume Wien","description":"Service fu\u0308r Leerstandsaktivierung und Zwischennutzung f\u00fcr die Stadt Wien","publisher":{"@id":"https:\/\/www.kreativeraeumewien.at\/en\/#organization"},"potentialAction":[{"@type":"SearchAction","target":{"@type":"EntryPoint","urlTemplate":"https:\/\/www.kreativeraeumewien.at\/en\/?s={search_term_string}"},"query-input":{"@type":"PropertyValueSpecification","valueRequired":true,"valueName":"search_term_string"}}],"inLanguage":"en-US"},{"@type":"Organization","@id":"https:\/\/www.kreativeraeumewien.at\/en\/#organization","name":"Kreative R\u00e4ume Wien","url":"https:\/\/www.kreativeraeumewien.at\/en\/","logo":{"@type":"ImageObject","inLanguage":"en-US","@id":"https:\/\/www.kreativeraeumewien.at\/en\/#\/schema\/logo\/image\/","url":"https:\/\/www.kreativeraeumewien.at\/wp-content\/uploads\/2021\/12\/KRW-LOGO.png","contentUrl":"https:\/\/www.kreativeraeumewien.at\/wp-content\/uploads\/2021\/12\/KRW-LOGO.png","width":567,"height":567,"caption":"Kreative R\u00e4ume Wien"},"image":{"@id":"https:\/\/www.kreativeraeumewien.at\/en\/#\/schema\/logo\/image\/"},"sameAs":["https:\/\/www.facebook.com\/kreativeraeumewien","https:\/\/www.instagram.com\/kreativeraeume","https:\/\/www.linkedin.com\/company\/71490261\/"]},{"@type":"Person","@id":"https:\/\/www.kreativeraeumewien.at\/en\/#\/schema\/person\/35b1cedbc652eb88fa4b3285cbde2537","name":"kreative","image":{"@type":"ImageObject","inLanguage":"en-US","@id":"https:\/\/secure.gravatar.com\/avatar\/88784b22c5c172056132cc44a3194213a0f02167beb0a9b64ff49b84e648f072?s=96&d=mm&r=g","url":"https:\/\/secure.gravatar.com\/avatar\/88784b22c5c172056132cc44a3194213a0f02167beb0a9b64ff49b84e648f072?s=96&d=mm&r=g","contentUrl":"https:\/\/secure.gravatar.com\/avatar\/88784b22c5c172056132cc44a3194213a0f02167beb0a9b64ff49b84e648f072?s=96&d=mm&r=g","caption":"kreative"},"url":"https:\/\/www.kreativeraeumewien.at\/en\/author\/admin\/"}]}},"_links":{"self":[{"href":"https:\/\/www.kreativeraeumewien.at\/en\/wp-json\/wp\/v2\/posts\/4660","targetHints":{"allow":["GET"]}}],"collection":[{"href":"https:\/\/www.kreativeraeumewien.at\/en\/wp-json\/wp\/v2\/posts"}],"about":[{"href":"https:\/\/www.kreativeraeumewien.at\/en\/wp-json\/wp\/v2\/types\/post"}],"author":[{"embeddable":true,"href":"https:\/\/www.kreativeraeumewien.at\/en\/wp-json\/wp\/v2\/users\/2"}],"replies":[{"embeddable":true,"href":"https:\/\/www.kreativeraeumewien.at\/en\/wp-json\/wp\/v2\/comments?post=4660"}],"version-history":[{"count":0,"href":"https:\/\/www.kreativeraeumewien.at\/en\/wp-json\/wp\/v2\/posts\/4660\/revisions"}],"wp:featuredmedia":[{"embeddable":true,"href":"https:\/\/www.kreativeraeumewien.at\/en\/wp-json\/wp\/v2\/media\/4653"}],"wp:attachment":[{"href":"https:\/\/www.kreativeraeumewien.at\/en\/wp-json\/wp\/v2\/media?parent=4660"}],"wp:term":[{"taxonomy":"category","embeddable":true,"href":"https:\/\/www.kreativeraeumewien.at\/en\/wp-json\/wp\/v2\/categories?post=4660"},{"taxonomy":"post_tag","embeddable":true,"href":"https:\/\/www.kreativeraeumewien.at\/en\/wp-json\/wp\/v2\/tags?post=4660"}],"curies":[{"name":"wp","href":"https:\/\/api.w.org\/{rel}","templated":true}]}}