{"id":6609,"date":"2024-03-13T11:29:05","date_gmt":"2024-03-13T10:29:05","guid":{"rendered":"https:\/\/www.kreativeraeumewien.at\/ringvorlesung-leerstandsaktivierung-und-zwischennutzung\/"},"modified":"2024-11-28T08:45:43","modified_gmt":"2024-11-28T07:45:43","slug":"ringvorlesung-leerstandsaktivierung-und-zwischennutzung","status":"publish","type":"post","link":"https:\/\/www.kreativeraeumewien.at\/en\/news-en\/ringvorlesung-leerstandsaktivierung-und-zwischennutzung\/","title":{"rendered":"Lecture series on vacancy activation and interim use"},"content":{"rendered":"\n<p style=\"text-align: right;\">14.2.2024<\/p>\n<p>The lecture series at TU Wien, which is being set up and implemented together with Kreative R\u00e4ume Wien, examines the topic of vacancy activation from different perspectives. In addition to a theoretical and practical classification of current approaches and challenges, organizational forms of collectives as well as national and international examples will also be examined and presented. <\/p>\n<h3>Location<\/h3>\n<p><strong>Vienna University of Technology I <\/strong><strong>Lecture Hall 14A G\u00fcnther Feuerstein, Karlsplatz 13<\/strong><\/p>\n<h3>Dates<\/h3>\n<p><strong>11.3.2024 I 17-19 h <br>Vacancy activation and interim use:<\/strong><br><strong>The context of sustainable urban development<\/strong><br>Maria Thornton (Kreative R\u00e4ume Wien), Elias Grinzinger<br>(TU Wien &#8211; Regional Planning and Regional Development), Jonathan<br>Fetka (TU Wien &#8211; Transport System Planning)<\/p>\n<p><br><strong>18.3.2024 I 17-19 h <\/strong><br><strong>Vacancy activation and interim use:<\/strong><br><strong>Actors, needs, participation<\/strong><br>Lena Schartm\u00fcller (TU Wien &#8211; Regional Planning and Regional Development<br>&amp; imGr\u00e4tzl.at), Maria Thornton (Kreative R\u00e4ume Wien)<\/p>\n<p><br><strong>8.4.2024 I 17-19 h <\/strong><br><strong>Vacancy activation in rural areas and what the<\/strong><br><strong>city can learn from it<\/strong><br>Isabel Stumfol (TU Vienna &#8211; Center for Rural Areas), Elias<br>Grinzinger (TU Vienna &#8211; Regional Planning and Regional Development)<\/p>\n<p><br><strong>15.4.2024 I 5-7 p.m.  <\/strong><br><strong>Artistic interim uses as temporary public spaces<\/strong><br><strong>Spaces? Places between everyday culture, subculture and high culture <\/strong><br>Sabine Knierbein (TU Vienna &#8211; Urban Culture and Public Space),<br>Noah Pfander (TU Vienna &#8211; Center for Technology and Society)<\/p>\n<p><br><strong>22.4.2024 I 17-19 h <\/strong><br><strong>Street space and ground floor: The traffic-calmed<\/strong><br><strong>street space as a bridge between inside and outside<\/strong><br>Angelika Psenner (TU Vienna &#8211; Urban Planning), Jonathan Fetka<br>(TU Vienna &#8211; Traffic System Planning)<\/p>\n<p><br><strong>29.4.2024 I 17-19 h <\/strong><br><strong>Urban strategies and spatial planning instruments<\/strong><br><strong>in vacancy activation<\/strong><br>Lena R\u00fccker (City of Vienna &#8211; MA18), Arthur Kanonier (TU Vienna &#8211;<br>Land Policy and Land Management), Helene Scheller (City of Vienna &#8211; MA25)<\/p>\n<p><br><strong>6.5.2024 I 5-7 pm <\/strong><br><strong>A journey through (inter)national<\/strong><br><strong>temporary use projects<\/strong><br>Thomas Kerekes (Kreative R\u00e4ume Wien)<\/p>\n<p><br><strong>13.5.2024 I 17-19 h <\/strong><br><strong>Interfaces and services<\/strong><br><strong>for activation projects in the City of Vienna<\/strong><br>Jutta Kleedorfer (former head of Einfach-Mehrfach), Uli Fries<br>(Kreative R\u00e4ume Wien)<\/p>\n<p><br><strong>27.5.2024 I 5-7 pm <\/strong><br><strong>Vacancy and interim use from the perspective of<\/strong><br><strong>owners and development companies<\/strong><br>Cornelia Bredt (ARE &#8211; Austrian Real Estate), Hans-J\u00f6rg Ulreich<br>(Ulreich Bautr\u00e4ger)<\/p>\n<p><br><strong>3.6.2024 I 17-19 h <\/strong><br><strong>Practice reports:<\/strong><br><strong>Viennese collectives and interim uses in focus<\/strong><br>Frederik Marroquin <a href=\"https:\/\/www.kreativeraeumewien.at\/en\/projects\/semmelweisklinik\/\">(Kunst- und Kulturverein Semmelweisklinik)<\/a>, Vera Grillmaier, Clara Grillmaier, Nina Zips <a href=\"https:\/\/www.kreativeraeumewien.at\/en\/?p=6172\">(Never at home)<\/a>, Barbara Mayer <a href=\"https:\/\/www.kreativeraeumewien.at\/en\/projects\/garage-grande\/\">(Garage Grande),<\/a> Marlies Stohl <a href=\"https:\/\/amwasser.wien\/\">(USUS am Wasser)<\/a>, Georg Demmer <a href=\"https:\/\/www.gad.at\/Luftschloss-Cobenzl\">(Luftschloss Cobenzl)<\/a><\/p>\n<p><br><strong>10.6.2024 I 17-19 h <\/strong><br><strong>Practical reports:<\/strong><br><strong>Focus on examples from Switzerland and Germany<\/strong><br>Oliver Kaye (Import-Export, Munich), Matthias Rutishauser<br>(Terrain Gurzelen, Biel)<\/p>\n<p><br><strong>17.6.2024 I 5-7 pm <\/strong><br><strong>Interim use in practice:<\/strong><br><strong>Contact points, funding, platforms<\/strong><br>Uli Fries (Kreative R\u00e4ume Wien), Cornelia Lein (Business Agency<br>Vienna)<\/p>\n<h3>Description of the lecture series<\/h3>\n<p>Existing buildings and their transformation are increasingly becoming the focus of architecture and spatial planning. The activation and use of vacant space is an important building block for a vibrant urban culture, for an active community, for an innovative creative sector and, last but not least, for a more careful use of resources. However, in densifying cities in particular, this also leads to conflicts of use.  <\/p>\n<p>So what role can vacancy activation and interim use play in urban (culture)? What are the demands and needs for space? How can divergent demands on space be negotiated? And: How can spaces be activated and used at all? What planning instruments are available for this?    <\/p>\n<p>This lecture series aims to highlight the complexity and role of vacancy activation for interim use. In Austria, but also beyond. It is open to all interested parties.  <\/p>\n\n<figure data-wp-context=\"{&quot;imageId&quot;:&quot;69ef04db96d94&quot;}\" data-wp-interactive=\"core\/image\" class=\"wp-block-image size-large wp-lightbox-container\"><img loading=\"lazy\" decoding=\"async\" width=\"724\" height=\"1024\" data-wp-class--hide=\"state.isContentHidden\" data-wp-class--show=\"state.isContentVisible\" data-wp-init=\"callbacks.setButtonStyles\" data-wp-on-async--click=\"actions.showLightbox\" data-wp-on-async--load=\"callbacks.setButtonStyles\" data-wp-on-async-window--resize=\"callbacks.setButtonStyles\" src=\"https:\/\/www.kreativeraeumewien.at\/wp-content\/uploads\/2024\/04\/Ringvorlesung_Plakat-724x1024.png\" alt=\"\" class=\"wp-image-6603\" srcset=\"https:\/\/www.kreativeraeumewien.at\/wp-content\/uploads\/2024\/04\/Ringvorlesung_Plakat-724x1024.png 724w, https:\/\/www.kreativeraeumewien.at\/wp-content\/uploads\/2024\/04\/Ringvorlesung_Plakat-212x300.png 212w, https:\/\/www.kreativeraeumewien.at\/wp-content\/uploads\/2024\/04\/Ringvorlesung_Plakat-768x1086.png 768w, https:\/\/www.kreativeraeumewien.at\/wp-content\/uploads\/2024\/04\/Ringvorlesung_Plakat-1086x1536.png 1086w, https:\/\/www.kreativeraeumewien.at\/wp-content\/uploads\/2024\/04\/Ringvorlesung_Plakat.png 1448w\" sizes=\"auto, (max-width: 724px) 100vw, 724px\" \/><button\n\t\t\tclass=\"lightbox-trigger\"\n\t\t\ttype=\"button\"\n\t\t\taria-haspopup=\"dialog\"\n\t\t\taria-label=\"Enlarge\"\n\t\t\tdata-wp-init=\"callbacks.initTriggerButton\"\n\t\t\tdata-wp-on-async--click=\"actions.showLightbox\"\n\t\t\tdata-wp-style--right=\"state.imageButtonRight\"\n\t\t\tdata-wp-style--top=\"state.imageButtonTop\"\n\t\t>\n\t\t\t<svg xmlns=\"http:\/\/www.w3.org\/2000\/svg\" width=\"12\" height=\"12\" fill=\"none\" viewBox=\"0 0 12 12\">\n\t\t\t\t<path fill=\"#fff\" d=\"M2 0a2 2 0 0 0-2 2v2h1.5V2a.5.5 0 0 1 .5-.5h2V0H2Zm2 10.5H2a.5.5 0 0 1-.5-.5V8H0v2a2 2 0 0 0 2 2h2v-1.5ZM8 12v-1.5h2a.5.5 0 0 0 .5-.5V8H12v2a2 2 0 0 1-2 2H8Zm2-12a2 2 0 0 1 2 2v2h-1.5V2a.5.5 0 0 0-.5-.5H8V0h2Z\" \/>\n\t\t\t<\/svg>\n\t\t<\/button><\/figure>\n\n<p><a href=\"https:\/\/www.kreativeraeumewien.at\/wp-content\/uploads\/2024\/03\/Ringvorlesung_Plakat.png\" target=\"_blank\" rel=\"noopener\">Download<\/a> the flyer with the dates here.<\/p>\n<p>Pictures on the poster: 1) Garage Grande &#8211; Paul Bauer, 2) Terrain Gurzelen &#8211; Projekt Patard, 3) Wild im West &#8211; Mark Mitterhuber, 4) Wild im West &#8211; Marina Hartl    <\/p>\n","protected":false},"excerpt":{"rendered":"<p>Lecture series. What role can vacancy activation and interim use play in the city? What are the demands and needs for space?  <\/p>\n","protected":false},"author":2,"featured_media":6450,"comment_status":"closed","ping_status":"closed","sticky":false,"template":"","format":"standard","meta":{"_acf_changed":false,"_eb_attr":"","footnotes":""},"categories":[82],"tags":[373,324,89,209,192,374,105],"class_list":["post-6609","post","type-post","status-publish","format-standard","has-post-thumbnail","hentry","category-news-en","tag-kollaboration-en","tag-kreativeraeumewien-en","tag-krw-en","tag-leerstandsaktivierung-en","tag-news-en","tag-technischeuniversitaet-en","tag-zwischennutzung-en"],"acf":[],"yoast_head":"<!-- This site is optimized with the Yoast SEO plugin v27.3 - https:\/\/yoast.com\/product\/yoast-seo-wordpress\/ -->\n<title>Lecture series on vacancy activation and interim use - Kreative R\u00e4ume Wien<\/title>\n<meta name=\"description\" content=\"The lecture series of TU Wien with Kreative R\u00e4ume Wien sheds light on &#039;vacancy activation&#039; from different perspectives.\" \/>\n<meta name=\"robots\" content=\"index, follow, max-snippet:-1, max-image-preview:large, max-video-preview:-1\" \/>\n<link rel=\"canonical\" href=\"https:\/\/www.kreativeraeumewien.at\/en\/news-en\/ringvorlesung-leerstandsaktivierung-und-zwischennutzung\/\" \/>\n<meta property=\"og:locale\" content=\"en_US\" \/>\n<meta property=\"og:type\" content=\"article\" \/>\n<meta property=\"og:title\" content=\"Lecture series on vacancy activation and interim use - Kreative R\u00e4ume Wien\" \/>\n<meta property=\"og:description\" content=\"The lecture series of TU Wien with Kreative R\u00e4ume Wien sheds light on &#039;vacancy activation&#039; from different perspectives.\" \/>\n<meta property=\"og:url\" content=\"https:\/\/www.kreativeraeumewien.at\/en\/news-en\/ringvorlesung-leerstandsaktivierung-und-zwischennutzung\/\" \/>\n<meta property=\"og:site_name\" content=\"Kreative R\u00e4ume Wien\" \/>\n<meta property=\"article:publisher\" content=\"https:\/\/www.facebook.com\/kreativeraeumewien\" \/>\n<meta property=\"article:published_time\" content=\"2024-03-13T10:29:05+00:00\" \/>\n<meta property=\"article:modified_time\" content=\"2024-11-28T07:45:43+00:00\" \/>\n<meta property=\"og:image\" content=\"https:\/\/www.kreativeraeumewien.at\/wp-content\/uploads\/2024\/03\/Unbenannt-3.jpg\" \/>\n\t<meta property=\"og:image:width\" content=\"1200\" \/>\n\t<meta property=\"og:image:height\" content=\"772\" \/>\n\t<meta property=\"og:image:type\" content=\"image\/jpeg\" \/>\n<meta name=\"author\" content=\"kreative\" \/>\n<meta name=\"twitter:card\" content=\"summary_large_image\" \/>\n<meta name=\"twitter:label1\" content=\"Written by\" \/>\n\t<meta name=\"twitter:data1\" content=\"kreative\" \/>\n\t<meta name=\"twitter:label2\" content=\"Est. reading time\" \/>\n\t<meta name=\"twitter:data2\" content=\"3 minutes\" \/>\n<script type=\"application\/ld+json\" class=\"yoast-schema-graph\">{\"@context\":\"https:\\\/\\\/schema.org\",\"@graph\":[{\"@type\":\"Article\",\"@id\":\"https:\\\/\\\/www.kreativeraeumewien.at\\\/en\\\/news-en\\\/ringvorlesung-leerstandsaktivierung-und-zwischennutzung\\\/#article\",\"isPartOf\":{\"@id\":\"https:\\\/\\\/www.kreativeraeumewien.at\\\/en\\\/news-en\\\/ringvorlesung-leerstandsaktivierung-und-zwischennutzung\\\/\"},\"author\":{\"name\":\"kreative\",\"@id\":\"https:\\\/\\\/www.kreativeraeumewien.at\\\/en\\\/#\\\/schema\\\/person\\\/35b1cedbc652eb88fa4b3285cbde2537\"},\"headline\":\"Lecture series on vacancy activation and interim use\",\"datePublished\":\"2024-03-13T10:29:05+00:00\",\"dateModified\":\"2024-11-28T07:45:43+00:00\",\"mainEntityOfPage\":{\"@id\":\"https:\\\/\\\/www.kreativeraeumewien.at\\\/en\\\/news-en\\\/ringvorlesung-leerstandsaktivierung-und-zwischennutzung\\\/\"},\"wordCount\":624,\"publisher\":{\"@id\":\"https:\\\/\\\/www.kreativeraeumewien.at\\\/en\\\/#organization\"},\"image\":{\"@id\":\"https:\\\/\\\/www.kreativeraeumewien.at\\\/en\\\/news-en\\\/ringvorlesung-leerstandsaktivierung-und-zwischennutzung\\\/#primaryimage\"},\"thumbnailUrl\":\"https:\\\/\\\/www.kreativeraeumewien.at\\\/wp-content\\\/uploads\\\/2024\\\/03\\\/Unbenannt-3.jpg\",\"keywords\":[\"kollaboration\",\"KreativeR\u00e4umeWien\",\"KRW\",\"Leerstandsaktivierung\",\"News\",\"technischeuniversit\u00e4t\",\"Zwischennutzung\"],\"articleSection\":[\"News\"],\"inLanguage\":\"en-US\"},{\"@type\":\"WebPage\",\"@id\":\"https:\\\/\\\/www.kreativeraeumewien.at\\\/en\\\/news-en\\\/ringvorlesung-leerstandsaktivierung-und-zwischennutzung\\\/\",\"url\":\"https:\\\/\\\/www.kreativeraeumewien.at\\\/en\\\/news-en\\\/ringvorlesung-leerstandsaktivierung-und-zwischennutzung\\\/\",\"name\":\"Lecture series on vacancy activation and interim use - Kreative R\u00e4ume Wien\",\"isPartOf\":{\"@id\":\"https:\\\/\\\/www.kreativeraeumewien.at\\\/en\\\/#website\"},\"primaryImageOfPage\":{\"@id\":\"https:\\\/\\\/www.kreativeraeumewien.at\\\/en\\\/news-en\\\/ringvorlesung-leerstandsaktivierung-und-zwischennutzung\\\/#primaryimage\"},\"image\":{\"@id\":\"https:\\\/\\\/www.kreativeraeumewien.at\\\/en\\\/news-en\\\/ringvorlesung-leerstandsaktivierung-und-zwischennutzung\\\/#primaryimage\"},\"thumbnailUrl\":\"https:\\\/\\\/www.kreativeraeumewien.at\\\/wp-content\\\/uploads\\\/2024\\\/03\\\/Unbenannt-3.jpg\",\"datePublished\":\"2024-03-13T10:29:05+00:00\",\"dateModified\":\"2024-11-28T07:45:43+00:00\",\"description\":\"The lecture series of TU Wien with Kreative R\u00e4ume Wien sheds light on 'vacancy activation' from different perspectives.\",\"breadcrumb\":{\"@id\":\"https:\\\/\\\/www.kreativeraeumewien.at\\\/en\\\/news-en\\\/ringvorlesung-leerstandsaktivierung-und-zwischennutzung\\\/#breadcrumb\"},\"inLanguage\":\"en-US\",\"potentialAction\":[{\"@type\":\"ReadAction\",\"target\":[\"https:\\\/\\\/www.kreativeraeumewien.at\\\/en\\\/news-en\\\/ringvorlesung-leerstandsaktivierung-und-zwischennutzung\\\/\"]}]},{\"@type\":\"ImageObject\",\"inLanguage\":\"en-US\",\"@id\":\"https:\\\/\\\/www.kreativeraeumewien.at\\\/en\\\/news-en\\\/ringvorlesung-leerstandsaktivierung-und-zwischennutzung\\\/#primaryimage\",\"url\":\"https:\\\/\\\/www.kreativeraeumewien.at\\\/wp-content\\\/uploads\\\/2024\\\/03\\\/Unbenannt-3.jpg\",\"contentUrl\":\"https:\\\/\\\/www.kreativeraeumewien.at\\\/wp-content\\\/uploads\\\/2024\\\/03\\\/Unbenannt-3.jpg\",\"width\":1200,\"height\":772},{\"@type\":\"BreadcrumbList\",\"@id\":\"https:\\\/\\\/www.kreativeraeumewien.at\\\/en\\\/news-en\\\/ringvorlesung-leerstandsaktivierung-und-zwischennutzung\\\/#breadcrumb\",\"itemListElement\":[{\"@type\":\"ListItem\",\"position\":1,\"name\":\"Startseite\",\"item\":\"https:\\\/\\\/www.kreativeraeumewien.at\\\/en\\\/\"},{\"@type\":\"ListItem\",\"position\":2,\"name\":\"Lecture series on vacancy activation and interim use\"}]},{\"@type\":\"WebSite\",\"@id\":\"https:\\\/\\\/www.kreativeraeumewien.at\\\/en\\\/#website\",\"url\":\"https:\\\/\\\/www.kreativeraeumewien.at\\\/en\\\/\",\"name\":\"Kreative R\u00e4ume Wien\",\"description\":\"Service fu\u0308r Leerstandsaktivierung und Zwischennutzung f\u00fcr die Stadt Wien\",\"publisher\":{\"@id\":\"https:\\\/\\\/www.kreativeraeumewien.at\\\/en\\\/#organization\"},\"potentialAction\":[{\"@type\":\"SearchAction\",\"target\":{\"@type\":\"EntryPoint\",\"urlTemplate\":\"https:\\\/\\\/www.kreativeraeumewien.at\\\/en\\\/?s={search_term_string}\"},\"query-input\":{\"@type\":\"PropertyValueSpecification\",\"valueRequired\":true,\"valueName\":\"search_term_string\"}}],\"inLanguage\":\"en-US\"},{\"@type\":\"Organization\",\"@id\":\"https:\\\/\\\/www.kreativeraeumewien.at\\\/en\\\/#organization\",\"name\":\"Kreative R\u00e4ume Wien\",\"url\":\"https:\\\/\\\/www.kreativeraeumewien.at\\\/en\\\/\",\"logo\":{\"@type\":\"ImageObject\",\"inLanguage\":\"en-US\",\"@id\":\"https:\\\/\\\/www.kreativeraeumewien.at\\\/en\\\/#\\\/schema\\\/logo\\\/image\\\/\",\"url\":\"https:\\\/\\\/www.kreativeraeumewien.at\\\/wp-content\\\/uploads\\\/2021\\\/12\\\/KRW-LOGO.png\",\"contentUrl\":\"https:\\\/\\\/www.kreativeraeumewien.at\\\/wp-content\\\/uploads\\\/2021\\\/12\\\/KRW-LOGO.png\",\"width\":567,\"height\":567,\"caption\":\"Kreative R\u00e4ume Wien\"},\"image\":{\"@id\":\"https:\\\/\\\/www.kreativeraeumewien.at\\\/en\\\/#\\\/schema\\\/logo\\\/image\\\/\"},\"sameAs\":[\"https:\\\/\\\/www.facebook.com\\\/kreativeraeumewien\",\"https:\\\/\\\/www.instagram.com\\\/kreativeraeume\",\"https:\\\/\\\/www.linkedin.com\\\/company\\\/71490261\\\/\"]},{\"@type\":\"Person\",\"@id\":\"https:\\\/\\\/www.kreativeraeumewien.at\\\/en\\\/#\\\/schema\\\/person\\\/35b1cedbc652eb88fa4b3285cbde2537\",\"name\":\"kreative\",\"image\":{\"@type\":\"ImageObject\",\"inLanguage\":\"en-US\",\"@id\":\"https:\\\/\\\/secure.gravatar.com\\\/avatar\\\/88784b22c5c172056132cc44a3194213a0f02167beb0a9b64ff49b84e648f072?s=96&d=mm&r=g\",\"url\":\"https:\\\/\\\/secure.gravatar.com\\\/avatar\\\/88784b22c5c172056132cc44a3194213a0f02167beb0a9b64ff49b84e648f072?s=96&d=mm&r=g\",\"contentUrl\":\"https:\\\/\\\/secure.gravatar.com\\\/avatar\\\/88784b22c5c172056132cc44a3194213a0f02167beb0a9b64ff49b84e648f072?s=96&d=mm&r=g\",\"caption\":\"kreative\"},\"url\":\"https:\\\/\\\/www.kreativeraeumewien.at\\\/en\\\/author\\\/admin\\\/\"}]}<\/script>\n<!-- \/ Yoast SEO plugin. -->","yoast_head_json":{"title":"Lecture series on vacancy activation and interim use - Kreative R\u00e4ume Wien","description":"The lecture series of TU Wien with Kreative R\u00e4ume Wien sheds light on 'vacancy activation' from different perspectives.","robots":{"index":"index","follow":"follow","max-snippet":"max-snippet:-1","max-image-preview":"max-image-preview:large","max-video-preview":"max-video-preview:-1"},"canonical":"https:\/\/www.kreativeraeumewien.at\/en\/news-en\/ringvorlesung-leerstandsaktivierung-und-zwischennutzung\/","og_locale":"en_US","og_type":"article","og_title":"Lecture series on vacancy activation and interim use - Kreative R\u00e4ume Wien","og_description":"The lecture series of TU Wien with Kreative R\u00e4ume Wien sheds light on 'vacancy activation' from different perspectives.","og_url":"https:\/\/www.kreativeraeumewien.at\/en\/news-en\/ringvorlesung-leerstandsaktivierung-und-zwischennutzung\/","og_site_name":"Kreative R\u00e4ume Wien","article_publisher":"https:\/\/www.facebook.com\/kreativeraeumewien","article_published_time":"2024-03-13T10:29:05+00:00","article_modified_time":"2024-11-28T07:45:43+00:00","og_image":[{"width":1200,"height":772,"url":"https:\/\/www.kreativeraeumewien.at\/wp-content\/uploads\/2024\/03\/Unbenannt-3.jpg","type":"image\/jpeg"}],"author":"kreative","twitter_card":"summary_large_image","twitter_misc":{"Written by":"kreative","Est. reading time":"3 minutes"},"schema":{"@context":"https:\/\/schema.org","@graph":[{"@type":"Article","@id":"https:\/\/www.kreativeraeumewien.at\/en\/news-en\/ringvorlesung-leerstandsaktivierung-und-zwischennutzung\/#article","isPartOf":{"@id":"https:\/\/www.kreativeraeumewien.at\/en\/news-en\/ringvorlesung-leerstandsaktivierung-und-zwischennutzung\/"},"author":{"name":"kreative","@id":"https:\/\/www.kreativeraeumewien.at\/en\/#\/schema\/person\/35b1cedbc652eb88fa4b3285cbde2537"},"headline":"Lecture series on vacancy activation and interim use","datePublished":"2024-03-13T10:29:05+00:00","dateModified":"2024-11-28T07:45:43+00:00","mainEntityOfPage":{"@id":"https:\/\/www.kreativeraeumewien.at\/en\/news-en\/ringvorlesung-leerstandsaktivierung-und-zwischennutzung\/"},"wordCount":624,"publisher":{"@id":"https:\/\/www.kreativeraeumewien.at\/en\/#organization"},"image":{"@id":"https:\/\/www.kreativeraeumewien.at\/en\/news-en\/ringvorlesung-leerstandsaktivierung-und-zwischennutzung\/#primaryimage"},"thumbnailUrl":"https:\/\/www.kreativeraeumewien.at\/wp-content\/uploads\/2024\/03\/Unbenannt-3.jpg","keywords":["kollaboration","KreativeR\u00e4umeWien","KRW","Leerstandsaktivierung","News","technischeuniversit\u00e4t","Zwischennutzung"],"articleSection":["News"],"inLanguage":"en-US"},{"@type":"WebPage","@id":"https:\/\/www.kreativeraeumewien.at\/en\/news-en\/ringvorlesung-leerstandsaktivierung-und-zwischennutzung\/","url":"https:\/\/www.kreativeraeumewien.at\/en\/news-en\/ringvorlesung-leerstandsaktivierung-und-zwischennutzung\/","name":"Lecture series on vacancy activation and interim use - Kreative R\u00e4ume Wien","isPartOf":{"@id":"https:\/\/www.kreativeraeumewien.at\/en\/#website"},"primaryImageOfPage":{"@id":"https:\/\/www.kreativeraeumewien.at\/en\/news-en\/ringvorlesung-leerstandsaktivierung-und-zwischennutzung\/#primaryimage"},"image":{"@id":"https:\/\/www.kreativeraeumewien.at\/en\/news-en\/ringvorlesung-leerstandsaktivierung-und-zwischennutzung\/#primaryimage"},"thumbnailUrl":"https:\/\/www.kreativeraeumewien.at\/wp-content\/uploads\/2024\/03\/Unbenannt-3.jpg","datePublished":"2024-03-13T10:29:05+00:00","dateModified":"2024-11-28T07:45:43+00:00","description":"The lecture series of TU Wien with Kreative R\u00e4ume Wien sheds light on 'vacancy activation' from different perspectives.","breadcrumb":{"@id":"https:\/\/www.kreativeraeumewien.at\/en\/news-en\/ringvorlesung-leerstandsaktivierung-und-zwischennutzung\/#breadcrumb"},"inLanguage":"en-US","potentialAction":[{"@type":"ReadAction","target":["https:\/\/www.kreativeraeumewien.at\/en\/news-en\/ringvorlesung-leerstandsaktivierung-und-zwischennutzung\/"]}]},{"@type":"ImageObject","inLanguage":"en-US","@id":"https:\/\/www.kreativeraeumewien.at\/en\/news-en\/ringvorlesung-leerstandsaktivierung-und-zwischennutzung\/#primaryimage","url":"https:\/\/www.kreativeraeumewien.at\/wp-content\/uploads\/2024\/03\/Unbenannt-3.jpg","contentUrl":"https:\/\/www.kreativeraeumewien.at\/wp-content\/uploads\/2024\/03\/Unbenannt-3.jpg","width":1200,"height":772},{"@type":"BreadcrumbList","@id":"https:\/\/www.kreativeraeumewien.at\/en\/news-en\/ringvorlesung-leerstandsaktivierung-und-zwischennutzung\/#breadcrumb","itemListElement":[{"@type":"ListItem","position":1,"name":"Startseite","item":"https:\/\/www.kreativeraeumewien.at\/en\/"},{"@type":"ListItem","position":2,"name":"Lecture series on vacancy activation and interim use"}]},{"@type":"WebSite","@id":"https:\/\/www.kreativeraeumewien.at\/en\/#website","url":"https:\/\/www.kreativeraeumewien.at\/en\/","name":"Kreative R\u00e4ume Wien","description":"Service fu\u0308r Leerstandsaktivierung und Zwischennutzung f\u00fcr die Stadt Wien","publisher":{"@id":"https:\/\/www.kreativeraeumewien.at\/en\/#organization"},"potentialAction":[{"@type":"SearchAction","target":{"@type":"EntryPoint","urlTemplate":"https:\/\/www.kreativeraeumewien.at\/en\/?s={search_term_string}"},"query-input":{"@type":"PropertyValueSpecification","valueRequired":true,"valueName":"search_term_string"}}],"inLanguage":"en-US"},{"@type":"Organization","@id":"https:\/\/www.kreativeraeumewien.at\/en\/#organization","name":"Kreative R\u00e4ume Wien","url":"https:\/\/www.kreativeraeumewien.at\/en\/","logo":{"@type":"ImageObject","inLanguage":"en-US","@id":"https:\/\/www.kreativeraeumewien.at\/en\/#\/schema\/logo\/image\/","url":"https:\/\/www.kreativeraeumewien.at\/wp-content\/uploads\/2021\/12\/KRW-LOGO.png","contentUrl":"https:\/\/www.kreativeraeumewien.at\/wp-content\/uploads\/2021\/12\/KRW-LOGO.png","width":567,"height":567,"caption":"Kreative R\u00e4ume Wien"},"image":{"@id":"https:\/\/www.kreativeraeumewien.at\/en\/#\/schema\/logo\/image\/"},"sameAs":["https:\/\/www.facebook.com\/kreativeraeumewien","https:\/\/www.instagram.com\/kreativeraeume","https:\/\/www.linkedin.com\/company\/71490261\/"]},{"@type":"Person","@id":"https:\/\/www.kreativeraeumewien.at\/en\/#\/schema\/person\/35b1cedbc652eb88fa4b3285cbde2537","name":"kreative","image":{"@type":"ImageObject","inLanguage":"en-US","@id":"https:\/\/secure.gravatar.com\/avatar\/88784b22c5c172056132cc44a3194213a0f02167beb0a9b64ff49b84e648f072?s=96&d=mm&r=g","url":"https:\/\/secure.gravatar.com\/avatar\/88784b22c5c172056132cc44a3194213a0f02167beb0a9b64ff49b84e648f072?s=96&d=mm&r=g","contentUrl":"https:\/\/secure.gravatar.com\/avatar\/88784b22c5c172056132cc44a3194213a0f02167beb0a9b64ff49b84e648f072?s=96&d=mm&r=g","caption":"kreative"},"url":"https:\/\/www.kreativeraeumewien.at\/en\/author\/admin\/"}]}},"_links":{"self":[{"href":"https:\/\/www.kreativeraeumewien.at\/en\/wp-json\/wp\/v2\/posts\/6609","targetHints":{"allow":["GET"]}}],"collection":[{"href":"https:\/\/www.kreativeraeumewien.at\/en\/wp-json\/wp\/v2\/posts"}],"about":[{"href":"https:\/\/www.kreativeraeumewien.at\/en\/wp-json\/wp\/v2\/types\/post"}],"author":[{"embeddable":true,"href":"https:\/\/www.kreativeraeumewien.at\/en\/wp-json\/wp\/v2\/users\/2"}],"replies":[{"embeddable":true,"href":"https:\/\/www.kreativeraeumewien.at\/en\/wp-json\/wp\/v2\/comments?post=6609"}],"version-history":[{"count":2,"href":"https:\/\/www.kreativeraeumewien.at\/en\/wp-json\/wp\/v2\/posts\/6609\/revisions"}],"predecessor-version":[{"id":7367,"href":"https:\/\/www.kreativeraeumewien.at\/en\/wp-json\/wp\/v2\/posts\/6609\/revisions\/7367"}],"wp:featuredmedia":[{"embeddable":true,"href":"https:\/\/www.kreativeraeumewien.at\/en\/wp-json\/wp\/v2\/media\/6450"}],"wp:attachment":[{"href":"https:\/\/www.kreativeraeumewien.at\/en\/wp-json\/wp\/v2\/media?parent=6609"}],"wp:term":[{"taxonomy":"category","embeddable":true,"href":"https:\/\/www.kreativeraeumewien.at\/en\/wp-json\/wp\/v2\/categories?post=6609"},{"taxonomy":"post_tag","embeddable":true,"href":"https:\/\/www.kreativeraeumewien.at\/en\/wp-json\/wp\/v2\/tags?post=6609"}],"curies":[{"name":"wp","href":"https:\/\/api.w.org\/{rel}","templated":true}]}}