{"id":6662,"date":"2024-04-22T13:26:46","date_gmt":"2024-04-22T11:26:46","guid":{"rendered":"https:\/\/www.kreativeraeumewien.at\/?p=6662"},"modified":"2024-11-28T08:45:44","modified_gmt":"2024-11-28T07:45:44","slug":"wild-im-west-neu-marx","status":"publish","type":"post","link":"https:\/\/www.kreativeraeumewien.at\/en\/news-en\/wild-im-west-neu-marx\/","title":{"rendered":"Wild in the West: Third edition in Neu Marx"},"content":{"rendered":"\n<p style=\"text-align: right;\">18.04.2024<\/p>\n<p>Wild im West has arrived at its new location, more than living up to its new slogan as a &#8216;cultural traveling oasis&#8217;. Following the interim use of the former Sophienspital in Neubau and the use of vacant lots in \u00c4u\u00dfere Mariahilferstra\u00dfe, Wild im West III has now arrived in Neu Marx. &nbsp;<\/p>\n\n<h2 class=\"wp-block-heading\">Wild in the West in Neu Marx<\/h2>\n\n<p>Since April, the approximately 1,000 m2 space has initially been used for Wild im West&#8217;s popular flea market format. In addition, the Urban Tribes initiative, a self-help bicycle workshop with a focus on the bicycle messenger community and lifestyle, is now also on site. A stage for bike culture, music, cuisine and art. Further initiatives and collaborations are in the pipeline. For the time being, Wild im West will remain in the south-east of the city until the end of 2024.      <\/p>\n\n<p>We are delighted that we were once again able to provide successful support in finding an exciting location.<\/p>\n\n<h3>Read more:<\/h3>\n<ul>\n<li><a href=\"https:\/\/www.kreativeraeumewien.at\/en\/news-en\/wild-im-west-mitmachen\/\">Take part: Wild im West stocks up<\/a><\/li>\n<li><a href=\"https:\/\/www.kreativeraeumewien.at\/en\/projects\/west\/\">West &#8211; former Sophienspital (moved out)<\/a><\/li>\n<li><a href=\"https:\/\/www.kreativeraeumewien.at\/en\/projects\/wild-im-west-2\/\">Wild im West II in the outer Mariahilferstra\u00dfe (moved out)<\/a><\/li>\n<\/ul>\n\n<figure class=\"wp-block-gallery has-nested-images columns-default is-cropped wp-block-gallery-1 is-layout-flex wp-block-gallery-is-layout-flex\">\n<figure data-wp-context=\"{&quot;imageId&quot;:&quot;69ef26d1e8952&quot;}\" data-wp-interactive=\"core\/image\" class=\"wp-block-image size-large wp-lightbox-container\"><img loading=\"lazy\" decoding=\"async\" width=\"767\" height=\"772\" data-wp-class--hide=\"state.isContentHidden\" data-wp-class--show=\"state.isContentVisible\" data-wp-init=\"callbacks.setButtonStyles\" data-wp-on-async--click=\"actions.showLightbox\" data-wp-on-async--load=\"callbacks.setButtonStyles\" data-wp-on-async-window--resize=\"callbacks.setButtonStyles\" data-id=\"6660\" src=\"https:\/\/www.kreativeraeumewien.at\/wp-content\/uploads\/2024\/04\/Wild-im-West-III-Neu-Marx8_Foto-Katharina-Egg_Kreative-Raeume-Wien-.jpg\" alt=\"\" class=\"wp-image-6660\" srcset=\"https:\/\/www.kreativeraeumewien.at\/wp-content\/uploads\/2024\/04\/Wild-im-West-III-Neu-Marx8_Foto-Katharina-Egg_Kreative-Raeume-Wien-.jpg 767w, https:\/\/www.kreativeraeumewien.at\/wp-content\/uploads\/2024\/04\/Wild-im-West-III-Neu-Marx8_Foto-Katharina-Egg_Kreative-Raeume-Wien--298x300.jpg 298w, https:\/\/www.kreativeraeumewien.at\/wp-content\/uploads\/2024\/04\/Wild-im-West-III-Neu-Marx8_Foto-Katharina-Egg_Kreative-Raeume-Wien--150x150.jpg 150w\" sizes=\"auto, (max-width: 767px) 100vw, 767px\" \/><button\n\t\t\tclass=\"lightbox-trigger\"\n\t\t\ttype=\"button\"\n\t\t\taria-haspopup=\"dialog\"\n\t\t\taria-label=\"Enlarge\"\n\t\t\tdata-wp-init=\"callbacks.initTriggerButton\"\n\t\t\tdata-wp-on-async--click=\"actions.showLightbox\"\n\t\t\tdata-wp-style--right=\"state.imageButtonRight\"\n\t\t\tdata-wp-style--top=\"state.imageButtonTop\"\n\t\t>\n\t\t\t<svg xmlns=\"http:\/\/www.w3.org\/2000\/svg\" width=\"12\" height=\"12\" fill=\"none\" viewBox=\"0 0 12 12\">\n\t\t\t\t<path fill=\"#fff\" d=\"M2 0a2 2 0 0 0-2 2v2h1.5V2a.5.5 0 0 1 .5-.5h2V0H2Zm2 10.5H2a.5.5 0 0 1-.5-.5V8H0v2a2 2 0 0 0 2 2h2v-1.5ZM8 12v-1.5h2a.5.5 0 0 0 .5-.5V8H12v2a2 2 0 0 1-2 2H8Zm2-12a2 2 0 0 1 2 2v2h-1.5V2a.5.5 0 0 0-.5-.5H8V0h2Z\" \/>\n\t\t\t<\/svg>\n\t\t<\/button><figcaption class=\"wp-element-caption\">Wild in the West III Neu Marx Photo (c) Katharina Egg\/Kreative R\u00e4ume Wien<\/figcaption><\/figure>\n\n\n\n<figure data-wp-context=\"{&quot;imageId&quot;:&quot;69ef26d1ea28c&quot;}\" data-wp-interactive=\"core\/image\" class=\"wp-block-image size-large wp-lightbox-container\"><img loading=\"lazy\" decoding=\"async\" width=\"767\" height=\"772\" data-wp-class--hide=\"state.isContentHidden\" data-wp-class--show=\"state.isContentVisible\" data-wp-init=\"callbacks.setButtonStyles\" data-wp-on-async--click=\"actions.showLightbox\" data-wp-on-async--load=\"callbacks.setButtonStyles\" data-wp-on-async-window--resize=\"callbacks.setButtonStyles\" data-id=\"6658\" src=\"https:\/\/www.kreativeraeumewien.at\/wp-content\/uploads\/2024\/04\/Wild-im-West-III-Neu-Marx7_Foto-Katharina-Egg_Kreative-Raeume-Wien-.jpg\" alt=\"\" class=\"wp-image-6658\" srcset=\"https:\/\/www.kreativeraeumewien.at\/wp-content\/uploads\/2024\/04\/Wild-im-West-III-Neu-Marx7_Foto-Katharina-Egg_Kreative-Raeume-Wien-.jpg 767w, https:\/\/www.kreativeraeumewien.at\/wp-content\/uploads\/2024\/04\/Wild-im-West-III-Neu-Marx7_Foto-Katharina-Egg_Kreative-Raeume-Wien--298x300.jpg 298w, https:\/\/www.kreativeraeumewien.at\/wp-content\/uploads\/2024\/04\/Wild-im-West-III-Neu-Marx7_Foto-Katharina-Egg_Kreative-Raeume-Wien--150x150.jpg 150w\" sizes=\"auto, (max-width: 767px) 100vw, 767px\" \/><button\n\t\t\tclass=\"lightbox-trigger\"\n\t\t\ttype=\"button\"\n\t\t\taria-haspopup=\"dialog\"\n\t\t\taria-label=\"Enlarge\"\n\t\t\tdata-wp-init=\"callbacks.initTriggerButton\"\n\t\t\tdata-wp-on-async--click=\"actions.showLightbox\"\n\t\t\tdata-wp-style--right=\"state.imageButtonRight\"\n\t\t\tdata-wp-style--top=\"state.imageButtonTop\"\n\t\t>\n\t\t\t<svg xmlns=\"http:\/\/www.w3.org\/2000\/svg\" width=\"12\" height=\"12\" fill=\"none\" viewBox=\"0 0 12 12\">\n\t\t\t\t<path fill=\"#fff\" d=\"M2 0a2 2 0 0 0-2 2v2h1.5V2a.5.5 0 0 1 .5-.5h2V0H2Zm2 10.5H2a.5.5 0 0 1-.5-.5V8H0v2a2 2 0 0 0 2 2h2v-1.5ZM8 12v-1.5h2a.5.5 0 0 0 .5-.5V8H12v2a2 2 0 0 1-2 2H8Zm2-12a2 2 0 0 1 2 2v2h-1.5V2a.5.5 0 0 0-.5-.5H8V0h2Z\" \/>\n\t\t\t<\/svg>\n\t\t<\/button><figcaption class=\"wp-element-caption\">Wild in the West III Neu Marx Photo (c) Katharina Egg\/Kreative R\u00e4ume Wien<\/figcaption><\/figure>\n\n\n\n<figure data-wp-context=\"{&quot;imageId&quot;:&quot;69ef26d1ebcba&quot;}\" data-wp-interactive=\"core\/image\" class=\"wp-block-image size-large wp-lightbox-container\"><img loading=\"lazy\" decoding=\"async\" width=\"767\" height=\"772\" data-wp-class--hide=\"state.isContentHidden\" data-wp-class--show=\"state.isContentVisible\" data-wp-init=\"callbacks.setButtonStyles\" data-wp-on-async--click=\"actions.showLightbox\" data-wp-on-async--load=\"callbacks.setButtonStyles\" data-wp-on-async-window--resize=\"callbacks.setButtonStyles\" data-id=\"6652\" src=\"https:\/\/www.kreativeraeumewien.at\/wp-content\/uploads\/2024\/04\/Wild-im-West-III-Neu-Marx3_Foto-Katharina-Egg_Kreative-Raeume-Wien-.jpg\" alt=\"\" class=\"wp-image-6652\" srcset=\"https:\/\/www.kreativeraeumewien.at\/wp-content\/uploads\/2024\/04\/Wild-im-West-III-Neu-Marx3_Foto-Katharina-Egg_Kreative-Raeume-Wien-.jpg 767w, https:\/\/www.kreativeraeumewien.at\/wp-content\/uploads\/2024\/04\/Wild-im-West-III-Neu-Marx3_Foto-Katharina-Egg_Kreative-Raeume-Wien--298x300.jpg 298w, https:\/\/www.kreativeraeumewien.at\/wp-content\/uploads\/2024\/04\/Wild-im-West-III-Neu-Marx3_Foto-Katharina-Egg_Kreative-Raeume-Wien--150x150.jpg 150w\" sizes=\"auto, (max-width: 767px) 100vw, 767px\" \/><button\n\t\t\tclass=\"lightbox-trigger\"\n\t\t\ttype=\"button\"\n\t\t\taria-haspopup=\"dialog\"\n\t\t\taria-label=\"Enlarge\"\n\t\t\tdata-wp-init=\"callbacks.initTriggerButton\"\n\t\t\tdata-wp-on-async--click=\"actions.showLightbox\"\n\t\t\tdata-wp-style--right=\"state.imageButtonRight\"\n\t\t\tdata-wp-style--top=\"state.imageButtonTop\"\n\t\t>\n\t\t\t<svg xmlns=\"http:\/\/www.w3.org\/2000\/svg\" width=\"12\" height=\"12\" fill=\"none\" viewBox=\"0 0 12 12\">\n\t\t\t\t<path fill=\"#fff\" d=\"M2 0a2 2 0 0 0-2 2v2h1.5V2a.5.5 0 0 1 .5-.5h2V0H2Zm2 10.5H2a.5.5 0 0 1-.5-.5V8H0v2a2 2 0 0 0 2 2h2v-1.5ZM8 12v-1.5h2a.5.5 0 0 0 .5-.5V8H12v2a2 2 0 0 1-2 2H8Zm2-12a2 2 0 0 1 2 2v2h-1.5V2a.5.5 0 0 0-.5-.5H8V0h2Z\" \/>\n\t\t\t<\/svg>\n\t\t<\/button><figcaption class=\"wp-element-caption\">Wild in the West III Neu Marx Photo (c) Katharina Egg\/Kreative R\u00e4ume Wien<\/figcaption><\/figure>\n\n\n\n<figure data-wp-context=\"{&quot;imageId&quot;:&quot;69ef26d1edaef&quot;}\" data-wp-interactive=\"core\/image\" class=\"wp-block-image size-large wp-lightbox-container\"><img loading=\"lazy\" decoding=\"async\" width=\"1024\" height=\"659\" data-wp-class--hide=\"state.isContentHidden\" data-wp-class--show=\"state.isContentVisible\" data-wp-init=\"callbacks.setButtonStyles\" data-wp-on-async--click=\"actions.showLightbox\" data-wp-on-async--load=\"callbacks.setButtonStyles\" data-wp-on-async-window--resize=\"callbacks.setButtonStyles\" data-id=\"6648\" src=\"https:\/\/www.kreativeraeumewien.at\/wp-content\/uploads\/2024\/04\/Wild-im-West-III-Neu-Marx_Foto-Katharina-Egg_Kreative-Raeume-Wien--1024x659.jpg\" alt=\"\" class=\"wp-image-6648\" srcset=\"https:\/\/www.kreativeraeumewien.at\/wp-content\/uploads\/2024\/04\/Wild-im-West-III-Neu-Marx_Foto-Katharina-Egg_Kreative-Raeume-Wien--1024x659.jpg 1024w, https:\/\/www.kreativeraeumewien.at\/wp-content\/uploads\/2024\/04\/Wild-im-West-III-Neu-Marx_Foto-Katharina-Egg_Kreative-Raeume-Wien--300x193.jpg 300w, https:\/\/www.kreativeraeumewien.at\/wp-content\/uploads\/2024\/04\/Wild-im-West-III-Neu-Marx_Foto-Katharina-Egg_Kreative-Raeume-Wien--768x494.jpg 768w, https:\/\/www.kreativeraeumewien.at\/wp-content\/uploads\/2024\/04\/Wild-im-West-III-Neu-Marx_Foto-Katharina-Egg_Kreative-Raeume-Wien-.jpg 1200w\" sizes=\"auto, (max-width: 1024px) 100vw, 1024px\" \/><button\n\t\t\tclass=\"lightbox-trigger\"\n\t\t\ttype=\"button\"\n\t\t\taria-haspopup=\"dialog\"\n\t\t\taria-label=\"Enlarge\"\n\t\t\tdata-wp-init=\"callbacks.initTriggerButton\"\n\t\t\tdata-wp-on-async--click=\"actions.showLightbox\"\n\t\t\tdata-wp-style--right=\"state.imageButtonRight\"\n\t\t\tdata-wp-style--top=\"state.imageButtonTop\"\n\t\t>\n\t\t\t<svg xmlns=\"http:\/\/www.w3.org\/2000\/svg\" width=\"12\" height=\"12\" fill=\"none\" viewBox=\"0 0 12 12\">\n\t\t\t\t<path fill=\"#fff\" d=\"M2 0a2 2 0 0 0-2 2v2h1.5V2a.5.5 0 0 1 .5-.5h2V0H2Zm2 10.5H2a.5.5 0 0 1-.5-.5V8H0v2a2 2 0 0 0 2 2h2v-1.5ZM8 12v-1.5h2a.5.5 0 0 0 .5-.5V8H12v2a2 2 0 0 1-2 2H8Zm2-12a2 2 0 0 1 2 2v2h-1.5V2a.5.5 0 0 0-.5-.5H8V0h2Z\" \/>\n\t\t\t<\/svg>\n\t\t<\/button><figcaption class=\"wp-element-caption\">Wild in the West III Neu Marx Photo (c) Katharina Egg\/Kreative R\u00e4ume Wien<\/figcaption><\/figure>\n<\/figure>\n","protected":false},"excerpt":{"rendered":"<p>18.04.2024 Wild im West has arrived at its new location, more than living up to its new slogan as a &#8216;cultural traveling oasis&#8217;. Following the interim use of the former Sophienspital in Neubau and the use of vacant lots in \u00c4u\u00dfere Mariahilferstra\u00dfe, Wild im West III has now arrived in Neu Marx. &nbsp; Wild in [&hellip;]<\/p>\n","protected":false},"author":2,"featured_media":6651,"comment_status":"closed","ping_status":"closed","sticky":false,"template":"","format":"standard","meta":{"_acf_changed":false,"_eb_attr":"","footnotes":""},"categories":[82],"tags":[378,379,89,380,122,286,105],"class_list":["post-6662","post","type-post","status-publish","format-standard","has-post-thumbnail","hentry","category-news-en","tag-brache-en","tag-freiflaeche-en","tag-krw-en","tag-neu-marx-en","tag-nutzungsmischung-en","tag-wild-im-west-en","tag-zwischennutzung-en"],"acf":[],"yoast_head":"<!-- This site is optimized with the Yoast SEO plugin v27.3 - https:\/\/yoast.com\/product\/yoast-seo-wordpress\/ -->\n<title>Wild in the West: Third edition in Neu Marx - Kreative R\u00e4ume Wien<\/title>\n<meta name=\"description\" content=\"Wild im West has arrived at its new location in Neu Marx as a &#039;cultural traveling oasis&#039; with the support of Kreative R\u00e4ume Wien.\" \/>\n<meta name=\"robots\" content=\"index, follow, max-snippet:-1, max-image-preview:large, max-video-preview:-1\" \/>\n<link rel=\"canonical\" href=\"https:\/\/www.kreativeraeumewien.at\/en\/news-en\/wild-im-west-neu-marx\/\" \/>\n<meta property=\"og:locale\" content=\"en_US\" \/>\n<meta property=\"og:type\" content=\"article\" \/>\n<meta property=\"og:title\" content=\"Wild in the West: Third edition in Neu Marx - Kreative R\u00e4ume Wien\" \/>\n<meta property=\"og:description\" content=\"Wild im West has arrived at its new location in Neu Marx as a &#039;cultural traveling oasis&#039; with the support of Kreative R\u00e4ume Wien.\" \/>\n<meta property=\"og:url\" content=\"https:\/\/www.kreativeraeumewien.at\/en\/news-en\/wild-im-west-neu-marx\/\" \/>\n<meta property=\"og:site_name\" content=\"Kreative R\u00e4ume Wien\" \/>\n<meta property=\"article:publisher\" content=\"https:\/\/www.facebook.com\/kreativeraeumewien\" \/>\n<meta property=\"article:published_time\" content=\"2024-04-22T11:26:46+00:00\" \/>\n<meta property=\"article:modified_time\" content=\"2024-11-28T07:45:44+00:00\" \/>\n<meta property=\"og:image\" content=\"https:\/\/www.kreativeraeumewien.at\/wp-content\/uploads\/2024\/04\/Wild-im-West-III-Neu-Marx2_Foto-Katharina-Egg_Kreative-Raeume-Wien-.jpg\" \/>\n\t<meta property=\"og:image:width\" content=\"1200\" \/>\n\t<meta property=\"og:image:height\" content=\"772\" \/>\n\t<meta property=\"og:image:type\" content=\"image\/jpeg\" \/>\n<meta name=\"author\" content=\"kreative\" \/>\n<meta name=\"twitter:card\" content=\"summary_large_image\" \/>\n<meta name=\"twitter:label1\" content=\"Written by\" \/>\n\t<meta name=\"twitter:data1\" content=\"kreative\" \/>\n\t<meta name=\"twitter:label2\" content=\"Est. reading time\" \/>\n\t<meta name=\"twitter:data2\" content=\"1 minute\" \/>\n<script type=\"application\/ld+json\" class=\"yoast-schema-graph\">{\"@context\":\"https:\\\/\\\/schema.org\",\"@graph\":[{\"@type\":\"Article\",\"@id\":\"https:\\\/\\\/www.kreativeraeumewien.at\\\/en\\\/news-en\\\/wild-im-west-neu-marx\\\/#article\",\"isPartOf\":{\"@id\":\"https:\\\/\\\/www.kreativeraeumewien.at\\\/en\\\/news-en\\\/wild-im-west-neu-marx\\\/\"},\"author\":{\"name\":\"kreative\",\"@id\":\"https:\\\/\\\/www.kreativeraeumewien.at\\\/en\\\/#\\\/schema\\\/person\\\/35b1cedbc652eb88fa4b3285cbde2537\"},\"headline\":\"Wild in the West: Third edition in Neu Marx\",\"datePublished\":\"2024-04-22T11:26:46+00:00\",\"dateModified\":\"2024-11-28T07:45:44+00:00\",\"mainEntityOfPage\":{\"@id\":\"https:\\\/\\\/www.kreativeraeumewien.at\\\/en\\\/news-en\\\/wild-im-west-neu-marx\\\/\"},\"wordCount\":254,\"publisher\":{\"@id\":\"https:\\\/\\\/www.kreativeraeumewien.at\\\/en\\\/#organization\"},\"image\":{\"@id\":\"https:\\\/\\\/www.kreativeraeumewien.at\\\/en\\\/news-en\\\/wild-im-west-neu-marx\\\/#primaryimage\"},\"thumbnailUrl\":\"https:\\\/\\\/www.kreativeraeumewien.at\\\/wp-content\\\/uploads\\\/2024\\\/04\\\/Wild-im-West-III-Neu-Marx2_Foto-Katharina-Egg_Kreative-Raeume-Wien-.jpg\",\"keywords\":[\"Brache\",\"Freifl\u00e4che\",\"KRW\",\"Neu Marx\",\"Nutzungsmischung\",\"wild im west\",\"Zwischennutzung\"],\"articleSection\":[\"News\"],\"inLanguage\":\"en-US\"},{\"@type\":\"WebPage\",\"@id\":\"https:\\\/\\\/www.kreativeraeumewien.at\\\/en\\\/news-en\\\/wild-im-west-neu-marx\\\/\",\"url\":\"https:\\\/\\\/www.kreativeraeumewien.at\\\/en\\\/news-en\\\/wild-im-west-neu-marx\\\/\",\"name\":\"Wild in the West: Third edition in Neu Marx - Kreative R\u00e4ume Wien\",\"isPartOf\":{\"@id\":\"https:\\\/\\\/www.kreativeraeumewien.at\\\/en\\\/#website\"},\"primaryImageOfPage\":{\"@id\":\"https:\\\/\\\/www.kreativeraeumewien.at\\\/en\\\/news-en\\\/wild-im-west-neu-marx\\\/#primaryimage\"},\"image\":{\"@id\":\"https:\\\/\\\/www.kreativeraeumewien.at\\\/en\\\/news-en\\\/wild-im-west-neu-marx\\\/#primaryimage\"},\"thumbnailUrl\":\"https:\\\/\\\/www.kreativeraeumewien.at\\\/wp-content\\\/uploads\\\/2024\\\/04\\\/Wild-im-West-III-Neu-Marx2_Foto-Katharina-Egg_Kreative-Raeume-Wien-.jpg\",\"datePublished\":\"2024-04-22T11:26:46+00:00\",\"dateModified\":\"2024-11-28T07:45:44+00:00\",\"description\":\"Wild im West has arrived at its new location in Neu Marx as a 'cultural traveling oasis' with the support of Kreative R\u00e4ume Wien.\",\"breadcrumb\":{\"@id\":\"https:\\\/\\\/www.kreativeraeumewien.at\\\/en\\\/news-en\\\/wild-im-west-neu-marx\\\/#breadcrumb\"},\"inLanguage\":\"en-US\",\"potentialAction\":[{\"@type\":\"ReadAction\",\"target\":[\"https:\\\/\\\/www.kreativeraeumewien.at\\\/en\\\/news-en\\\/wild-im-west-neu-marx\\\/\"]}]},{\"@type\":\"ImageObject\",\"inLanguage\":\"en-US\",\"@id\":\"https:\\\/\\\/www.kreativeraeumewien.at\\\/en\\\/news-en\\\/wild-im-west-neu-marx\\\/#primaryimage\",\"url\":\"https:\\\/\\\/www.kreativeraeumewien.at\\\/wp-content\\\/uploads\\\/2024\\\/04\\\/Wild-im-West-III-Neu-Marx2_Foto-Katharina-Egg_Kreative-Raeume-Wien-.jpg\",\"contentUrl\":\"https:\\\/\\\/www.kreativeraeumewien.at\\\/wp-content\\\/uploads\\\/2024\\\/04\\\/Wild-im-West-III-Neu-Marx2_Foto-Katharina-Egg_Kreative-Raeume-Wien-.jpg\",\"width\":1200,\"height\":772,\"caption\":\"Wild im West III Neu Marx Foto (c) Katharina Egg\\\/Kreative Ra\u0308ume Wien\"},{\"@type\":\"BreadcrumbList\",\"@id\":\"https:\\\/\\\/www.kreativeraeumewien.at\\\/en\\\/news-en\\\/wild-im-west-neu-marx\\\/#breadcrumb\",\"itemListElement\":[{\"@type\":\"ListItem\",\"position\":1,\"name\":\"Startseite\",\"item\":\"https:\\\/\\\/www.kreativeraeumewien.at\\\/en\\\/\"},{\"@type\":\"ListItem\",\"position\":2,\"name\":\"Wild in the West: Third edition in Neu Marx\"}]},{\"@type\":\"WebSite\",\"@id\":\"https:\\\/\\\/www.kreativeraeumewien.at\\\/en\\\/#website\",\"url\":\"https:\\\/\\\/www.kreativeraeumewien.at\\\/en\\\/\",\"name\":\"Kreative R\u00e4ume Wien\",\"description\":\"Service fu\u0308r Leerstandsaktivierung und Zwischennutzung f\u00fcr die Stadt Wien\",\"publisher\":{\"@id\":\"https:\\\/\\\/www.kreativeraeumewien.at\\\/en\\\/#organization\"},\"potentialAction\":[{\"@type\":\"SearchAction\",\"target\":{\"@type\":\"EntryPoint\",\"urlTemplate\":\"https:\\\/\\\/www.kreativeraeumewien.at\\\/en\\\/?s={search_term_string}\"},\"query-input\":{\"@type\":\"PropertyValueSpecification\",\"valueRequired\":true,\"valueName\":\"search_term_string\"}}],\"inLanguage\":\"en-US\"},{\"@type\":\"Organization\",\"@id\":\"https:\\\/\\\/www.kreativeraeumewien.at\\\/en\\\/#organization\",\"name\":\"Kreative R\u00e4ume Wien\",\"url\":\"https:\\\/\\\/www.kreativeraeumewien.at\\\/en\\\/\",\"logo\":{\"@type\":\"ImageObject\",\"inLanguage\":\"en-US\",\"@id\":\"https:\\\/\\\/www.kreativeraeumewien.at\\\/en\\\/#\\\/schema\\\/logo\\\/image\\\/\",\"url\":\"https:\\\/\\\/www.kreativeraeumewien.at\\\/wp-content\\\/uploads\\\/2021\\\/12\\\/KRW-LOGO.png\",\"contentUrl\":\"https:\\\/\\\/www.kreativeraeumewien.at\\\/wp-content\\\/uploads\\\/2021\\\/12\\\/KRW-LOGO.png\",\"width\":567,\"height\":567,\"caption\":\"Kreative R\u00e4ume Wien\"},\"image\":{\"@id\":\"https:\\\/\\\/www.kreativeraeumewien.at\\\/en\\\/#\\\/schema\\\/logo\\\/image\\\/\"},\"sameAs\":[\"https:\\\/\\\/www.facebook.com\\\/kreativeraeumewien\",\"https:\\\/\\\/www.instagram.com\\\/kreativeraeume\",\"https:\\\/\\\/www.linkedin.com\\\/company\\\/71490261\\\/\"]},{\"@type\":\"Person\",\"@id\":\"https:\\\/\\\/www.kreativeraeumewien.at\\\/en\\\/#\\\/schema\\\/person\\\/35b1cedbc652eb88fa4b3285cbde2537\",\"name\":\"kreative\",\"image\":{\"@type\":\"ImageObject\",\"inLanguage\":\"en-US\",\"@id\":\"https:\\\/\\\/secure.gravatar.com\\\/avatar\\\/88784b22c5c172056132cc44a3194213a0f02167beb0a9b64ff49b84e648f072?s=96&d=mm&r=g\",\"url\":\"https:\\\/\\\/secure.gravatar.com\\\/avatar\\\/88784b22c5c172056132cc44a3194213a0f02167beb0a9b64ff49b84e648f072?s=96&d=mm&r=g\",\"contentUrl\":\"https:\\\/\\\/secure.gravatar.com\\\/avatar\\\/88784b22c5c172056132cc44a3194213a0f02167beb0a9b64ff49b84e648f072?s=96&d=mm&r=g\",\"caption\":\"kreative\"},\"url\":\"https:\\\/\\\/www.kreativeraeumewien.at\\\/en\\\/author\\\/admin\\\/\"}]}<\/script>\n<!-- \/ Yoast SEO plugin. -->","yoast_head_json":{"title":"Wild in the West: Third edition in Neu Marx - Kreative R\u00e4ume Wien","description":"Wild im West has arrived at its new location in Neu Marx as a 'cultural traveling oasis' with the support of Kreative R\u00e4ume Wien.","robots":{"index":"index","follow":"follow","max-snippet":"max-snippet:-1","max-image-preview":"max-image-preview:large","max-video-preview":"max-video-preview:-1"},"canonical":"https:\/\/www.kreativeraeumewien.at\/en\/news-en\/wild-im-west-neu-marx\/","og_locale":"en_US","og_type":"article","og_title":"Wild in the West: Third edition in Neu Marx - Kreative R\u00e4ume Wien","og_description":"Wild im West has arrived at its new location in Neu Marx as a 'cultural traveling oasis' with the support of Kreative R\u00e4ume Wien.","og_url":"https:\/\/www.kreativeraeumewien.at\/en\/news-en\/wild-im-west-neu-marx\/","og_site_name":"Kreative R\u00e4ume Wien","article_publisher":"https:\/\/www.facebook.com\/kreativeraeumewien","article_published_time":"2024-04-22T11:26:46+00:00","article_modified_time":"2024-11-28T07:45:44+00:00","og_image":[{"width":1200,"height":772,"url":"https:\/\/www.kreativeraeumewien.at\/wp-content\/uploads\/2024\/04\/Wild-im-West-III-Neu-Marx2_Foto-Katharina-Egg_Kreative-Raeume-Wien-.jpg","type":"image\/jpeg"}],"author":"kreative","twitter_card":"summary_large_image","twitter_misc":{"Written by":"kreative","Est. reading time":"1 minute"},"schema":{"@context":"https:\/\/schema.org","@graph":[{"@type":"Article","@id":"https:\/\/www.kreativeraeumewien.at\/en\/news-en\/wild-im-west-neu-marx\/#article","isPartOf":{"@id":"https:\/\/www.kreativeraeumewien.at\/en\/news-en\/wild-im-west-neu-marx\/"},"author":{"name":"kreative","@id":"https:\/\/www.kreativeraeumewien.at\/en\/#\/schema\/person\/35b1cedbc652eb88fa4b3285cbde2537"},"headline":"Wild in the West: Third edition in Neu Marx","datePublished":"2024-04-22T11:26:46+00:00","dateModified":"2024-11-28T07:45:44+00:00","mainEntityOfPage":{"@id":"https:\/\/www.kreativeraeumewien.at\/en\/news-en\/wild-im-west-neu-marx\/"},"wordCount":254,"publisher":{"@id":"https:\/\/www.kreativeraeumewien.at\/en\/#organization"},"image":{"@id":"https:\/\/www.kreativeraeumewien.at\/en\/news-en\/wild-im-west-neu-marx\/#primaryimage"},"thumbnailUrl":"https:\/\/www.kreativeraeumewien.at\/wp-content\/uploads\/2024\/04\/Wild-im-West-III-Neu-Marx2_Foto-Katharina-Egg_Kreative-Raeume-Wien-.jpg","keywords":["Brache","Freifl\u00e4che","KRW","Neu Marx","Nutzungsmischung","wild im west","Zwischennutzung"],"articleSection":["News"],"inLanguage":"en-US"},{"@type":"WebPage","@id":"https:\/\/www.kreativeraeumewien.at\/en\/news-en\/wild-im-west-neu-marx\/","url":"https:\/\/www.kreativeraeumewien.at\/en\/news-en\/wild-im-west-neu-marx\/","name":"Wild in the West: Third edition in Neu Marx - Kreative R\u00e4ume Wien","isPartOf":{"@id":"https:\/\/www.kreativeraeumewien.at\/en\/#website"},"primaryImageOfPage":{"@id":"https:\/\/www.kreativeraeumewien.at\/en\/news-en\/wild-im-west-neu-marx\/#primaryimage"},"image":{"@id":"https:\/\/www.kreativeraeumewien.at\/en\/news-en\/wild-im-west-neu-marx\/#primaryimage"},"thumbnailUrl":"https:\/\/www.kreativeraeumewien.at\/wp-content\/uploads\/2024\/04\/Wild-im-West-III-Neu-Marx2_Foto-Katharina-Egg_Kreative-Raeume-Wien-.jpg","datePublished":"2024-04-22T11:26:46+00:00","dateModified":"2024-11-28T07:45:44+00:00","description":"Wild im West has arrived at its new location in Neu Marx as a 'cultural traveling oasis' with the support of Kreative R\u00e4ume Wien.","breadcrumb":{"@id":"https:\/\/www.kreativeraeumewien.at\/en\/news-en\/wild-im-west-neu-marx\/#breadcrumb"},"inLanguage":"en-US","potentialAction":[{"@type":"ReadAction","target":["https:\/\/www.kreativeraeumewien.at\/en\/news-en\/wild-im-west-neu-marx\/"]}]},{"@type":"ImageObject","inLanguage":"en-US","@id":"https:\/\/www.kreativeraeumewien.at\/en\/news-en\/wild-im-west-neu-marx\/#primaryimage","url":"https:\/\/www.kreativeraeumewien.at\/wp-content\/uploads\/2024\/04\/Wild-im-West-III-Neu-Marx2_Foto-Katharina-Egg_Kreative-Raeume-Wien-.jpg","contentUrl":"https:\/\/www.kreativeraeumewien.at\/wp-content\/uploads\/2024\/04\/Wild-im-West-III-Neu-Marx2_Foto-Katharina-Egg_Kreative-Raeume-Wien-.jpg","width":1200,"height":772,"caption":"Wild im West III Neu Marx Foto (c) Katharina Egg\/Kreative Ra\u0308ume Wien"},{"@type":"BreadcrumbList","@id":"https:\/\/www.kreativeraeumewien.at\/en\/news-en\/wild-im-west-neu-marx\/#breadcrumb","itemListElement":[{"@type":"ListItem","position":1,"name":"Startseite","item":"https:\/\/www.kreativeraeumewien.at\/en\/"},{"@type":"ListItem","position":2,"name":"Wild in the West: Third edition in Neu Marx"}]},{"@type":"WebSite","@id":"https:\/\/www.kreativeraeumewien.at\/en\/#website","url":"https:\/\/www.kreativeraeumewien.at\/en\/","name":"Kreative R\u00e4ume Wien","description":"Service fu\u0308r Leerstandsaktivierung und Zwischennutzung f\u00fcr die Stadt Wien","publisher":{"@id":"https:\/\/www.kreativeraeumewien.at\/en\/#organization"},"potentialAction":[{"@type":"SearchAction","target":{"@type":"EntryPoint","urlTemplate":"https:\/\/www.kreativeraeumewien.at\/en\/?s={search_term_string}"},"query-input":{"@type":"PropertyValueSpecification","valueRequired":true,"valueName":"search_term_string"}}],"inLanguage":"en-US"},{"@type":"Organization","@id":"https:\/\/www.kreativeraeumewien.at\/en\/#organization","name":"Kreative R\u00e4ume Wien","url":"https:\/\/www.kreativeraeumewien.at\/en\/","logo":{"@type":"ImageObject","inLanguage":"en-US","@id":"https:\/\/www.kreativeraeumewien.at\/en\/#\/schema\/logo\/image\/","url":"https:\/\/www.kreativeraeumewien.at\/wp-content\/uploads\/2021\/12\/KRW-LOGO.png","contentUrl":"https:\/\/www.kreativeraeumewien.at\/wp-content\/uploads\/2021\/12\/KRW-LOGO.png","width":567,"height":567,"caption":"Kreative R\u00e4ume Wien"},"image":{"@id":"https:\/\/www.kreativeraeumewien.at\/en\/#\/schema\/logo\/image\/"},"sameAs":["https:\/\/www.facebook.com\/kreativeraeumewien","https:\/\/www.instagram.com\/kreativeraeume","https:\/\/www.linkedin.com\/company\/71490261\/"]},{"@type":"Person","@id":"https:\/\/www.kreativeraeumewien.at\/en\/#\/schema\/person\/35b1cedbc652eb88fa4b3285cbde2537","name":"kreative","image":{"@type":"ImageObject","inLanguage":"en-US","@id":"https:\/\/secure.gravatar.com\/avatar\/88784b22c5c172056132cc44a3194213a0f02167beb0a9b64ff49b84e648f072?s=96&d=mm&r=g","url":"https:\/\/secure.gravatar.com\/avatar\/88784b22c5c172056132cc44a3194213a0f02167beb0a9b64ff49b84e648f072?s=96&d=mm&r=g","contentUrl":"https:\/\/secure.gravatar.com\/avatar\/88784b22c5c172056132cc44a3194213a0f02167beb0a9b64ff49b84e648f072?s=96&d=mm&r=g","caption":"kreative"},"url":"https:\/\/www.kreativeraeumewien.at\/en\/author\/admin\/"}]}},"_links":{"self":[{"href":"https:\/\/www.kreativeraeumewien.at\/en\/wp-json\/wp\/v2\/posts\/6662","targetHints":{"allow":["GET"]}}],"collection":[{"href":"https:\/\/www.kreativeraeumewien.at\/en\/wp-json\/wp\/v2\/posts"}],"about":[{"href":"https:\/\/www.kreativeraeumewien.at\/en\/wp-json\/wp\/v2\/types\/post"}],"author":[{"embeddable":true,"href":"https:\/\/www.kreativeraeumewien.at\/en\/wp-json\/wp\/v2\/users\/2"}],"replies":[{"embeddable":true,"href":"https:\/\/www.kreativeraeumewien.at\/en\/wp-json\/wp\/v2\/comments?post=6662"}],"version-history":[{"count":2,"href":"https:\/\/www.kreativeraeumewien.at\/en\/wp-json\/wp\/v2\/posts\/6662\/revisions"}],"predecessor-version":[{"id":7384,"href":"https:\/\/www.kreativeraeumewien.at\/en\/wp-json\/wp\/v2\/posts\/6662\/revisions\/7384"}],"wp:featuredmedia":[{"embeddable":true,"href":"https:\/\/www.kreativeraeumewien.at\/en\/wp-json\/wp\/v2\/media\/6651"}],"wp:attachment":[{"href":"https:\/\/www.kreativeraeumewien.at\/en\/wp-json\/wp\/v2\/media?parent=6662"}],"wp:term":[{"taxonomy":"category","embeddable":true,"href":"https:\/\/www.kreativeraeumewien.at\/en\/wp-json\/wp\/v2\/categories?post=6662"},{"taxonomy":"post_tag","embeddable":true,"href":"https:\/\/www.kreativeraeumewien.at\/en\/wp-json\/wp\/v2\/tags?post=6662"}],"curies":[{"name":"wp","href":"https:\/\/api.w.org\/{rel}","templated":true}]}}