{"id":7331,"date":"2023-05-04T16:44:04","date_gmt":"2023-05-04T14:44:04","guid":{"rendered":"https:\/\/www.kreativeraeumewien.at\/registration-for-the-circular-potentials-symposium\/"},"modified":"2024-11-28T08:40:16","modified_gmt":"2024-11-28T07:40:16","slug":"registration-for-the-circular-potentials-symposium","status":"publish","type":"post","link":"https:\/\/www.kreativeraeumewien.at\/en\/158-en\/registration-for-the-circular-potentials-symposium\/","title":{"rendered":"Registration for the Circular Potentials Symposium"},"content":{"rendered":"\n          \n\n          <p>On June 14 and 15, 2023, Kreative R\u00e4ume Wien in cooperation with the Vienna Business Agency invite you to the symposium <strong>CIRCULAR POTENTIALS &#8211; Added value of vacancy activation. <\/strong>Please register by May 26, 2023.  <\/p>\n          \n\n          <p><a href=\"https:\/\/www.kreativeraeumewien.at\/wp-content\/uploads\/2023\/06\/KRW-Kreative-Raeume-Symposium23-Broschuere-Web-Doppelseiten.pdf\" target=\"_blank\" rel=\"noopener\">Click here<\/a> for the program.<\/p>\n          \n\n        \n<div class=\"wpforms-container wpforms-container-full wpforms-block wpforms-block-53e8a3ca-30f0-4f51-a8c3-ab5e729d489e\" id=\"wpforms-5310\"><form id=\"wpforms-form-5310\" class=\"wpforms-validate wpforms-form\" data-formid=\"5310\" method=\"post\" enctype=\"multipart\/form-data\" action=\"\/en\/wp-json\/wp\/v2\/posts\/7331\" data-token=\"03a91189f5a48b741644c719e08e811d\" data-token-time=\"1777295101\"><noscript class=\"wpforms-error-noscript\">Please enable JavaScript in your browser to complete this form.<\/noscript><div class=\"wpforms-field-container\"><div id=\"wpforms-5310-field_5-container\" class=\"wpforms-field wpforms-field-divider\" data-field-type=\"divider\" data-field-id=\"5\"><h3 id=\"wpforms-5310-field_5\">Mi, 14. Juni 2023: CREATIVE CLUSTER <\/h3><\/div><div id=\"wpforms-5310-field_10-container\" class=\"wpforms-field wpforms-field-checkbox wpforms-conditional-trigger\" data-field-type=\"checkbox\" data-field-id=\"10\"><label class=\"wpforms-field-label wpforms-label-hide\">Mi, 14. Juni 2023: TAG 1 <\/label><ul id=\"wpforms-5310-field_10\"><li class=\"choice-1 depth-1\"><input type=\"checkbox\" id=\"wpforms-5310-field_10_1\" name=\"wpforms[fields][10][]\" value=\"Impulsvortr\u00e4ge (ab 9:30 Uhr)\"  ><label class=\"wpforms-field-label-inline\" for=\"wpforms-5310-field_10_1\">Impulsvortr\u00e4ge (ab 9:30 Uhr)<\/label><\/li><li class=\"choice-2 depth-1\"><input type=\"checkbox\" id=\"wpforms-5310-field_10_2\" name=\"wpforms[fields][10][]\" value=\"Panel-Sessions (ab 14 Uhr) \"  ><label class=\"wpforms-field-label-inline\" for=\"wpforms-5310-field_10_2\">Panel-Sessions (ab 14 Uhr)<\/label><\/li><\/ul><div class=\"wpforms-field-description\">Das Symposium findet an Tag 1 im Creative Cluster Margareten statt (Turnsaal, Viktor-Christ-Gasse 10, 1050 Wien). Die Impulsvortr\u00e4ge werden au\u00dferdem auch online \u00fcbertragen. <\/div><\/div><div id=\"wpforms-5310-field_21-container\" class=\"wpforms-field wpforms-field-divider wpforms-conditional-field wpforms-conditional-show\" data-field-type=\"divider\" data-field-id=\"21\" style=\"display:none;\"><h3 id=\"wpforms-5310-field_21\">Auswahl Panel-Sessions I (14 &#8211; 15:30 Uhr) <\/h3><\/div><div id=\"wpforms-5310-field_6-container\" class=\"wpforms-field wpforms-field-radio wpforms-conditional-field wpforms-conditional-show\" data-field-type=\"radio\" data-field-id=\"6\" style=\"display:none;\"><label class=\"wpforms-field-label wpforms-label-hide\">Panel-Sessions I (14 &#8211; 15:30 Uhr) <\/label><ul id=\"wpforms-5310-field_6\"><li class=\"choice-2 depth-1\"><input type=\"radio\" id=\"wpforms-5310-field_6_2\" name=\"wpforms[fields][6]\" value=\"1 Reasons for Vacancy Activation: Quantifiying and Visualizing the Impact of Cultural Projects (EN)\"  ><label class=\"wpforms-field-label-inline\" for=\"wpforms-5310-field_6_2\">1 Reasons for Vacancy Activation: Quantifiying and Visualizing the Impact of Cultural Projects (EN)<\/label><\/li><li class=\"choice-1 depth-1\"><input type=\"radio\" id=\"wpforms-5310-field_6_1\" name=\"wpforms[fields][6]\" value=\"2 Urban Mining und Zwischennutzung - hosted by Wirtschaftsagentur Wien (DE) \"  ><label class=\"wpforms-field-label-inline\" for=\"wpforms-5310-field_6_1\">2 Urban Mining und Zwischennutzung &#8211; hosted by Wirtschaftsagentur Wien (DE)<\/label><\/li><\/ul><\/div><div id=\"wpforms-5310-field_22-container\" class=\"wpforms-field wpforms-field-divider wpforms-conditional-field wpforms-conditional-show\" data-field-type=\"divider\" data-field-id=\"22\" style=\"display:none;\"><h3 id=\"wpforms-5310-field_22\">Auswahl Panel-Sessions II (15:30- 17 Uhr)<\/h3><\/div><div id=\"wpforms-5310-field_7-container\" class=\"wpforms-field wpforms-field-radio wpforms-conditional-field wpforms-conditional-show\" data-field-type=\"radio\" data-field-id=\"7\" style=\"display:none;\"><label class=\"wpforms-field-label wpforms-label-hide\">Panel-Sessions II (15:30-17 Uhr) <\/label><ul id=\"wpforms-5310-field_7\"><li class=\"choice-1 depth-1\"><input type=\"radio\" id=\"wpforms-5310-field_7_1\" name=\"wpforms[fields][7]\" value=\"1 Vorhandene Potenziale in Stadtentwicklungsgebieten nutzen: Qualitative Mehrwerte durch Zwischennutzung (DE)\"  ><label class=\"wpforms-field-label-inline\" for=\"wpforms-5310-field_7_1\">1 Vorhandene Potenziale in Stadtentwicklungsgebieten nutzen: Qualitative Mehrwerte durch Zwischennutzung (DE)<\/label><\/li><li class=\"choice-2 depth-1\"><input type=\"radio\" id=\"wpforms-5310-field_7_2\" name=\"wpforms[fields][7]\" value=\"2 Intensivierung von Nutzungsphasen: Ressourcen schonen mit Zwischennutzungen (DE) \"  ><label class=\"wpforms-field-label-inline\" for=\"wpforms-5310-field_7_2\">2 Intensivierung von Nutzungsphasen: Ressourcen schonen mit Zwischennutzungen (DE)<\/label><\/li><\/ul><div class=\"wpforms-field-description\">Bei den Panel-Sessions in Kleingruppen geht es um Erfahrungsaustausch mit Expert:innen und Kelleg:innen vor Ort. Welches Thema interessiert mich am meisten? Bitte jeweils durch Auswahl unverbindlich voranmelden. Es ist auch m\u00f6glich vor Ort zwischen beiden Gruppen zu wechseln. Anmerkung: der Veranstaltungsort ist nicht barrierefrei. <\/div><\/div><div id=\"wpforms-5310-field_17-container\" class=\"wpforms-field wpforms-field-divider\" data-field-type=\"divider\" data-field-id=\"17\"><h3 id=\"wpforms-5310-field_17\">Do, 15. Juni: EXKURSION &amp; WEST <\/h3><\/div><div id=\"wpforms-5310-field_12-container\" class=\"wpforms-field wpforms-field-checkbox\" data-field-type=\"checkbox\" data-field-id=\"12\"><label class=\"wpforms-field-label wpforms-label-hide\">Do, 17.Juni: Wo plane ich teilzunehmen? <\/label><ul id=\"wpforms-5310-field_12\"><li class=\"choice-3 depth-1\"><input type=\"checkbox\" id=\"wpforms-5310-field_12_3\" name=\"wpforms[fields][12][]\" value=\"Exkursion zu aktuellen Zwischennutzungsprojekten in Wien (10-16 Uhr) \"  ><label class=\"wpforms-field-label-inline\" for=\"wpforms-5310-field_12_3\">Exkursion zu aktuellen Zwischennutzungsprojekten in Wien (10-16 Uhr)<\/label><\/li><li class=\"choice-6 depth-1\"><input type=\"checkbox\" id=\"wpforms-5310-field_12_6\" name=\"wpforms[fields][12][]\" value=\"WEST: F\u00fchrung durch das Projekt (18 Uhr) \"  ><label class=\"wpforms-field-label-inline\" for=\"wpforms-5310-field_12_6\">WEST: F\u00fchrung durch das Projekt (18 Uhr)<\/label><\/li><li class=\"choice-4 depth-1\"><input type=\"checkbox\" id=\"wpforms-5310-field_12_4\" name=\"wpforms[fields][12][]\" value=\"Podiumsdiskussion mit Keynote (ab 19 Uhr)\"  ><label class=\"wpforms-field-label-inline\" for=\"wpforms-5310-field_12_4\">Podiumsdiskussion mit Keynote (ab 19 Uhr)<\/label><\/li><\/ul><div class=\"wpforms-field-description\">Die Podiumsdiskussion mit Keynote von Angelika Psenner (TU Wien) findet im WEST statt (Festsaal, Augasse 2-6, 1090 Wien). Der Veranstaltungsort ist barreriefrei, die Diskussion wird au\u00dferdem online \u00fcbertragen. \r\n\r\nDie Auswahl ist unverbindlich. Die Zeiten k\u00f6nnen geringf\u00fcgig abweichen. <\/div><\/div><div id=\"wpforms-5310-field_16-container\" class=\"wpforms-field wpforms-field-divider\" data-field-type=\"divider\" data-field-id=\"16\"><h3 id=\"wpforms-5310-field_16\">Angaben zur Teilnehmer:in *<\/h3><\/div><div id=\"wpforms-5310-field_0-container\" class=\"wpforms-field wpforms-field-name\" data-field-type=\"name\" data-field-id=\"0\"><label class=\"wpforms-field-label wpforms-label-hide\" for=\"wpforms-5310-field_0\">Name  <span class=\"wpforms-required-label\">*<\/span><\/label><div class=\"wpforms-field-row wpforms-field-medium\"><div class=\"wpforms-field-row-block wpforms-first wpforms-one-half\"><input type=\"text\" id=\"wpforms-5310-field_0\" class=\"wpforms-field-name-first wpforms-field-required\" name=\"wpforms[fields][0][first]\" placeholder=\"Vorname\" required><label for=\"wpforms-5310-field_0\" class=\"wpforms-field-sublabel after wpforms-sublabel-hide\">First<\/label><\/div><div class=\"wpforms-field-row-block wpforms-one-half\"><input type=\"text\" id=\"wpforms-5310-field_0-last\" class=\"wpforms-field-name-last wpforms-field-required\" name=\"wpforms[fields][0][last]\" placeholder=\"Nachname\" required><label for=\"wpforms-5310-field_0-last\" class=\"wpforms-field-sublabel after wpforms-sublabel-hide\">Last<\/label><\/div><\/div><\/div><div id=\"wpforms-5310-field_1-container\" class=\"wpforms-field wpforms-field-text\" data-field-type=\"text\" data-field-id=\"1\"><label class=\"wpforms-field-label wpforms-label-hide\" for=\"wpforms-5310-field_1\">Unternehmen\/Organisation <span class=\"wpforms-required-label\">*<\/span><\/label><input type=\"text\" id=\"wpforms-5310-field_1\" class=\"wpforms-field-medium wpforms-field-required\" name=\"wpforms[fields][1]\" placeholder=\"Unternehmen\/Organisation \" required><\/div><div id=\"wpforms-5310-field_2-container\" class=\"wpforms-field wpforms-field-email\" data-field-type=\"email\" data-field-id=\"2\"><label class=\"wpforms-field-label wpforms-label-hide\" for=\"wpforms-5310-field_2\">E-Mail <span class=\"wpforms-required-label\">*<\/span><\/label><input type=\"email\" id=\"wpforms-5310-field_2\" class=\"wpforms-field-medium wpforms-field-required\" name=\"wpforms[fields][2]\" placeholder=\"E-Mail Adresse\" spellcheck=\"false\" required><\/div><div id=\"wpforms-5310-field_3-container\" class=\"wpforms-field wpforms-field-phone\" data-field-type=\"phone\" data-field-id=\"3\"><label class=\"wpforms-field-label wpforms-label-hide\" for=\"wpforms-5310-field_3\">Telefon<\/label><input type=\"tel\" id=\"wpforms-5310-field_3\" class=\"wpforms-field-medium\" data-rule-int-phone-field=\"true\" name=\"wpforms[fields][3]\" placeholder=\"Telefon \" aria-label=\"Telefon\" ><\/div><div id=\"wpforms-5310-field_4-container\" class=\"wpforms-field wpforms-field-textarea\" data-field-type=\"textarea\" data-field-id=\"4\"><label class=\"wpforms-field-label wpforms-label-hide\" for=\"wpforms-5310-field_4\">Anmerkungen<\/label><textarea id=\"wpforms-5310-field_4\" class=\"wpforms-field-medium\" name=\"wpforms[fields][4]\" ><\/textarea><div class=\"wpforms-field-description\">Anmerkungen &#038; Fragen <\/div><\/div><\/div><!-- .wpforms-field-container --><div class=\"wpforms-submit-container\" ><input type=\"hidden\" name=\"wpforms[id]\" value=\"5310\"><input type=\"hidden\" name=\"page_title\" value=\"\"><input type=\"hidden\" name=\"page_url\" value=\"https:\/\/www.kreativeraeumewien.at\/en\/wp-json\/wp\/v2\/posts\/7331\"><input type=\"hidden\" name=\"url_referer\" value=\"\"><button type=\"submit\" name=\"wpforms[submit]\" id=\"wpforms-submit-5310\" class=\"wpforms-submit\" data-alt-text=\"Senden...\" data-submit-text=\"Absenden\" aria-live=\"assertive\" value=\"wpforms-submit\">Absenden<\/button><\/div><\/form><\/div>  <!-- .wpforms-container -->","protected":false},"excerpt":{"rendered":"<p>On June 14 and 15, 2023, Kreative R\u00e4ume Wien in cooperation with the Vienna Business Agency invite you to the symposium CIRCULAR POTENTIALS &#8211; Added value of vacancy activation. Please register by May 26, 2023. Click here for the program.<\/p>\n","protected":false},"author":2,"featured_media":0,"comment_status":"closed","ping_status":"closed","sticky":false,"template":"","format":"standard","meta":{"_acf_changed":false,"_eb_attr":"","footnotes":""},"categories":[221],"tags":[],"class_list":["post-7331","post","type-post","status-publish","format-standard","hentry","category-158-en"],"acf":[],"yoast_head":"<!-- This site is optimized with the Yoast SEO plugin v27.3 - https:\/\/yoast.com\/product\/yoast-seo-wordpress\/ -->\n<title>Registration for the Circular Potentials Symposium - Kreative R\u00e4ume Wien<\/title>\n<meta name=\"robots\" content=\"index, follow, max-snippet:-1, max-image-preview:large, max-video-preview:-1\" \/>\n<link rel=\"canonical\" href=\"https:\/\/www.kreativeraeumewien.at\/en\/158-en\/registration-for-the-circular-potentials-symposium\/\" \/>\n<meta property=\"og:locale\" content=\"en_US\" \/>\n<meta property=\"og:type\" content=\"article\" \/>\n<meta property=\"og:title\" content=\"Registration for the Circular Potentials Symposium - Kreative R\u00e4ume Wien\" \/>\n<meta property=\"og:description\" content=\"On June 14 and 15, 2023, Kreative R\u00e4ume Wien in cooperation with the Vienna Business Agency invite you to the symposium CIRCULAR POTENTIALS &#8211; Added value of vacancy activation. Please register by May 26, 2023. Click here for the program.\" \/>\n<meta property=\"og:url\" content=\"https:\/\/www.kreativeraeumewien.at\/en\/158-en\/registration-for-the-circular-potentials-symposium\/\" \/>\n<meta property=\"og:site_name\" content=\"Kreative R\u00e4ume Wien\" \/>\n<meta property=\"article:publisher\" content=\"https:\/\/www.facebook.com\/kreativeraeumewien\" \/>\n<meta property=\"article:published_time\" content=\"2023-05-04T14:44:04+00:00\" \/>\n<meta property=\"article:modified_time\" content=\"2024-11-28T07:40:16+00:00\" \/>\n<meta name=\"author\" content=\"kreative\" \/>\n<meta name=\"twitter:card\" content=\"summary_large_image\" \/>\n<meta name=\"twitter:label1\" content=\"Written by\" \/>\n\t<meta name=\"twitter:data1\" content=\"kreative\" \/>\n<script type=\"application\/ld+json\" class=\"yoast-schema-graph\">{\"@context\":\"https:\\\/\\\/schema.org\",\"@graph\":[{\"@type\":\"Article\",\"@id\":\"https:\\\/\\\/www.kreativeraeumewien.at\\\/en\\\/158-en\\\/registration-for-the-circular-potentials-symposium\\\/#article\",\"isPartOf\":{\"@id\":\"https:\\\/\\\/www.kreativeraeumewien.at\\\/en\\\/158-en\\\/registration-for-the-circular-potentials-symposium\\\/\"},\"author\":{\"name\":\"kreative\",\"@id\":\"https:\\\/\\\/www.kreativeraeumewien.at\\\/en\\\/#\\\/schema\\\/person\\\/35b1cedbc652eb88fa4b3285cbde2537\"},\"headline\":\"Registration for the Circular Potentials Symposium\",\"datePublished\":\"2023-05-04T14:44:04+00:00\",\"dateModified\":\"2024-11-28T07:40:16+00:00\",\"mainEntityOfPage\":{\"@id\":\"https:\\\/\\\/www.kreativeraeumewien.at\\\/en\\\/158-en\\\/registration-for-the-circular-potentials-symposium\\\/\"},\"wordCount\":42,\"publisher\":{\"@id\":\"https:\\\/\\\/www.kreativeraeumewien.at\\\/en\\\/#organization\"},\"articleSection\":[\"&#8211;\"],\"inLanguage\":\"en-US\"},{\"@type\":\"WebPage\",\"@id\":\"https:\\\/\\\/www.kreativeraeumewien.at\\\/en\\\/158-en\\\/registration-for-the-circular-potentials-symposium\\\/\",\"url\":\"https:\\\/\\\/www.kreativeraeumewien.at\\\/en\\\/158-en\\\/registration-for-the-circular-potentials-symposium\\\/\",\"name\":\"Registration for the Circular Potentials Symposium - Kreative R\u00e4ume Wien\",\"isPartOf\":{\"@id\":\"https:\\\/\\\/www.kreativeraeumewien.at\\\/en\\\/#website\"},\"datePublished\":\"2023-05-04T14:44:04+00:00\",\"dateModified\":\"2024-11-28T07:40:16+00:00\",\"breadcrumb\":{\"@id\":\"https:\\\/\\\/www.kreativeraeumewien.at\\\/en\\\/158-en\\\/registration-for-the-circular-potentials-symposium\\\/#breadcrumb\"},\"inLanguage\":\"en-US\",\"potentialAction\":[{\"@type\":\"ReadAction\",\"target\":[\"https:\\\/\\\/www.kreativeraeumewien.at\\\/en\\\/158-en\\\/registration-for-the-circular-potentials-symposium\\\/\"]}]},{\"@type\":\"BreadcrumbList\",\"@id\":\"https:\\\/\\\/www.kreativeraeumewien.at\\\/en\\\/158-en\\\/registration-for-the-circular-potentials-symposium\\\/#breadcrumb\",\"itemListElement\":[{\"@type\":\"ListItem\",\"position\":1,\"name\":\"Startseite\",\"item\":\"https:\\\/\\\/www.kreativeraeumewien.at\\\/en\\\/\"},{\"@type\":\"ListItem\",\"position\":2,\"name\":\"Registration for the Circular Potentials Symposium\"}]},{\"@type\":\"WebSite\",\"@id\":\"https:\\\/\\\/www.kreativeraeumewien.at\\\/en\\\/#website\",\"url\":\"https:\\\/\\\/www.kreativeraeumewien.at\\\/en\\\/\",\"name\":\"Kreative R\u00e4ume Wien\",\"description\":\"Service fu\u0308r Leerstandsaktivierung und Zwischennutzung f\u00fcr die Stadt Wien\",\"publisher\":{\"@id\":\"https:\\\/\\\/www.kreativeraeumewien.at\\\/en\\\/#organization\"},\"potentialAction\":[{\"@type\":\"SearchAction\",\"target\":{\"@type\":\"EntryPoint\",\"urlTemplate\":\"https:\\\/\\\/www.kreativeraeumewien.at\\\/en\\\/?s={search_term_string}\"},\"query-input\":{\"@type\":\"PropertyValueSpecification\",\"valueRequired\":true,\"valueName\":\"search_term_string\"}}],\"inLanguage\":\"en-US\"},{\"@type\":\"Organization\",\"@id\":\"https:\\\/\\\/www.kreativeraeumewien.at\\\/en\\\/#organization\",\"name\":\"Kreative R\u00e4ume Wien\",\"url\":\"https:\\\/\\\/www.kreativeraeumewien.at\\\/en\\\/\",\"logo\":{\"@type\":\"ImageObject\",\"inLanguage\":\"en-US\",\"@id\":\"https:\\\/\\\/www.kreativeraeumewien.at\\\/en\\\/#\\\/schema\\\/logo\\\/image\\\/\",\"url\":\"https:\\\/\\\/www.kreativeraeumewien.at\\\/wp-content\\\/uploads\\\/2021\\\/12\\\/KRW-LOGO.png\",\"contentUrl\":\"https:\\\/\\\/www.kreativeraeumewien.at\\\/wp-content\\\/uploads\\\/2021\\\/12\\\/KRW-LOGO.png\",\"width\":567,\"height\":567,\"caption\":\"Kreative R\u00e4ume Wien\"},\"image\":{\"@id\":\"https:\\\/\\\/www.kreativeraeumewien.at\\\/en\\\/#\\\/schema\\\/logo\\\/image\\\/\"},\"sameAs\":[\"https:\\\/\\\/www.facebook.com\\\/kreativeraeumewien\",\"https:\\\/\\\/www.instagram.com\\\/kreativeraeume\",\"https:\\\/\\\/www.linkedin.com\\\/company\\\/71490261\\\/\"]},{\"@type\":\"Person\",\"@id\":\"https:\\\/\\\/www.kreativeraeumewien.at\\\/en\\\/#\\\/schema\\\/person\\\/35b1cedbc652eb88fa4b3285cbde2537\",\"name\":\"kreative\",\"image\":{\"@type\":\"ImageObject\",\"inLanguage\":\"en-US\",\"@id\":\"https:\\\/\\\/secure.gravatar.com\\\/avatar\\\/88784b22c5c172056132cc44a3194213a0f02167beb0a9b64ff49b84e648f072?s=96&d=mm&r=g\",\"url\":\"https:\\\/\\\/secure.gravatar.com\\\/avatar\\\/88784b22c5c172056132cc44a3194213a0f02167beb0a9b64ff49b84e648f072?s=96&d=mm&r=g\",\"contentUrl\":\"https:\\\/\\\/secure.gravatar.com\\\/avatar\\\/88784b22c5c172056132cc44a3194213a0f02167beb0a9b64ff49b84e648f072?s=96&d=mm&r=g\",\"caption\":\"kreative\"},\"url\":\"https:\\\/\\\/www.kreativeraeumewien.at\\\/en\\\/author\\\/admin\\\/\"}]}<\/script>\n<!-- \/ Yoast SEO plugin. -->","yoast_head_json":{"title":"Registration for the Circular Potentials Symposium - Kreative R\u00e4ume Wien","robots":{"index":"index","follow":"follow","max-snippet":"max-snippet:-1","max-image-preview":"max-image-preview:large","max-video-preview":"max-video-preview:-1"},"canonical":"https:\/\/www.kreativeraeumewien.at\/en\/158-en\/registration-for-the-circular-potentials-symposium\/","og_locale":"en_US","og_type":"article","og_title":"Registration for the Circular Potentials Symposium - Kreative R\u00e4ume Wien","og_description":"On June 14 and 15, 2023, Kreative R\u00e4ume Wien in cooperation with the Vienna Business Agency invite you to the symposium CIRCULAR POTENTIALS &#8211; Added value of vacancy activation. Please register by May 26, 2023. Click here for the program.","og_url":"https:\/\/www.kreativeraeumewien.at\/en\/158-en\/registration-for-the-circular-potentials-symposium\/","og_site_name":"Kreative R\u00e4ume Wien","article_publisher":"https:\/\/www.facebook.com\/kreativeraeumewien","article_published_time":"2023-05-04T14:44:04+00:00","article_modified_time":"2024-11-28T07:40:16+00:00","author":"kreative","twitter_card":"summary_large_image","twitter_misc":{"Written by":"kreative"},"schema":{"@context":"https:\/\/schema.org","@graph":[{"@type":"Article","@id":"https:\/\/www.kreativeraeumewien.at\/en\/158-en\/registration-for-the-circular-potentials-symposium\/#article","isPartOf":{"@id":"https:\/\/www.kreativeraeumewien.at\/en\/158-en\/registration-for-the-circular-potentials-symposium\/"},"author":{"name":"kreative","@id":"https:\/\/www.kreativeraeumewien.at\/en\/#\/schema\/person\/35b1cedbc652eb88fa4b3285cbde2537"},"headline":"Registration for the Circular Potentials Symposium","datePublished":"2023-05-04T14:44:04+00:00","dateModified":"2024-11-28T07:40:16+00:00","mainEntityOfPage":{"@id":"https:\/\/www.kreativeraeumewien.at\/en\/158-en\/registration-for-the-circular-potentials-symposium\/"},"wordCount":42,"publisher":{"@id":"https:\/\/www.kreativeraeumewien.at\/en\/#organization"},"articleSection":["&#8211;"],"inLanguage":"en-US"},{"@type":"WebPage","@id":"https:\/\/www.kreativeraeumewien.at\/en\/158-en\/registration-for-the-circular-potentials-symposium\/","url":"https:\/\/www.kreativeraeumewien.at\/en\/158-en\/registration-for-the-circular-potentials-symposium\/","name":"Registration for the Circular Potentials Symposium - Kreative R\u00e4ume Wien","isPartOf":{"@id":"https:\/\/www.kreativeraeumewien.at\/en\/#website"},"datePublished":"2023-05-04T14:44:04+00:00","dateModified":"2024-11-28T07:40:16+00:00","breadcrumb":{"@id":"https:\/\/www.kreativeraeumewien.at\/en\/158-en\/registration-for-the-circular-potentials-symposium\/#breadcrumb"},"inLanguage":"en-US","potentialAction":[{"@type":"ReadAction","target":["https:\/\/www.kreativeraeumewien.at\/en\/158-en\/registration-for-the-circular-potentials-symposium\/"]}]},{"@type":"BreadcrumbList","@id":"https:\/\/www.kreativeraeumewien.at\/en\/158-en\/registration-for-the-circular-potentials-symposium\/#breadcrumb","itemListElement":[{"@type":"ListItem","position":1,"name":"Startseite","item":"https:\/\/www.kreativeraeumewien.at\/en\/"},{"@type":"ListItem","position":2,"name":"Registration for the Circular Potentials Symposium"}]},{"@type":"WebSite","@id":"https:\/\/www.kreativeraeumewien.at\/en\/#website","url":"https:\/\/www.kreativeraeumewien.at\/en\/","name":"Kreative R\u00e4ume Wien","description":"Service fu\u0308r Leerstandsaktivierung und Zwischennutzung f\u00fcr die Stadt Wien","publisher":{"@id":"https:\/\/www.kreativeraeumewien.at\/en\/#organization"},"potentialAction":[{"@type":"SearchAction","target":{"@type":"EntryPoint","urlTemplate":"https:\/\/www.kreativeraeumewien.at\/en\/?s={search_term_string}"},"query-input":{"@type":"PropertyValueSpecification","valueRequired":true,"valueName":"search_term_string"}}],"inLanguage":"en-US"},{"@type":"Organization","@id":"https:\/\/www.kreativeraeumewien.at\/en\/#organization","name":"Kreative R\u00e4ume Wien","url":"https:\/\/www.kreativeraeumewien.at\/en\/","logo":{"@type":"ImageObject","inLanguage":"en-US","@id":"https:\/\/www.kreativeraeumewien.at\/en\/#\/schema\/logo\/image\/","url":"https:\/\/www.kreativeraeumewien.at\/wp-content\/uploads\/2021\/12\/KRW-LOGO.png","contentUrl":"https:\/\/www.kreativeraeumewien.at\/wp-content\/uploads\/2021\/12\/KRW-LOGO.png","width":567,"height":567,"caption":"Kreative R\u00e4ume Wien"},"image":{"@id":"https:\/\/www.kreativeraeumewien.at\/en\/#\/schema\/logo\/image\/"},"sameAs":["https:\/\/www.facebook.com\/kreativeraeumewien","https:\/\/www.instagram.com\/kreativeraeume","https:\/\/www.linkedin.com\/company\/71490261\/"]},{"@type":"Person","@id":"https:\/\/www.kreativeraeumewien.at\/en\/#\/schema\/person\/35b1cedbc652eb88fa4b3285cbde2537","name":"kreative","image":{"@type":"ImageObject","inLanguage":"en-US","@id":"https:\/\/secure.gravatar.com\/avatar\/88784b22c5c172056132cc44a3194213a0f02167beb0a9b64ff49b84e648f072?s=96&d=mm&r=g","url":"https:\/\/secure.gravatar.com\/avatar\/88784b22c5c172056132cc44a3194213a0f02167beb0a9b64ff49b84e648f072?s=96&d=mm&r=g","contentUrl":"https:\/\/secure.gravatar.com\/avatar\/88784b22c5c172056132cc44a3194213a0f02167beb0a9b64ff49b84e648f072?s=96&d=mm&r=g","caption":"kreative"},"url":"https:\/\/www.kreativeraeumewien.at\/en\/author\/admin\/"}]}},"_links":{"self":[{"href":"https:\/\/www.kreativeraeumewien.at\/en\/wp-json\/wp\/v2\/posts\/7331","targetHints":{"allow":["GET"]}}],"collection":[{"href":"https:\/\/www.kreativeraeumewien.at\/en\/wp-json\/wp\/v2\/posts"}],"about":[{"href":"https:\/\/www.kreativeraeumewien.at\/en\/wp-json\/wp\/v2\/types\/post"}],"author":[{"embeddable":true,"href":"https:\/\/www.kreativeraeumewien.at\/en\/wp-json\/wp\/v2\/users\/2"}],"replies":[{"embeddable":true,"href":"https:\/\/www.kreativeraeumewien.at\/en\/wp-json\/wp\/v2\/comments?post=7331"}],"version-history":[{"count":1,"href":"https:\/\/www.kreativeraeumewien.at\/en\/wp-json\/wp\/v2\/posts\/7331\/revisions"}],"predecessor-version":[{"id":7332,"href":"https:\/\/www.kreativeraeumewien.at\/en\/wp-json\/wp\/v2\/posts\/7331\/revisions\/7332"}],"wp:attachment":[{"href":"https:\/\/www.kreativeraeumewien.at\/en\/wp-json\/wp\/v2\/media?parent=7331"}],"wp:term":[{"taxonomy":"category","embeddable":true,"href":"https:\/\/www.kreativeraeumewien.at\/en\/wp-json\/wp\/v2\/categories?post=7331"},{"taxonomy":"post_tag","embeddable":true,"href":"https:\/\/www.kreativeraeumewien.at\/en\/wp-json\/wp\/v2\/tags?post=7331"}],"curies":[{"name":"wp","href":"https:\/\/api.w.org\/{rel}","templated":true}]}}