{"id":7449,"date":"2023-05-09T12:45:16","date_gmt":"2023-05-09T10:45:16","guid":{"rendered":"https:\/\/www.kreativeraeumewien.at\/registration-tag-2-i-symposium-circular-potentials\/"},"modified":"2024-11-28T08:47:11","modified_gmt":"2024-11-28T07:47:11","slug":"registration-tag-2-i-symposium-circular-potentials","status":"publish","type":"post","link":"https:\/\/www.kreativeraeumewien.at\/en\/news-en\/registration-tag-2-i-symposium-circular-potentials\/","title":{"rendered":"Registration TAG 2 I Symposium Circular Potentials"},"content":{"rendered":"\n<p>Day 2 of the symposium will <a href=\"https:\/\/www.kreativeraeumewien.at\/en\/symposium-2023\/\">include<\/a> an <strong>excursion to current temporary use projects<\/strong> in Vienna and a <strong>panel discussion on<\/strong> <strong>&lt;Opportunity spaces for Vienna &#8211; using vacant space creatively&gt;<\/strong> with a keynote speech by Angelika Psenner from the Vienna University of Technology. <br><br>Please register here:<\/p>\n<div class=\"wpforms-container wpforms-container-full wpforms-block wpforms-block-5cc168cb-e694-46be-850f-9569ac0c194a\" id=\"wpforms-5350\"><form id=\"wpforms-form-5350\" class=\"wpforms-validate wpforms-form\" data-formid=\"5350\" method=\"post\" enctype=\"multipart\/form-data\" action=\"\/en\/wp-json\/wp\/v2\/posts\/7449\" data-token=\"c548083640aa78507398e0c1ed55360d\" data-token-time=\"1777288426\"><noscript class=\"wpforms-error-noscript\">Please enable JavaScript in your browser to complete this form.<\/noscript><div class=\"wpforms-field-container\"><div id=\"wpforms-5350-field_25-container\" class=\"wpforms-field wpforms-field-divider\" data-field-type=\"divider\" data-field-id=\"25\"><h3 id=\"wpforms-5350-field_25\">Do, 15. Juni 2023 I EXKURSION (WARTELISTE) <\/h3><\/div><div id=\"wpforms-5350-field_12-container\" class=\"wpforms-field wpforms-field-checkbox\" data-field-type=\"checkbox\" data-field-id=\"12\"><label class=\"wpforms-field-label wpforms-label-hide\">Do, 17.Juni: Wo plane ich teilzunehmen? <\/label><ul id=\"wpforms-5350-field_12\"><li class=\"choice-3 depth-1\"><input type=\"checkbox\" id=\"wpforms-5350-field_12_3\" name=\"wpforms[fields][12][]\" value=\"Besuch aktueller Zwischennutzungsprojekte (10 bis 16 Uhr)\"  ><label class=\"wpforms-field-label-inline\" for=\"wpforms-5350-field_12_3\">Besuch aktueller Zwischennutzungsprojekte (10 bis 16 Uhr)<\/label><\/li><\/ul><div class=\"wpforms-field-description\">Die Exkursion ist aktuell voll ausreserviert. Bei Interesse bitte trotzdem anmelden, wir informieren \u00fcber eventuelle freie Pl\u00e4tze. <\/div><\/div><div id=\"wpforms-5350-field_23-container\" class=\"wpforms-field wpforms-field-divider\" data-field-type=\"divider\" data-field-id=\"23\"><h3 id=\"wpforms-5350-field_23\">Do, 15. Juni 2023  I ABENDPODIUM <\/h3><\/div><div id=\"wpforms-5350-field_24-container\" class=\"wpforms-field wpforms-field-checkbox\" data-field-type=\"checkbox\" data-field-id=\"24\"><label class=\"wpforms-field-label wpforms-label-hide\">Do, 17.Juni: Wo plane ich teilzunehmen?  (kopieren)<\/label><ul id=\"wpforms-5350-field_24\"><li class=\"choice-6 depth-1\"><input type=\"checkbox\" id=\"wpforms-5350-field_24_6\" name=\"wpforms[fields][24][]\" value=\"WEST: F\u00fchrung durch das Projekt (18 Uhr) \"  ><label class=\"wpforms-field-label-inline\" for=\"wpforms-5350-field_24_6\">WEST: F\u00fchrung durch das Projekt (18 Uhr)<\/label><\/li><li class=\"choice-4 depth-1\"><input type=\"checkbox\" id=\"wpforms-5350-field_24_4\" name=\"wpforms[fields][24][]\" value=\"Podiumsdiskussion mit Keynote (ab 19 Uhr)\"  ><label class=\"wpforms-field-label-inline\" for=\"wpforms-5350-field_24_4\">Podiumsdiskussion mit Keynote (ab 19 Uhr)<\/label><\/li><\/ul><div class=\"wpforms-field-description\">Die Podiumsdiskussion mit Keynote von Angelika Psenner (TU Wien) findet im WEST statt (Festsaal, Augasse 2-6, 1090 Wien) statt. Davor gibt es eine F\u00fchrung durch das Projekt (Treffpunkt: Cafe raum). Der Veranstaltungsort ist barreriefrei zug\u00e4nglich, die Diskussion wird au\u00dferdem online \u00fcbertragen. <\/div><\/div><div id=\"wpforms-5350-field_16-container\" class=\"wpforms-field wpforms-field-divider\" data-field-type=\"divider\" data-field-id=\"16\"><h3 id=\"wpforms-5350-field_16\">Angaben zur Teilnehmer:in *<\/h3><\/div><div id=\"wpforms-5350-field_0-container\" class=\"wpforms-field wpforms-field-name\" data-field-type=\"name\" data-field-id=\"0\"><label class=\"wpforms-field-label wpforms-label-hide\" for=\"wpforms-5350-field_0\">Name  <span class=\"wpforms-required-label\">*<\/span><\/label><div class=\"wpforms-field-row wpforms-field-medium\"><div class=\"wpforms-field-row-block wpforms-first wpforms-one-half\"><input type=\"text\" id=\"wpforms-5350-field_0\" class=\"wpforms-field-name-first wpforms-field-required\" name=\"wpforms[fields][0][first]\" placeholder=\"Vorname\" required><label for=\"wpforms-5350-field_0\" class=\"wpforms-field-sublabel after wpforms-sublabel-hide\">First<\/label><\/div><div class=\"wpforms-field-row-block wpforms-one-half\"><input type=\"text\" id=\"wpforms-5350-field_0-last\" class=\"wpforms-field-name-last wpforms-field-required\" name=\"wpforms[fields][0][last]\" placeholder=\"Nachname\" required><label for=\"wpforms-5350-field_0-last\" class=\"wpforms-field-sublabel after wpforms-sublabel-hide\">Last<\/label><\/div><\/div><\/div><div id=\"wpforms-5350-field_1-container\" class=\"wpforms-field wpforms-field-text\" data-field-type=\"text\" data-field-id=\"1\"><label class=\"wpforms-field-label wpforms-label-hide\" for=\"wpforms-5350-field_1\">opt. Unternehmen\/Organisation\/Universit\u00e4t <\/label><input type=\"text\" id=\"wpforms-5350-field_1\" class=\"wpforms-field-medium\" name=\"wpforms[fields][1]\" placeholder=\"opt. Unternehmen\/Organisation\/Universit\u00e4t \" ><\/div><div id=\"wpforms-5350-field_2-container\" class=\"wpforms-field wpforms-field-email\" data-field-type=\"email\" data-field-id=\"2\"><label class=\"wpforms-field-label wpforms-label-hide\" for=\"wpforms-5350-field_2\">E-Mail <span class=\"wpforms-required-label\">*<\/span><\/label><input type=\"email\" id=\"wpforms-5350-field_2\" class=\"wpforms-field-medium wpforms-field-required\" name=\"wpforms[fields][2]\" placeholder=\"E-Mail Adresse\" spellcheck=\"false\" required><\/div><div id=\"wpforms-5350-field_3-container\" class=\"wpforms-field wpforms-field-phone\" data-field-type=\"phone\" data-field-id=\"3\"><label class=\"wpforms-field-label wpforms-label-hide\" for=\"wpforms-5350-field_3\">Telefon<\/label><input type=\"tel\" id=\"wpforms-5350-field_3\" class=\"wpforms-field-medium\" data-rule-int-phone-field=\"true\" name=\"wpforms[fields][3]\" placeholder=\"Telefon \" aria-label=\"Telefon\" ><\/div><div id=\"wpforms-5350-field_4-container\" class=\"wpforms-field wpforms-field-textarea\" data-field-type=\"textarea\" data-field-id=\"4\"><label class=\"wpforms-field-label wpforms-label-hide\" for=\"wpforms-5350-field_4\">Anmerkungen<\/label><textarea id=\"wpforms-5350-field_4\" class=\"wpforms-field-large\" name=\"wpforms[fields][4]\" ><\/textarea><div class=\"wpforms-field-description\">Anmerkungen &#038; Fragen <\/div><\/div><\/div><!-- .wpforms-field-container --><div class=\"wpforms-submit-container\" ><input type=\"hidden\" name=\"wpforms[id]\" value=\"5350\"><input type=\"hidden\" name=\"page_title\" value=\"\"><input type=\"hidden\" name=\"page_url\" value=\"https:\/\/www.kreativeraeumewien.at\/en\/wp-json\/wp\/v2\/posts\/7449\"><input type=\"hidden\" name=\"url_referer\" value=\"\"><button type=\"submit\" name=\"wpforms[submit]\" id=\"wpforms-submit-5350\" class=\"wpforms-submit\" data-alt-text=\"Senden...\" data-submit-text=\"Anmelden \" aria-live=\"assertive\" value=\"wpforms-submit\">Anmelden <\/button><\/div><\/form><\/div>  <!-- .wpforms-container -->","protected":false},"excerpt":{"rendered":"<p>Day 2 of the symposium will include an excursion to current temporary use projects in Vienna and a panel discussion on &lt;Opportunity spaces for Vienna &#8211; using vacant space creatively&gt; with a keynote speech by Angelika Psenner from the Vienna University of Technology. Please register here:<\/p>\n","protected":false},"author":2,"featured_media":0,"comment_status":"closed","ping_status":"closed","sticky":false,"template":"","format":"standard","meta":{"_acf_changed":false,"_eb_attr":"","footnotes":""},"categories":[82],"tags":[89,290],"class_list":["post-7449","post","type-post","status-publish","format-standard","hentry","category-news-en","tag-krw-en","tag-symposium-en"],"acf":[],"yoast_head":"<!-- This site is optimized with the Yoast SEO plugin v27.3 - https:\/\/yoast.com\/product\/yoast-seo-wordpress\/ -->\n<title>Registration TAG 2 I Symposium Circular Potentials - Kreative R\u00e4ume Wien<\/title>\n<meta name=\"robots\" content=\"index, follow, max-snippet:-1, max-image-preview:large, max-video-preview:-1\" \/>\n<link rel=\"canonical\" href=\"https:\/\/www.kreativeraeumewien.at\/en\/news-en\/registration-tag-2-i-symposium-circular-potentials\/\" \/>\n<meta property=\"og:locale\" content=\"en_US\" \/>\n<meta property=\"og:type\" content=\"article\" \/>\n<meta property=\"og:title\" content=\"Registration TAG 2 I Symposium Circular Potentials - Kreative R\u00e4ume Wien\" \/>\n<meta property=\"og:description\" content=\"Day 2 of the symposium will include an excursion to current temporary use projects in Vienna and a panel discussion on &lt;Opportunity spaces for Vienna &#8211; using vacant space creatively&gt; with a keynote speech by Angelika Psenner from the Vienna University of Technology. Please register here:\" \/>\n<meta property=\"og:url\" content=\"https:\/\/www.kreativeraeumewien.at\/en\/news-en\/registration-tag-2-i-symposium-circular-potentials\/\" \/>\n<meta property=\"og:site_name\" content=\"Kreative R\u00e4ume Wien\" \/>\n<meta property=\"article:publisher\" content=\"https:\/\/www.facebook.com\/kreativeraeumewien\" \/>\n<meta property=\"article:published_time\" content=\"2023-05-09T10:45:16+00:00\" \/>\n<meta property=\"article:modified_time\" content=\"2024-11-28T07:47:11+00:00\" \/>\n<meta name=\"author\" content=\"kreative\" \/>\n<meta name=\"twitter:card\" content=\"summary_large_image\" \/>\n<meta name=\"twitter:label1\" content=\"Written by\" \/>\n\t<meta name=\"twitter:data1\" content=\"kreative\" \/>\n<script type=\"application\/ld+json\" class=\"yoast-schema-graph\">{\"@context\":\"https:\\\/\\\/schema.org\",\"@graph\":[{\"@type\":\"Article\",\"@id\":\"https:\\\/\\\/www.kreativeraeumewien.at\\\/en\\\/news-en\\\/registration-tag-2-i-symposium-circular-potentials\\\/#article\",\"isPartOf\":{\"@id\":\"https:\\\/\\\/www.kreativeraeumewien.at\\\/en\\\/news-en\\\/registration-tag-2-i-symposium-circular-potentials\\\/\"},\"author\":{\"name\":\"kreative\",\"@id\":\"https:\\\/\\\/www.kreativeraeumewien.at\\\/en\\\/#\\\/schema\\\/person\\\/35b1cedbc652eb88fa4b3285cbde2537\"},\"headline\":\"Registration TAG 2 I Symposium Circular Potentials\",\"datePublished\":\"2023-05-09T10:45:16+00:00\",\"dateModified\":\"2024-11-28T07:47:11+00:00\",\"mainEntityOfPage\":{\"@id\":\"https:\\\/\\\/www.kreativeraeumewien.at\\\/en\\\/news-en\\\/registration-tag-2-i-symposium-circular-potentials\\\/\"},\"wordCount\":53,\"publisher\":{\"@id\":\"https:\\\/\\\/www.kreativeraeumewien.at\\\/en\\\/#organization\"},\"keywords\":[\"KRW\",\"symposium\"],\"articleSection\":[\"News\"],\"inLanguage\":\"en-US\"},{\"@type\":\"WebPage\",\"@id\":\"https:\\\/\\\/www.kreativeraeumewien.at\\\/en\\\/news-en\\\/registration-tag-2-i-symposium-circular-potentials\\\/\",\"url\":\"https:\\\/\\\/www.kreativeraeumewien.at\\\/en\\\/news-en\\\/registration-tag-2-i-symposium-circular-potentials\\\/\",\"name\":\"Registration TAG 2 I Symposium Circular Potentials - Kreative R\u00e4ume Wien\",\"isPartOf\":{\"@id\":\"https:\\\/\\\/www.kreativeraeumewien.at\\\/en\\\/#website\"},\"datePublished\":\"2023-05-09T10:45:16+00:00\",\"dateModified\":\"2024-11-28T07:47:11+00:00\",\"breadcrumb\":{\"@id\":\"https:\\\/\\\/www.kreativeraeumewien.at\\\/en\\\/news-en\\\/registration-tag-2-i-symposium-circular-potentials\\\/#breadcrumb\"},\"inLanguage\":\"en-US\",\"potentialAction\":[{\"@type\":\"ReadAction\",\"target\":[\"https:\\\/\\\/www.kreativeraeumewien.at\\\/en\\\/news-en\\\/registration-tag-2-i-symposium-circular-potentials\\\/\"]}]},{\"@type\":\"BreadcrumbList\",\"@id\":\"https:\\\/\\\/www.kreativeraeumewien.at\\\/en\\\/news-en\\\/registration-tag-2-i-symposium-circular-potentials\\\/#breadcrumb\",\"itemListElement\":[{\"@type\":\"ListItem\",\"position\":1,\"name\":\"Startseite\",\"item\":\"https:\\\/\\\/www.kreativeraeumewien.at\\\/en\\\/\"},{\"@type\":\"ListItem\",\"position\":2,\"name\":\"Registration TAG 2 I Symposium Circular Potentials\"}]},{\"@type\":\"WebSite\",\"@id\":\"https:\\\/\\\/www.kreativeraeumewien.at\\\/en\\\/#website\",\"url\":\"https:\\\/\\\/www.kreativeraeumewien.at\\\/en\\\/\",\"name\":\"Kreative R\u00e4ume Wien\",\"description\":\"Service fu\u0308r Leerstandsaktivierung und Zwischennutzung f\u00fcr die Stadt Wien\",\"publisher\":{\"@id\":\"https:\\\/\\\/www.kreativeraeumewien.at\\\/en\\\/#organization\"},\"potentialAction\":[{\"@type\":\"SearchAction\",\"target\":{\"@type\":\"EntryPoint\",\"urlTemplate\":\"https:\\\/\\\/www.kreativeraeumewien.at\\\/en\\\/?s={search_term_string}\"},\"query-input\":{\"@type\":\"PropertyValueSpecification\",\"valueRequired\":true,\"valueName\":\"search_term_string\"}}],\"inLanguage\":\"en-US\"},{\"@type\":\"Organization\",\"@id\":\"https:\\\/\\\/www.kreativeraeumewien.at\\\/en\\\/#organization\",\"name\":\"Kreative R\u00e4ume Wien\",\"url\":\"https:\\\/\\\/www.kreativeraeumewien.at\\\/en\\\/\",\"logo\":{\"@type\":\"ImageObject\",\"inLanguage\":\"en-US\",\"@id\":\"https:\\\/\\\/www.kreativeraeumewien.at\\\/en\\\/#\\\/schema\\\/logo\\\/image\\\/\",\"url\":\"https:\\\/\\\/www.kreativeraeumewien.at\\\/wp-content\\\/uploads\\\/2021\\\/12\\\/KRW-LOGO.png\",\"contentUrl\":\"https:\\\/\\\/www.kreativeraeumewien.at\\\/wp-content\\\/uploads\\\/2021\\\/12\\\/KRW-LOGO.png\",\"width\":567,\"height\":567,\"caption\":\"Kreative R\u00e4ume Wien\"},\"image\":{\"@id\":\"https:\\\/\\\/www.kreativeraeumewien.at\\\/en\\\/#\\\/schema\\\/logo\\\/image\\\/\"},\"sameAs\":[\"https:\\\/\\\/www.facebook.com\\\/kreativeraeumewien\",\"https:\\\/\\\/www.instagram.com\\\/kreativeraeume\",\"https:\\\/\\\/www.linkedin.com\\\/company\\\/71490261\\\/\"]},{\"@type\":\"Person\",\"@id\":\"https:\\\/\\\/www.kreativeraeumewien.at\\\/en\\\/#\\\/schema\\\/person\\\/35b1cedbc652eb88fa4b3285cbde2537\",\"name\":\"kreative\",\"image\":{\"@type\":\"ImageObject\",\"inLanguage\":\"en-US\",\"@id\":\"https:\\\/\\\/secure.gravatar.com\\\/avatar\\\/88784b22c5c172056132cc44a3194213a0f02167beb0a9b64ff49b84e648f072?s=96&d=mm&r=g\",\"url\":\"https:\\\/\\\/secure.gravatar.com\\\/avatar\\\/88784b22c5c172056132cc44a3194213a0f02167beb0a9b64ff49b84e648f072?s=96&d=mm&r=g\",\"contentUrl\":\"https:\\\/\\\/secure.gravatar.com\\\/avatar\\\/88784b22c5c172056132cc44a3194213a0f02167beb0a9b64ff49b84e648f072?s=96&d=mm&r=g\",\"caption\":\"kreative\"},\"url\":\"https:\\\/\\\/www.kreativeraeumewien.at\\\/en\\\/author\\\/admin\\\/\"}]}<\/script>\n<!-- \/ Yoast SEO plugin. -->","yoast_head_json":{"title":"Registration TAG 2 I Symposium Circular Potentials - Kreative R\u00e4ume Wien","robots":{"index":"index","follow":"follow","max-snippet":"max-snippet:-1","max-image-preview":"max-image-preview:large","max-video-preview":"max-video-preview:-1"},"canonical":"https:\/\/www.kreativeraeumewien.at\/en\/news-en\/registration-tag-2-i-symposium-circular-potentials\/","og_locale":"en_US","og_type":"article","og_title":"Registration TAG 2 I Symposium Circular Potentials - Kreative R\u00e4ume Wien","og_description":"Day 2 of the symposium will include an excursion to current temporary use projects in Vienna and a panel discussion on &lt;Opportunity spaces for Vienna &#8211; using vacant space creatively&gt; with a keynote speech by Angelika Psenner from the Vienna University of Technology. Please register here:","og_url":"https:\/\/www.kreativeraeumewien.at\/en\/news-en\/registration-tag-2-i-symposium-circular-potentials\/","og_site_name":"Kreative R\u00e4ume Wien","article_publisher":"https:\/\/www.facebook.com\/kreativeraeumewien","article_published_time":"2023-05-09T10:45:16+00:00","article_modified_time":"2024-11-28T07:47:11+00:00","author":"kreative","twitter_card":"summary_large_image","twitter_misc":{"Written by":"kreative"},"schema":{"@context":"https:\/\/schema.org","@graph":[{"@type":"Article","@id":"https:\/\/www.kreativeraeumewien.at\/en\/news-en\/registration-tag-2-i-symposium-circular-potentials\/#article","isPartOf":{"@id":"https:\/\/www.kreativeraeumewien.at\/en\/news-en\/registration-tag-2-i-symposium-circular-potentials\/"},"author":{"name":"kreative","@id":"https:\/\/www.kreativeraeumewien.at\/en\/#\/schema\/person\/35b1cedbc652eb88fa4b3285cbde2537"},"headline":"Registration TAG 2 I Symposium Circular Potentials","datePublished":"2023-05-09T10:45:16+00:00","dateModified":"2024-11-28T07:47:11+00:00","mainEntityOfPage":{"@id":"https:\/\/www.kreativeraeumewien.at\/en\/news-en\/registration-tag-2-i-symposium-circular-potentials\/"},"wordCount":53,"publisher":{"@id":"https:\/\/www.kreativeraeumewien.at\/en\/#organization"},"keywords":["KRW","symposium"],"articleSection":["News"],"inLanguage":"en-US"},{"@type":"WebPage","@id":"https:\/\/www.kreativeraeumewien.at\/en\/news-en\/registration-tag-2-i-symposium-circular-potentials\/","url":"https:\/\/www.kreativeraeumewien.at\/en\/news-en\/registration-tag-2-i-symposium-circular-potentials\/","name":"Registration TAG 2 I Symposium Circular Potentials - Kreative R\u00e4ume Wien","isPartOf":{"@id":"https:\/\/www.kreativeraeumewien.at\/en\/#website"},"datePublished":"2023-05-09T10:45:16+00:00","dateModified":"2024-11-28T07:47:11+00:00","breadcrumb":{"@id":"https:\/\/www.kreativeraeumewien.at\/en\/news-en\/registration-tag-2-i-symposium-circular-potentials\/#breadcrumb"},"inLanguage":"en-US","potentialAction":[{"@type":"ReadAction","target":["https:\/\/www.kreativeraeumewien.at\/en\/news-en\/registration-tag-2-i-symposium-circular-potentials\/"]}]},{"@type":"BreadcrumbList","@id":"https:\/\/www.kreativeraeumewien.at\/en\/news-en\/registration-tag-2-i-symposium-circular-potentials\/#breadcrumb","itemListElement":[{"@type":"ListItem","position":1,"name":"Startseite","item":"https:\/\/www.kreativeraeumewien.at\/en\/"},{"@type":"ListItem","position":2,"name":"Registration TAG 2 I Symposium Circular Potentials"}]},{"@type":"WebSite","@id":"https:\/\/www.kreativeraeumewien.at\/en\/#website","url":"https:\/\/www.kreativeraeumewien.at\/en\/","name":"Kreative R\u00e4ume Wien","description":"Service fu\u0308r Leerstandsaktivierung und Zwischennutzung f\u00fcr die Stadt Wien","publisher":{"@id":"https:\/\/www.kreativeraeumewien.at\/en\/#organization"},"potentialAction":[{"@type":"SearchAction","target":{"@type":"EntryPoint","urlTemplate":"https:\/\/www.kreativeraeumewien.at\/en\/?s={search_term_string}"},"query-input":{"@type":"PropertyValueSpecification","valueRequired":true,"valueName":"search_term_string"}}],"inLanguage":"en-US"},{"@type":"Organization","@id":"https:\/\/www.kreativeraeumewien.at\/en\/#organization","name":"Kreative R\u00e4ume Wien","url":"https:\/\/www.kreativeraeumewien.at\/en\/","logo":{"@type":"ImageObject","inLanguage":"en-US","@id":"https:\/\/www.kreativeraeumewien.at\/en\/#\/schema\/logo\/image\/","url":"https:\/\/www.kreativeraeumewien.at\/wp-content\/uploads\/2021\/12\/KRW-LOGO.png","contentUrl":"https:\/\/www.kreativeraeumewien.at\/wp-content\/uploads\/2021\/12\/KRW-LOGO.png","width":567,"height":567,"caption":"Kreative R\u00e4ume Wien"},"image":{"@id":"https:\/\/www.kreativeraeumewien.at\/en\/#\/schema\/logo\/image\/"},"sameAs":["https:\/\/www.facebook.com\/kreativeraeumewien","https:\/\/www.instagram.com\/kreativeraeume","https:\/\/www.linkedin.com\/company\/71490261\/"]},{"@type":"Person","@id":"https:\/\/www.kreativeraeumewien.at\/en\/#\/schema\/person\/35b1cedbc652eb88fa4b3285cbde2537","name":"kreative","image":{"@type":"ImageObject","inLanguage":"en-US","@id":"https:\/\/secure.gravatar.com\/avatar\/88784b22c5c172056132cc44a3194213a0f02167beb0a9b64ff49b84e648f072?s=96&d=mm&r=g","url":"https:\/\/secure.gravatar.com\/avatar\/88784b22c5c172056132cc44a3194213a0f02167beb0a9b64ff49b84e648f072?s=96&d=mm&r=g","contentUrl":"https:\/\/secure.gravatar.com\/avatar\/88784b22c5c172056132cc44a3194213a0f02167beb0a9b64ff49b84e648f072?s=96&d=mm&r=g","caption":"kreative"},"url":"https:\/\/www.kreativeraeumewien.at\/en\/author\/admin\/"}]}},"_links":{"self":[{"href":"https:\/\/www.kreativeraeumewien.at\/en\/wp-json\/wp\/v2\/posts\/7449","targetHints":{"allow":["GET"]}}],"collection":[{"href":"https:\/\/www.kreativeraeumewien.at\/en\/wp-json\/wp\/v2\/posts"}],"about":[{"href":"https:\/\/www.kreativeraeumewien.at\/en\/wp-json\/wp\/v2\/types\/post"}],"author":[{"embeddable":true,"href":"https:\/\/www.kreativeraeumewien.at\/en\/wp-json\/wp\/v2\/users\/2"}],"replies":[{"embeddable":true,"href":"https:\/\/www.kreativeraeumewien.at\/en\/wp-json\/wp\/v2\/comments?post=7449"}],"version-history":[{"count":1,"href":"https:\/\/www.kreativeraeumewien.at\/en\/wp-json\/wp\/v2\/posts\/7449\/revisions"}],"predecessor-version":[{"id":7450,"href":"https:\/\/www.kreativeraeumewien.at\/en\/wp-json\/wp\/v2\/posts\/7449\/revisions\/7450"}],"wp:attachment":[{"href":"https:\/\/www.kreativeraeumewien.at\/en\/wp-json\/wp\/v2\/media?parent=7449"}],"wp:term":[{"taxonomy":"category","embeddable":true,"href":"https:\/\/www.kreativeraeumewien.at\/en\/wp-json\/wp\/v2\/categories?post=7449"},{"taxonomy":"post_tag","embeddable":true,"href":"https:\/\/www.kreativeraeumewien.at\/en\/wp-json\/wp\/v2\/tags?post=7449"}],"curies":[{"name":"wp","href":"https:\/\/api.w.org\/{rel}","templated":true}]}}