{"id":7581,"date":"2025-01-15T17:51:55","date_gmt":"2025-01-15T16:51:55","guid":{"rendered":"https:\/\/www.kreativeraeumewien.at\/?p=7581"},"modified":"2025-01-23T15:01:11","modified_gmt":"2025-01-23T14:01:11","slug":"ausstellung-leerstand-im-erdgeschoss","status":"publish","type":"post","link":"https:\/\/www.kreativeraeumewien.at\/en\/news-en\/ausstellung-leerstand-im-erdgeschoss\/","title":{"rendered":"Von Leer zu Mehr: TU Semesterprojekt-Ausstellung zu &#8216;Leerstand im Erdgeschoss&#8217; am 23.1.2025"},"content":{"rendered":"\n<p style=\"text-align: right;\">14.1.2025<\/p>\n<p>Hernals steht leer? Nicht ganz! Aber spaziert man durchs Gr\u00e4tzl, f\u00e4llt auf, dass viele Lokale im Erdgeschoss leer stehen. Diese Leerst\u00e4nde und ihre Potenziale wollen Studierende der TU Wien sichtbar machen und laden alle Interessierten ein, sich \u00fcber das Thema \u201eLeerstand im Erdgeschoss\u201c auszutauschen.<\/p>\n<p>In einer Ausstellung werden verschiedene quantitative und qualitative Erhebungsmethoden gezeigt, sowie ihre Produkte die \u00fcber das letzte Wintersemester entwickelt wurden. Extra f\u00fcr die Ausstellung wurde ein leerstehendes Erdgeschoss belebt und aktiviert.<\/p>\n<h3>Wann und wo?<\/h3>\n<p>Ausstellung &#8211; \u201eLeerstand im Erdgeschoss\u201c<br>Donnerstag, 23.01.2025 16:00-20:00 Uhr<br>Hernalser Hauptstra\u00dfe 58, 1170 Wien<\/p>\n\n\n\n<h3>Programm:<\/h3>\n<p>*** Schnitzeljagd &#8211; Leerst\u00e4nde im Gr\u00e4tzl *** Dokumentarfilm &#8211; Leerstand in Hernals *** Karte &#8211; Wo steht was leer? *** Infoposter &#8211; Spekulation in der Stadt *** Ideensammlung &#8211; Was w\u00e4re alles m\u00f6glich? ***Pflanzentauschb\u00f6rse ***Snacks &amp; Getr\u00e4nke<\/p>\n<p>Wer schon fr\u00fcher Zeit hat:Schnitzeljagd &#8211; Leerst\u00e4nde im Gr\u00e4tzl<br \/>Treffpunkt: 15:00 Brunnen am Elterleinplatz<\/p>\n<p>Die Studierenden \u201evon LEER zu MEHR\u201c, die Lehrenden Elias Grinzinger (Raum Region), Mara Haas (future.lab.tuwien ), Jonathan Fetka(MOVE) und Uli Fries (Kreative R\u00e4ume Wien) freuen sich auf alle Besucher:innen.<\/p>\n\n\n\n<figure class=\"wp-block-image size-full is-resized\"><img loading=\"lazy\" decoding=\"async\" width=\"602\" height=\"604\" src=\"https:\/\/www.kreativeraeumewien.at\/wp-content\/uploads\/2025\/01\/Leerstand-im-EG-.png\" alt=\"\" class=\"wp-image-7578\" style=\"width:322px;height:auto\" srcset=\"https:\/\/www.kreativeraeumewien.at\/wp-content\/uploads\/2025\/01\/Leerstand-im-EG-.png 602w, https:\/\/www.kreativeraeumewien.at\/wp-content\/uploads\/2025\/01\/Leerstand-im-EG--300x300.png 300w, https:\/\/www.kreativeraeumewien.at\/wp-content\/uploads\/2025\/01\/Leerstand-im-EG--150x150.png 150w\" sizes=\"auto, (max-width: 602px) 100vw, 602px\" \/><\/figure>\n","protected":false},"excerpt":{"rendered":"<p>14.1.2025 Hernals steht leer? Nicht ganz! Aber spaziert man durchs Gr\u00e4tzl, f\u00e4llt auf, dass viele Lokale im Erdgeschoss leer stehen. Diese Leerst\u00e4nde und ihre Potenziale wollen Studierende der TU Wien sichtbar machen und laden alle Interessierten ein, sich \u00fcber das Thema \u201eLeerstand im Erdgeschoss\u201c auszutauschen. In einer Ausstellung werden verschiedene quantitative und qualitative Erhebungsmethoden gezeigt, [&hellip;]<\/p>\n","protected":false},"author":2,"featured_media":7589,"comment_status":"closed","ping_status":"closed","sticky":false,"template":"","format":"standard","meta":{"_acf_changed":false,"_eb_attr":"","footnotes":""},"categories":[82],"tags":[439,296,122,440,441],"class_list":["post-7581","post","type-post","status-publish","format-standard","has-post-thumbnail","hentry","category-news-en","tag-erdgeschoss-en","tag-leerstand-en","tag-nutzungsmischung-en","tag-studierende-en","tag-technische-universitaet-en"],"acf":[],"yoast_head":"<!-- This site is optimized with the Yoast SEO plugin v27.3 - https:\/\/yoast.com\/product\/yoast-seo-wordpress\/ -->\n<title>Von Leer zu Mehr: TU Semesterprojekt-Ausstellung zu &#039;Leerstand im Erdgeschoss&#039; am 23.1.2025 - Kreative R\u00e4ume Wien<\/title>\n<meta name=\"description\" content=\"*** Schnitzeljagd - Leerst\u00e4nde im Gr\u00e4tzl *** Dokumentarfilm - Leerstand in Hernals *** Karte - Wo steht was leer? *** Infoposter - Spekulation in der Stadt *** Ideensammlung ***Pflanzentauschb\u00f6rse ***Snacks &amp; Getr\u00e4nke\" \/>\n<meta name=\"robots\" content=\"index, follow, max-snippet:-1, max-image-preview:large, max-video-preview:-1\" \/>\n<link rel=\"canonical\" href=\"https:\/\/www.kreativeraeumewien.at\/en\/news-en\/ausstellung-leerstand-im-erdgeschoss\/\" \/>\n<meta property=\"og:locale\" content=\"en_US\" \/>\n<meta property=\"og:type\" content=\"article\" \/>\n<meta property=\"og:title\" content=\"Von Leer zu Mehr: TU Semesterprojekt-Ausstellung zu &#039;Leerstand im Erdgeschoss&#039; am 23.1.2025 - Kreative R\u00e4ume Wien\" \/>\n<meta property=\"og:description\" content=\"*** Schnitzeljagd - Leerst\u00e4nde im Gr\u00e4tzl *** Dokumentarfilm - Leerstand in Hernals *** Karte - Wo steht was leer? *** Infoposter - Spekulation in der Stadt *** Ideensammlung ***Pflanzentauschb\u00f6rse ***Snacks &amp; Getr\u00e4nke\" \/>\n<meta property=\"og:url\" content=\"https:\/\/www.kreativeraeumewien.at\/en\/news-en\/ausstellung-leerstand-im-erdgeschoss\/\" \/>\n<meta property=\"og:site_name\" content=\"Kreative R\u00e4ume Wien\" \/>\n<meta property=\"article:publisher\" content=\"https:\/\/www.facebook.com\/kreativeraeumewien\" \/>\n<meta property=\"article:published_time\" content=\"2025-01-15T16:51:55+00:00\" \/>\n<meta property=\"article:modified_time\" content=\"2025-01-23T14:01:11+00:00\" \/>\n<meta property=\"og:image\" content=\"https:\/\/www.kreativeraeumewien.at\/wp-content\/uploads\/2025\/01\/Leerstand-in-Hernals_Foto-Luisa-Nagel-00001.jpg\" \/>\n\t<meta property=\"og:image:width\" content=\"1600\" \/>\n\t<meta property=\"og:image:height\" content=\"900\" \/>\n\t<meta property=\"og:image:type\" content=\"image\/jpeg\" \/>\n<meta name=\"author\" content=\"kreative\" \/>\n<meta name=\"twitter:card\" content=\"summary_large_image\" \/>\n<meta name=\"twitter:label1\" content=\"Written by\" \/>\n\t<meta name=\"twitter:data1\" content=\"kreative\" \/>\n\t<meta name=\"twitter:label2\" content=\"Est. reading time\" \/>\n\t<meta name=\"twitter:data2\" content=\"1 minute\" \/>\n<script type=\"application\/ld+json\" class=\"yoast-schema-graph\">{\"@context\":\"https:\\\/\\\/schema.org\",\"@graph\":[{\"@type\":\"Article\",\"@id\":\"https:\\\/\\\/www.kreativeraeumewien.at\\\/en\\\/news-en\\\/ausstellung-leerstand-im-erdgeschoss\\\/#article\",\"isPartOf\":{\"@id\":\"https:\\\/\\\/www.kreativeraeumewien.at\\\/en\\\/news-en\\\/ausstellung-leerstand-im-erdgeschoss\\\/\"},\"author\":{\"name\":\"kreative\",\"@id\":\"https:\\\/\\\/www.kreativeraeumewien.at\\\/en\\\/#\\\/schema\\\/person\\\/35b1cedbc652eb88fa4b3285cbde2537\"},\"headline\":\"Von Leer zu Mehr: TU Semesterprojekt-Ausstellung zu &#8216;Leerstand im Erdgeschoss&#8217; am 23.1.2025\",\"datePublished\":\"2025-01-15T16:51:55+00:00\",\"dateModified\":\"2025-01-23T14:01:11+00:00\",\"mainEntityOfPage\":{\"@id\":\"https:\\\/\\\/www.kreativeraeumewien.at\\\/en\\\/news-en\\\/ausstellung-leerstand-im-erdgeschoss\\\/\"},\"wordCount\":192,\"publisher\":{\"@id\":\"https:\\\/\\\/www.kreativeraeumewien.at\\\/en\\\/#organization\"},\"image\":{\"@id\":\"https:\\\/\\\/www.kreativeraeumewien.at\\\/en\\\/news-en\\\/ausstellung-leerstand-im-erdgeschoss\\\/#primaryimage\"},\"thumbnailUrl\":\"https:\\\/\\\/www.kreativeraeumewien.at\\\/wp-content\\\/uploads\\\/2025\\\/01\\\/Leerstand-in-Hernals_Foto-Luisa-Nagel-00001.jpg\",\"keywords\":[\"Erdgeschoss\",\"Leerstand\",\"Nutzungsmischung\",\"Studierende\",\"Technische Universit\u00e4t\"],\"articleSection\":[\"News\"],\"inLanguage\":\"en-US\"},{\"@type\":\"WebPage\",\"@id\":\"https:\\\/\\\/www.kreativeraeumewien.at\\\/en\\\/news-en\\\/ausstellung-leerstand-im-erdgeschoss\\\/\",\"url\":\"https:\\\/\\\/www.kreativeraeumewien.at\\\/en\\\/news-en\\\/ausstellung-leerstand-im-erdgeschoss\\\/\",\"name\":\"Von Leer zu Mehr: TU Semesterprojekt-Ausstellung zu 'Leerstand im Erdgeschoss' am 23.1.2025 - Kreative R\u00e4ume Wien\",\"isPartOf\":{\"@id\":\"https:\\\/\\\/www.kreativeraeumewien.at\\\/en\\\/#website\"},\"primaryImageOfPage\":{\"@id\":\"https:\\\/\\\/www.kreativeraeumewien.at\\\/en\\\/news-en\\\/ausstellung-leerstand-im-erdgeschoss\\\/#primaryimage\"},\"image\":{\"@id\":\"https:\\\/\\\/www.kreativeraeumewien.at\\\/en\\\/news-en\\\/ausstellung-leerstand-im-erdgeschoss\\\/#primaryimage\"},\"thumbnailUrl\":\"https:\\\/\\\/www.kreativeraeumewien.at\\\/wp-content\\\/uploads\\\/2025\\\/01\\\/Leerstand-in-Hernals_Foto-Luisa-Nagel-00001.jpg\",\"datePublished\":\"2025-01-15T16:51:55+00:00\",\"dateModified\":\"2025-01-23T14:01:11+00:00\",\"description\":\"*** Schnitzeljagd - Leerst\u00e4nde im Gr\u00e4tzl *** Dokumentarfilm - Leerstand in Hernals *** Karte - Wo steht was leer? *** Infoposter - Spekulation in der Stadt *** Ideensammlung ***Pflanzentauschb\u00f6rse ***Snacks & Getr\u00e4nke\",\"breadcrumb\":{\"@id\":\"https:\\\/\\\/www.kreativeraeumewien.at\\\/en\\\/news-en\\\/ausstellung-leerstand-im-erdgeschoss\\\/#breadcrumb\"},\"inLanguage\":\"en-US\",\"potentialAction\":[{\"@type\":\"ReadAction\",\"target\":[\"https:\\\/\\\/www.kreativeraeumewien.at\\\/en\\\/news-en\\\/ausstellung-leerstand-im-erdgeschoss\\\/\"]}]},{\"@type\":\"ImageObject\",\"inLanguage\":\"en-US\",\"@id\":\"https:\\\/\\\/www.kreativeraeumewien.at\\\/en\\\/news-en\\\/ausstellung-leerstand-im-erdgeschoss\\\/#primaryimage\",\"url\":\"https:\\\/\\\/www.kreativeraeumewien.at\\\/wp-content\\\/uploads\\\/2025\\\/01\\\/Leerstand-in-Hernals_Foto-Luisa-Nagel-00001.jpg\",\"contentUrl\":\"https:\\\/\\\/www.kreativeraeumewien.at\\\/wp-content\\\/uploads\\\/2025\\\/01\\\/Leerstand-in-Hernals_Foto-Luisa-Nagel-00001.jpg\",\"width\":1600,\"height\":900},{\"@type\":\"BreadcrumbList\",\"@id\":\"https:\\\/\\\/www.kreativeraeumewien.at\\\/en\\\/news-en\\\/ausstellung-leerstand-im-erdgeschoss\\\/#breadcrumb\",\"itemListElement\":[{\"@type\":\"ListItem\",\"position\":1,\"name\":\"Startseite\",\"item\":\"https:\\\/\\\/www.kreativeraeumewien.at\\\/en\\\/\"},{\"@type\":\"ListItem\",\"position\":2,\"name\":\"Von Leer zu Mehr: TU Semesterprojekt-Ausstellung zu &#8218;Leerstand im Erdgeschoss&#8216; am 23.1.2025\"}]},{\"@type\":\"WebSite\",\"@id\":\"https:\\\/\\\/www.kreativeraeumewien.at\\\/en\\\/#website\",\"url\":\"https:\\\/\\\/www.kreativeraeumewien.at\\\/en\\\/\",\"name\":\"Kreative R\u00e4ume Wien\",\"description\":\"Service fu\u0308r Leerstandsaktivierung und Zwischennutzung f\u00fcr die Stadt Wien\",\"publisher\":{\"@id\":\"https:\\\/\\\/www.kreativeraeumewien.at\\\/en\\\/#organization\"},\"potentialAction\":[{\"@type\":\"SearchAction\",\"target\":{\"@type\":\"EntryPoint\",\"urlTemplate\":\"https:\\\/\\\/www.kreativeraeumewien.at\\\/en\\\/?s={search_term_string}\"},\"query-input\":{\"@type\":\"PropertyValueSpecification\",\"valueRequired\":true,\"valueName\":\"search_term_string\"}}],\"inLanguage\":\"en-US\"},{\"@type\":\"Organization\",\"@id\":\"https:\\\/\\\/www.kreativeraeumewien.at\\\/en\\\/#organization\",\"name\":\"Kreative R\u00e4ume Wien\",\"url\":\"https:\\\/\\\/www.kreativeraeumewien.at\\\/en\\\/\",\"logo\":{\"@type\":\"ImageObject\",\"inLanguage\":\"en-US\",\"@id\":\"https:\\\/\\\/www.kreativeraeumewien.at\\\/en\\\/#\\\/schema\\\/logo\\\/image\\\/\",\"url\":\"https:\\\/\\\/www.kreativeraeumewien.at\\\/wp-content\\\/uploads\\\/2021\\\/12\\\/KRW-LOGO.png\",\"contentUrl\":\"https:\\\/\\\/www.kreativeraeumewien.at\\\/wp-content\\\/uploads\\\/2021\\\/12\\\/KRW-LOGO.png\",\"width\":567,\"height\":567,\"caption\":\"Kreative R\u00e4ume Wien\"},\"image\":{\"@id\":\"https:\\\/\\\/www.kreativeraeumewien.at\\\/en\\\/#\\\/schema\\\/logo\\\/image\\\/\"},\"sameAs\":[\"https:\\\/\\\/www.facebook.com\\\/kreativeraeumewien\",\"https:\\\/\\\/www.instagram.com\\\/kreativeraeume\",\"https:\\\/\\\/www.linkedin.com\\\/company\\\/71490261\\\/\"]},{\"@type\":\"Person\",\"@id\":\"https:\\\/\\\/www.kreativeraeumewien.at\\\/en\\\/#\\\/schema\\\/person\\\/35b1cedbc652eb88fa4b3285cbde2537\",\"name\":\"kreative\",\"image\":{\"@type\":\"ImageObject\",\"inLanguage\":\"en-US\",\"@id\":\"https:\\\/\\\/secure.gravatar.com\\\/avatar\\\/88784b22c5c172056132cc44a3194213a0f02167beb0a9b64ff49b84e648f072?s=96&d=mm&r=g\",\"url\":\"https:\\\/\\\/secure.gravatar.com\\\/avatar\\\/88784b22c5c172056132cc44a3194213a0f02167beb0a9b64ff49b84e648f072?s=96&d=mm&r=g\",\"contentUrl\":\"https:\\\/\\\/secure.gravatar.com\\\/avatar\\\/88784b22c5c172056132cc44a3194213a0f02167beb0a9b64ff49b84e648f072?s=96&d=mm&r=g\",\"caption\":\"kreative\"},\"url\":\"https:\\\/\\\/www.kreativeraeumewien.at\\\/en\\\/author\\\/admin\\\/\"}]}<\/script>\n<!-- \/ Yoast SEO plugin. -->","yoast_head_json":{"title":"Von Leer zu Mehr: TU Semesterprojekt-Ausstellung zu 'Leerstand im Erdgeschoss' am 23.1.2025 - Kreative R\u00e4ume Wien","description":"*** Schnitzeljagd - Leerst\u00e4nde im Gr\u00e4tzl *** Dokumentarfilm - Leerstand in Hernals *** Karte - Wo steht was leer? *** Infoposter - Spekulation in der Stadt *** Ideensammlung ***Pflanzentauschb\u00f6rse ***Snacks & Getr\u00e4nke","robots":{"index":"index","follow":"follow","max-snippet":"max-snippet:-1","max-image-preview":"max-image-preview:large","max-video-preview":"max-video-preview:-1"},"canonical":"https:\/\/www.kreativeraeumewien.at\/en\/news-en\/ausstellung-leerstand-im-erdgeschoss\/","og_locale":"en_US","og_type":"article","og_title":"Von Leer zu Mehr: TU Semesterprojekt-Ausstellung zu 'Leerstand im Erdgeschoss' am 23.1.2025 - Kreative R\u00e4ume Wien","og_description":"*** Schnitzeljagd - Leerst\u00e4nde im Gr\u00e4tzl *** Dokumentarfilm - Leerstand in Hernals *** Karte - Wo steht was leer? *** Infoposter - Spekulation in der Stadt *** Ideensammlung ***Pflanzentauschb\u00f6rse ***Snacks & Getr\u00e4nke","og_url":"https:\/\/www.kreativeraeumewien.at\/en\/news-en\/ausstellung-leerstand-im-erdgeschoss\/","og_site_name":"Kreative R\u00e4ume Wien","article_publisher":"https:\/\/www.facebook.com\/kreativeraeumewien","article_published_time":"2025-01-15T16:51:55+00:00","article_modified_time":"2025-01-23T14:01:11+00:00","og_image":[{"width":1600,"height":900,"url":"https:\/\/www.kreativeraeumewien.at\/wp-content\/uploads\/2025\/01\/Leerstand-in-Hernals_Foto-Luisa-Nagel-00001.jpg","type":"image\/jpeg"}],"author":"kreative","twitter_card":"summary_large_image","twitter_misc":{"Written by":"kreative","Est. reading time":"1 minute"},"schema":{"@context":"https:\/\/schema.org","@graph":[{"@type":"Article","@id":"https:\/\/www.kreativeraeumewien.at\/en\/news-en\/ausstellung-leerstand-im-erdgeschoss\/#article","isPartOf":{"@id":"https:\/\/www.kreativeraeumewien.at\/en\/news-en\/ausstellung-leerstand-im-erdgeschoss\/"},"author":{"name":"kreative","@id":"https:\/\/www.kreativeraeumewien.at\/en\/#\/schema\/person\/35b1cedbc652eb88fa4b3285cbde2537"},"headline":"Von Leer zu Mehr: TU Semesterprojekt-Ausstellung zu &#8216;Leerstand im Erdgeschoss&#8217; am 23.1.2025","datePublished":"2025-01-15T16:51:55+00:00","dateModified":"2025-01-23T14:01:11+00:00","mainEntityOfPage":{"@id":"https:\/\/www.kreativeraeumewien.at\/en\/news-en\/ausstellung-leerstand-im-erdgeschoss\/"},"wordCount":192,"publisher":{"@id":"https:\/\/www.kreativeraeumewien.at\/en\/#organization"},"image":{"@id":"https:\/\/www.kreativeraeumewien.at\/en\/news-en\/ausstellung-leerstand-im-erdgeschoss\/#primaryimage"},"thumbnailUrl":"https:\/\/www.kreativeraeumewien.at\/wp-content\/uploads\/2025\/01\/Leerstand-in-Hernals_Foto-Luisa-Nagel-00001.jpg","keywords":["Erdgeschoss","Leerstand","Nutzungsmischung","Studierende","Technische Universit\u00e4t"],"articleSection":["News"],"inLanguage":"en-US"},{"@type":"WebPage","@id":"https:\/\/www.kreativeraeumewien.at\/en\/news-en\/ausstellung-leerstand-im-erdgeschoss\/","url":"https:\/\/www.kreativeraeumewien.at\/en\/news-en\/ausstellung-leerstand-im-erdgeschoss\/","name":"Von Leer zu Mehr: TU Semesterprojekt-Ausstellung zu 'Leerstand im Erdgeschoss' am 23.1.2025 - Kreative R\u00e4ume Wien","isPartOf":{"@id":"https:\/\/www.kreativeraeumewien.at\/en\/#website"},"primaryImageOfPage":{"@id":"https:\/\/www.kreativeraeumewien.at\/en\/news-en\/ausstellung-leerstand-im-erdgeschoss\/#primaryimage"},"image":{"@id":"https:\/\/www.kreativeraeumewien.at\/en\/news-en\/ausstellung-leerstand-im-erdgeschoss\/#primaryimage"},"thumbnailUrl":"https:\/\/www.kreativeraeumewien.at\/wp-content\/uploads\/2025\/01\/Leerstand-in-Hernals_Foto-Luisa-Nagel-00001.jpg","datePublished":"2025-01-15T16:51:55+00:00","dateModified":"2025-01-23T14:01:11+00:00","description":"*** Schnitzeljagd - Leerst\u00e4nde im Gr\u00e4tzl *** Dokumentarfilm - Leerstand in Hernals *** Karte - Wo steht was leer? *** Infoposter - Spekulation in der Stadt *** Ideensammlung ***Pflanzentauschb\u00f6rse ***Snacks & Getr\u00e4nke","breadcrumb":{"@id":"https:\/\/www.kreativeraeumewien.at\/en\/news-en\/ausstellung-leerstand-im-erdgeschoss\/#breadcrumb"},"inLanguage":"en-US","potentialAction":[{"@type":"ReadAction","target":["https:\/\/www.kreativeraeumewien.at\/en\/news-en\/ausstellung-leerstand-im-erdgeschoss\/"]}]},{"@type":"ImageObject","inLanguage":"en-US","@id":"https:\/\/www.kreativeraeumewien.at\/en\/news-en\/ausstellung-leerstand-im-erdgeschoss\/#primaryimage","url":"https:\/\/www.kreativeraeumewien.at\/wp-content\/uploads\/2025\/01\/Leerstand-in-Hernals_Foto-Luisa-Nagel-00001.jpg","contentUrl":"https:\/\/www.kreativeraeumewien.at\/wp-content\/uploads\/2025\/01\/Leerstand-in-Hernals_Foto-Luisa-Nagel-00001.jpg","width":1600,"height":900},{"@type":"BreadcrumbList","@id":"https:\/\/www.kreativeraeumewien.at\/en\/news-en\/ausstellung-leerstand-im-erdgeschoss\/#breadcrumb","itemListElement":[{"@type":"ListItem","position":1,"name":"Startseite","item":"https:\/\/www.kreativeraeumewien.at\/en\/"},{"@type":"ListItem","position":2,"name":"Von Leer zu Mehr: TU Semesterprojekt-Ausstellung zu &#8218;Leerstand im Erdgeschoss&#8216; am 23.1.2025"}]},{"@type":"WebSite","@id":"https:\/\/www.kreativeraeumewien.at\/en\/#website","url":"https:\/\/www.kreativeraeumewien.at\/en\/","name":"Kreative R\u00e4ume Wien","description":"Service fu\u0308r Leerstandsaktivierung und Zwischennutzung f\u00fcr die Stadt Wien","publisher":{"@id":"https:\/\/www.kreativeraeumewien.at\/en\/#organization"},"potentialAction":[{"@type":"SearchAction","target":{"@type":"EntryPoint","urlTemplate":"https:\/\/www.kreativeraeumewien.at\/en\/?s={search_term_string}"},"query-input":{"@type":"PropertyValueSpecification","valueRequired":true,"valueName":"search_term_string"}}],"inLanguage":"en-US"},{"@type":"Organization","@id":"https:\/\/www.kreativeraeumewien.at\/en\/#organization","name":"Kreative R\u00e4ume Wien","url":"https:\/\/www.kreativeraeumewien.at\/en\/","logo":{"@type":"ImageObject","inLanguage":"en-US","@id":"https:\/\/www.kreativeraeumewien.at\/en\/#\/schema\/logo\/image\/","url":"https:\/\/www.kreativeraeumewien.at\/wp-content\/uploads\/2021\/12\/KRW-LOGO.png","contentUrl":"https:\/\/www.kreativeraeumewien.at\/wp-content\/uploads\/2021\/12\/KRW-LOGO.png","width":567,"height":567,"caption":"Kreative R\u00e4ume Wien"},"image":{"@id":"https:\/\/www.kreativeraeumewien.at\/en\/#\/schema\/logo\/image\/"},"sameAs":["https:\/\/www.facebook.com\/kreativeraeumewien","https:\/\/www.instagram.com\/kreativeraeume","https:\/\/www.linkedin.com\/company\/71490261\/"]},{"@type":"Person","@id":"https:\/\/www.kreativeraeumewien.at\/en\/#\/schema\/person\/35b1cedbc652eb88fa4b3285cbde2537","name":"kreative","image":{"@type":"ImageObject","inLanguage":"en-US","@id":"https:\/\/secure.gravatar.com\/avatar\/88784b22c5c172056132cc44a3194213a0f02167beb0a9b64ff49b84e648f072?s=96&d=mm&r=g","url":"https:\/\/secure.gravatar.com\/avatar\/88784b22c5c172056132cc44a3194213a0f02167beb0a9b64ff49b84e648f072?s=96&d=mm&r=g","contentUrl":"https:\/\/secure.gravatar.com\/avatar\/88784b22c5c172056132cc44a3194213a0f02167beb0a9b64ff49b84e648f072?s=96&d=mm&r=g","caption":"kreative"},"url":"https:\/\/www.kreativeraeumewien.at\/en\/author\/admin\/"}]}},"_links":{"self":[{"href":"https:\/\/www.kreativeraeumewien.at\/en\/wp-json\/wp\/v2\/posts\/7581","targetHints":{"allow":["GET"]}}],"collection":[{"href":"https:\/\/www.kreativeraeumewien.at\/en\/wp-json\/wp\/v2\/posts"}],"about":[{"href":"https:\/\/www.kreativeraeumewien.at\/en\/wp-json\/wp\/v2\/types\/post"}],"author":[{"embeddable":true,"href":"https:\/\/www.kreativeraeumewien.at\/en\/wp-json\/wp\/v2\/users\/2"}],"replies":[{"embeddable":true,"href":"https:\/\/www.kreativeraeumewien.at\/en\/wp-json\/wp\/v2\/comments?post=7581"}],"version-history":[{"count":3,"href":"https:\/\/www.kreativeraeumewien.at\/en\/wp-json\/wp\/v2\/posts\/7581\/revisions"}],"predecessor-version":[{"id":7591,"href":"https:\/\/www.kreativeraeumewien.at\/en\/wp-json\/wp\/v2\/posts\/7581\/revisions\/7591"}],"wp:featuredmedia":[{"embeddable":true,"href":"https:\/\/www.kreativeraeumewien.at\/en\/wp-json\/wp\/v2\/media\/7589"}],"wp:attachment":[{"href":"https:\/\/www.kreativeraeumewien.at\/en\/wp-json\/wp\/v2\/media?parent=7581"}],"wp:term":[{"taxonomy":"category","embeddable":true,"href":"https:\/\/www.kreativeraeumewien.at\/en\/wp-json\/wp\/v2\/categories?post=7581"},{"taxonomy":"post_tag","embeddable":true,"href":"https:\/\/www.kreativeraeumewien.at\/en\/wp-json\/wp\/v2\/tags?post=7581"}],"curies":[{"name":"wp","href":"https:\/\/api.w.org\/{rel}","templated":true}]}}