{"id":9121,"date":"2025-07-02T16:38:37","date_gmt":"2025-07-02T14:38:37","guid":{"rendered":"https:\/\/www.kreativeraeumewien.at\/west-post\/"},"modified":"2025-07-09T13:54:59","modified_gmt":"2025-07-09T11:54:59","slug":"west-post","status":"publish","type":"post","link":"https:\/\/www.kreativeraeumewien.at\/en\/projects\/west-post\/","title":{"rendered":"WEST \/ POST"},"content":{"rendered":"\n<p>Vom G\u00fcrtel rund 1,5 Kilometer hinauf im 17. Bezirk kurz vor der Vorortelinie S45 landet man auf dem Vorplatz der ehemaligen Postakademie, angesiedelt auf dem Postsportplatz. Das Geb\u00e4ude in der Schumanngasse 101 wirkt wie aus der Zeit gefallen. Auf den ersten Blick erscheint das in den 1970er Jahren errichtete Ausbildungszentrum der Post leer, und doch verbirgt sich hinter der Fassade viel Raum zum kreativen Arbeiten und f\u00fcr ein Miteinander. Seit November 2024 bespielt das Raumunternehmen WEST zwei Etagen der fr\u00fcheren Postakademie.\u00a0\u00a0<\/p>\n<p>\u00a0<\/p>\n<h2>Das Geb\u00e4ude: Die ehem. Postakademie in Hernals\u00a0<\/h2>\n<p>Unweit der S-Bahn Station Gersthof, aber auch im direkten Umkreis von Stra\u00dfenbahnstationen der Linien 42, 43 und 9 liegt das Geb\u00e4ude in etwa mittig zwischen Manner Fabrik und T\u00fcrkenschanzpark. Sich abhebend von den umliegenden Wohnbauten, gliedern vergraute, grasgr\u00fcne Leisten die Fassade aus den 70ern. \u00dcber dem gebogenen, verglasten Eingangsvorbau mit dunkelgr\u00fcnem Dach, verweist noch eine Aufschrift mit dem Postlogo auf die ehemalige Nutzung als Postakademie. Die Post AG ist auch heute noch Eigent\u00fcmerin.\u00a0<\/p>\n<p>Auf dem Weg zum Stiegenhaus, um zu den Arbeits- und Veranstaltungsr\u00e4umen zu gelangen, empf\u00e4ngt eine gro\u00dfe Eingangshalle die Besucher:innen der Zwischennutzung WEST \/ POST. Von der Halle aus kann man mal einen neugierigen Blick auf die alte, sehr ger\u00e4umige Turnhalle mit Trib\u00fcne erhaschen, in der auch heute noch von Vereinen gesportelt wird. Auch hier ist der Flair der 70er Jahre deutlich zu sp\u00fcren.<\/p>\n<p>Am Ende der von zahlreichen Dachfenstern mit Licht durchfluteten Halle angelangt, biegt man rechts ab &#8211; vorbei am Eingang des vom Verein <i>postsozial<\/i> betriebenen Ferienhaus, wo Mitarbeiter:innen der Post eine g\u00fcnstige Unterkunft finden, gelangt man zum Stiegenhaus, wo einen die roten Gel\u00e4nder hinauf in den ersten Stock leiten.\u00a0<\/p>\n<p>Auf rund 1000 Quadratmeter des vormals als Ausbildungszentrum der Post und Telegraphenverwaltung genutzten Geb\u00e4udes am Postsportplatz schafft das Raumunternehmen WEST, wie auch schon in der Zwischennutzung der alten WU leistbare Arbeitsr\u00e4umlichkeiten f\u00fcr Kreativschaffende auf Zeit.\u00a0<\/p>\n<p>\u00a0<\/p>\n<h2>Zwischennutzung: Ateliers, Studios, Filmproduktion<\/h2>\n<p>W\u00e4hrend im ersten Stock, vom Projektstart im Herbst 2024 eine Filmproduktion eingemietet war, ist seit dem Fr\u00fchjahr 2025 wieder Platz f\u00fcr Neues. Vor allem gr\u00f6\u00dfere zusammenh\u00e4ngende Projekte, die mehr Platz brauchen, k\u00f6nnen sich dort auf der ganzen Etage ausbreiten. \u00dcber den Sommer ist es jedoch auch m\u00f6glich, R\u00e4ume f\u00fcr einzelne Veranstaltungen, wie kleinere Ausstellungen, Workshops oder Pop-Ups, tageweise zu nutzen.<\/p>\n<p>Als Erg\u00e4nzung dazu bietet die Etage dar\u00fcber eine kleinteilige Nutzung mit Raum zum Arbeiten und Ideen entwickeln. Dabei kann gew\u00e4hlt werden zwischen Ateliers oder Shared Studios: mit den Shared Studios soll Raum f\u00fcr eine kreative Community geschaffen werden, die gemeinsam gro\u00dfe Seminarr\u00e4ume nutzen. Diese wurden in kleinere individuell gestaltbare Arbeitsbereiche (8-10-12m2) unterteilt \u2013 mit Bodenmarkierungen, Regalen und anderen Gestaltungselementen. So entstehen pers\u00f6nliche Arbeitspl\u00e4tze in einem gemeinschaftlich genutzten Umfeld. Zudem k\u00f6nnen alle R\u00e4ume durch Vorh\u00e4nge oder Jalousien verdunkelt werden.\u00a0<\/p>\n<p>Ob im Atelier oder doch lieber in den Shared Studios, der gro\u00dfz\u00fcgige Gangbereich und die Gemeinschaftsk\u00fcche bieten Raum f\u00fcr Community und Austausch. Die K\u00fcche sowie die Toiletten k\u00f6nnen von allen Mieter:innen des Stockwerkes genutzt werden. Au\u00dferdem befinden sich in einigen R\u00e4umen Whiteboard, Tafeln und Waschbecken. Auf Anfrage k\u00f6nnen auch Tische zur Verf\u00fcgung gestellt werden.<\/p>\n<p>\u00a0<\/p>\n<h2>WEST: Vom Sophienspital, \u00fcber die alte WU, bis zum Museumsquartier und Postakademie<\/h2>\n<p>Koordiniert wird das Projekt von den Betreiber:innen der Zwischennutzung WEST. Das <a href=\"https:\/\/www.west-space.at\/\" target=\"_blank\" rel=\"noopener\">WEST<\/a> ist die Marke der Music Box Betriebs GmbH f\u00fcr Zwischennutzungsprojekte in Wien. Gemeinsam mit Kunst und Kulturarbeiter:innen werden mehrere Standorte von nicht genutztem Raum zu Zentren der Kreativit\u00e4t, Kultur und Urbanit\u00e4t. Bespielt wurde in der Vergangenheit bereits das <a href=\"https:\/\/www.kreativeraeumewien.at\/en\/projects\/west\/\" target=\"_blank\" rel=\"noopener\">ehem. Sophienspital (Europa Pavillon)<\/a> &#8211; von Herbst 2019 bis September 2021 &#8211; sowie die aktuell laufenden Projekte in der <a href=\"https:\/\/www.kreativeraeumewien.at\/en\/projects\/west-space-alte-wu\/\" target=\"_blank\" rel=\"noopener\">alten WU<\/a> oder im Museumsquartier.\u00a0\u00a0<\/p>\n<p>Kreative R\u00e4ume Wien steht dem Projekt unterst\u00fctzend zur Seite. Das betrifft insbesondere die Vernetzung mit Nutzer:innen und anderen Kooperationspartner:innen.<\/p>\n<p>\u00a0<\/p>\n<h2>Postsportplatz Hernals: Vom Ziegelwerk zum kreativen Arbeitsraum<\/h2>\n<p>Das gesamte Postsportareal ist weit gr\u00f6\u00dfer als die von WEST tempor\u00e4r verwalteten R\u00e4umlichkeiten. Rund um die ehem. Postakademie erstreckt sich ein Gel\u00e4nde von rund 160.000 Quadratmeter &#8211; das entspricht etwa der Gr\u00f6\u00dfe des Belvedere Schlossgartens &#8211; mit verschiedensten Sportanlagen f\u00fcr \u201cBreitensport\u201d von Fu\u00dfball, \u00fcber Tennis und Volleyball bis hin zu Minigolf und Bowling. Ende der 1930er Jahre \u00fcbernahm der Postsportverein die Lehrersportanlage in Hernals, die auf dem Gel\u00e4nde der Hernalser Ziegelwerke angesiedelt war, und pachtet das Areal knapp 100 Jahre lang bis heute.<\/p>\n<p>F\u00fcr die weitere Nutzung plant die Post AG eine Ausschreibung zu Jahresbeginn 2027, um eine:n Betreiber:in f\u00fcr die nahe Zukunft des Areals zu finden. \u00dcberlegungen aus der Vergangenheit, in gro\u00dfen Teilen des Areals <a href=\"https:\/\/www.wien.gv.at\/stadtplanung\/postsportareal\" target=\"_blank\" rel=\"noopener\">zuk\u00fcnftig Wohnbau zu errichten<\/a>, wurden laut <a href=\"https:\/\/wien.orf.at\/stories\/3311717\/\" target=\"_blank\" rel=\"noopener\">ORF<\/a> 2023 zuletzt wieder verworfen. Die Fl\u00e4che soll auch k\u00fcnftig dem Sport gewidmet sein. Was konkret aus Geb\u00e4uden wie der ehem. Postakademie passiert, ist noch nicht \u00f6ffentlich bekannt. Geplant ist, dass Neubau nur auf den bereits versiegelten Fl\u00e4chen entstehen soll. Um alle Interessengruppen mit einzubeziehen, ist f\u00fcr den Sommer 2025 ein runder Tisch geplant.<\/p>\n<p>In den Arbeitsr\u00e4umlichkeiten k\u00f6nnen voraussichtlich zwei Jahre lang eigene Ideen entwickelt und Projekte umgesetzt werden. Ob als Einzelperson im 9-Quadratmeter-Atelier oder als Kollektiv auf 104 Quadratmetern \u2013 WEST stellt flexibel nutzbare R\u00e4ume zur Verf\u00fcgung: von Shared Studios \u00fcber Einzelateliers bis hin zu zusammenh\u00e4ngenden Fl\u00e4chen f\u00fcr Filmproduktionen. Bis voraussichtlich Herbst 2027 werden die R\u00e4ume in der ehemaligen Postakademie noch zwischengenutzt.\u00a0<\/p>\n<p>Mehr Informationen zu den R\u00e4umlichkeiten unter <a href=\"https:\/\/www.west-space.at\/westpost\" target=\"_blank\" rel=\"noopener\">www.west-space.at<\/a>.<\/p>\n<p>\u00a0<\/p>\n","protected":false},"excerpt":{"rendered":"<p>Vom G\u00fcrtel rund 1,5 Kilometer hinauf im 17. Bezirk kurz vor der Vorortelinie S45 landet man auf dem Vorplatz der ehemaligen Postakademie, angesiedelt auf dem Postsportplatz. Das Geb\u00e4ude in der Schumanngasse 101 wirkt wie aus der Zeit gefallen. Auf den ersten Blick erscheint das in den 1970er Jahren errichtete Ausbildungszentrum der Post leer, und doch [&hellip;]<\/p>\n","protected":false},"author":2,"featured_media":9112,"comment_status":"closed","ping_status":"closed","sticky":false,"template":"projekt_detail.php","format":"standard","meta":{"_acf_changed":false,"_eb_attr":"","footnotes":""},"categories":[81],"tags":[89,446,251,105],"class_list":["post-9121","post","type-post","status-publish","format-standard","has-post-thumbnail","hentry","category-projects","tag-krw-en","tag-post-en","tag-west-space-2-en","tag-zwischennutzung-en"],"acf":[],"yoast_head":"<!-- This site is optimized with the Yoast SEO plugin v27.3 - https:\/\/yoast.com\/product\/yoast-seo-wordpress\/ -->\n<title>WEST \/ POST - Kreative R\u00e4ume Wien<\/title>\n<meta name=\"description\" content=\"Seit Herbst 2024 bespielt das Raumunternehmen WEST zwei Etagen der ehem. Postakademie. Die R\u00e4ume bieten Platz f\u00fcr vielf\u00e4ltige Nutzungen.\" \/>\n<meta name=\"robots\" content=\"index, follow, max-snippet:-1, max-image-preview:large, max-video-preview:-1\" \/>\n<link rel=\"canonical\" href=\"https:\/\/www.kreativeraeumewien.at\/en\/projects\/west-post\/\" \/>\n<meta property=\"og:locale\" content=\"en_US\" \/>\n<meta property=\"og:type\" content=\"article\" \/>\n<meta property=\"og:title\" content=\"WEST \/ POST - Kreative R\u00e4ume Wien\" \/>\n<meta property=\"og:description\" content=\"Seit Herbst 2024 bespielt das Raumunternehmen WEST zwei Etagen der ehem. Postakademie. Die R\u00e4ume bieten Platz f\u00fcr vielf\u00e4ltige Nutzungen.\" \/>\n<meta property=\"og:url\" content=\"https:\/\/www.kreativeraeumewien.at\/en\/projects\/west-post\/\" \/>\n<meta property=\"og:site_name\" content=\"Kreative R\u00e4ume Wien\" \/>\n<meta property=\"article:publisher\" content=\"https:\/\/www.facebook.com\/kreativeraeumewien\" \/>\n<meta property=\"article:published_time\" content=\"2025-07-02T14:38:37+00:00\" \/>\n<meta property=\"article:modified_time\" content=\"2025-07-09T11:54:59+00:00\" \/>\n<meta property=\"og:image\" content=\"https:\/\/www.kreativeraeumewien.at\/wp-content\/uploads\/2025\/07\/TITEL_POST-aussen_Antonia-Gottwald.png\" \/>\n\t<meta property=\"og:image:width\" content=\"1200\" \/>\n\t<meta property=\"og:image:height\" content=\"772\" \/>\n\t<meta property=\"og:image:type\" content=\"image\/png\" \/>\n<meta name=\"author\" content=\"kreative\" \/>\n<meta name=\"twitter:card\" content=\"summary_large_image\" \/>\n<meta name=\"twitter:label1\" content=\"Written by\" \/>\n\t<meta name=\"twitter:data1\" content=\"kreative\" \/>\n\t<meta name=\"twitter:label2\" content=\"Est. reading time\" \/>\n\t<meta name=\"twitter:data2\" content=\"5 minutes\" \/>\n<script type=\"application\/ld+json\" class=\"yoast-schema-graph\">{\"@context\":\"https:\\\/\\\/schema.org\",\"@graph\":[{\"@type\":\"Article\",\"@id\":\"https:\\\/\\\/www.kreativeraeumewien.at\\\/en\\\/projects\\\/west-post\\\/#article\",\"isPartOf\":{\"@id\":\"https:\\\/\\\/www.kreativeraeumewien.at\\\/en\\\/projects\\\/west-post\\\/\"},\"author\":{\"name\":\"kreative\",\"@id\":\"https:\\\/\\\/www.kreativeraeumewien.at\\\/en\\\/#\\\/schema\\\/person\\\/35b1cedbc652eb88fa4b3285cbde2537\"},\"headline\":\"WEST \\\/ POST\",\"datePublished\":\"2025-07-02T14:38:37+00:00\",\"dateModified\":\"2025-07-09T11:54:59+00:00\",\"mainEntityOfPage\":{\"@id\":\"https:\\\/\\\/www.kreativeraeumewien.at\\\/en\\\/projects\\\/west-post\\\/\"},\"wordCount\":933,\"publisher\":{\"@id\":\"https:\\\/\\\/www.kreativeraeumewien.at\\\/en\\\/#organization\"},\"image\":{\"@id\":\"https:\\\/\\\/www.kreativeraeumewien.at\\\/en\\\/projects\\\/west-post\\\/#primaryimage\"},\"thumbnailUrl\":\"https:\\\/\\\/www.kreativeraeumewien.at\\\/wp-content\\\/uploads\\\/2025\\\/07\\\/TITEL_POST-aussen_Antonia-Gottwald.png\",\"keywords\":[\"KRW\",\"Post\",\"West Space\",\"Zwischennutzung\"],\"articleSection\":[\"Projects\"],\"inLanguage\":\"en-US\"},{\"@type\":\"WebPage\",\"@id\":\"https:\\\/\\\/www.kreativeraeumewien.at\\\/en\\\/projects\\\/west-post\\\/\",\"url\":\"https:\\\/\\\/www.kreativeraeumewien.at\\\/en\\\/projects\\\/west-post\\\/\",\"name\":\"WEST \\\/ POST - Kreative R\u00e4ume Wien\",\"isPartOf\":{\"@id\":\"https:\\\/\\\/www.kreativeraeumewien.at\\\/en\\\/#website\"},\"primaryImageOfPage\":{\"@id\":\"https:\\\/\\\/www.kreativeraeumewien.at\\\/en\\\/projects\\\/west-post\\\/#primaryimage\"},\"image\":{\"@id\":\"https:\\\/\\\/www.kreativeraeumewien.at\\\/en\\\/projects\\\/west-post\\\/#primaryimage\"},\"thumbnailUrl\":\"https:\\\/\\\/www.kreativeraeumewien.at\\\/wp-content\\\/uploads\\\/2025\\\/07\\\/TITEL_POST-aussen_Antonia-Gottwald.png\",\"datePublished\":\"2025-07-02T14:38:37+00:00\",\"dateModified\":\"2025-07-09T11:54:59+00:00\",\"description\":\"Seit Herbst 2024 bespielt das Raumunternehmen WEST zwei Etagen der ehem. Postakademie. Die R\u00e4ume bieten Platz f\u00fcr vielf\u00e4ltige Nutzungen.\",\"breadcrumb\":{\"@id\":\"https:\\\/\\\/www.kreativeraeumewien.at\\\/en\\\/projects\\\/west-post\\\/#breadcrumb\"},\"inLanguage\":\"en-US\",\"potentialAction\":[{\"@type\":\"ReadAction\",\"target\":[\"https:\\\/\\\/www.kreativeraeumewien.at\\\/en\\\/projects\\\/west-post\\\/\"]}]},{\"@type\":\"ImageObject\",\"inLanguage\":\"en-US\",\"@id\":\"https:\\\/\\\/www.kreativeraeumewien.at\\\/en\\\/projects\\\/west-post\\\/#primaryimage\",\"url\":\"https:\\\/\\\/www.kreativeraeumewien.at\\\/wp-content\\\/uploads\\\/2025\\\/07\\\/TITEL_POST-aussen_Antonia-Gottwald.png\",\"contentUrl\":\"https:\\\/\\\/www.kreativeraeumewien.at\\\/wp-content\\\/uploads\\\/2025\\\/07\\\/TITEL_POST-aussen_Antonia-Gottwald.png\",\"width\":1200,\"height\":772,\"caption\":\"Seit November 2024 bespielt das Raumunternehmen WEST zwei Etagen der ehem. Postakademie FOTO: Antonia Gottwald\"},{\"@type\":\"BreadcrumbList\",\"@id\":\"https:\\\/\\\/www.kreativeraeumewien.at\\\/en\\\/projects\\\/west-post\\\/#breadcrumb\",\"itemListElement\":[{\"@type\":\"ListItem\",\"position\":1,\"name\":\"Startseite\",\"item\":\"https:\\\/\\\/www.kreativeraeumewien.at\\\/en\\\/\"},{\"@type\":\"ListItem\",\"position\":2,\"name\":\"WEST \\\/ POST\"}]},{\"@type\":\"WebSite\",\"@id\":\"https:\\\/\\\/www.kreativeraeumewien.at\\\/en\\\/#website\",\"url\":\"https:\\\/\\\/www.kreativeraeumewien.at\\\/en\\\/\",\"name\":\"Kreative R\u00e4ume Wien\",\"description\":\"Service fu\u0308r Leerstandsaktivierung und Zwischennutzung f\u00fcr die Stadt Wien\",\"publisher\":{\"@id\":\"https:\\\/\\\/www.kreativeraeumewien.at\\\/en\\\/#organization\"},\"potentialAction\":[{\"@type\":\"SearchAction\",\"target\":{\"@type\":\"EntryPoint\",\"urlTemplate\":\"https:\\\/\\\/www.kreativeraeumewien.at\\\/en\\\/?s={search_term_string}\"},\"query-input\":{\"@type\":\"PropertyValueSpecification\",\"valueRequired\":true,\"valueName\":\"search_term_string\"}}],\"inLanguage\":\"en-US\"},{\"@type\":\"Organization\",\"@id\":\"https:\\\/\\\/www.kreativeraeumewien.at\\\/en\\\/#organization\",\"name\":\"Kreative R\u00e4ume Wien\",\"url\":\"https:\\\/\\\/www.kreativeraeumewien.at\\\/en\\\/\",\"logo\":{\"@type\":\"ImageObject\",\"inLanguage\":\"en-US\",\"@id\":\"https:\\\/\\\/www.kreativeraeumewien.at\\\/en\\\/#\\\/schema\\\/logo\\\/image\\\/\",\"url\":\"https:\\\/\\\/www.kreativeraeumewien.at\\\/wp-content\\\/uploads\\\/2021\\\/12\\\/KRW-LOGO.png\",\"contentUrl\":\"https:\\\/\\\/www.kreativeraeumewien.at\\\/wp-content\\\/uploads\\\/2021\\\/12\\\/KRW-LOGO.png\",\"width\":567,\"height\":567,\"caption\":\"Kreative R\u00e4ume Wien\"},\"image\":{\"@id\":\"https:\\\/\\\/www.kreativeraeumewien.at\\\/en\\\/#\\\/schema\\\/logo\\\/image\\\/\"},\"sameAs\":[\"https:\\\/\\\/www.facebook.com\\\/kreativeraeumewien\",\"https:\\\/\\\/www.instagram.com\\\/kreativeraeume\",\"https:\\\/\\\/www.linkedin.com\\\/company\\\/71490261\\\/\"]},{\"@type\":\"Person\",\"@id\":\"https:\\\/\\\/www.kreativeraeumewien.at\\\/en\\\/#\\\/schema\\\/person\\\/35b1cedbc652eb88fa4b3285cbde2537\",\"name\":\"kreative\",\"image\":{\"@type\":\"ImageObject\",\"inLanguage\":\"en-US\",\"@id\":\"https:\\\/\\\/secure.gravatar.com\\\/avatar\\\/88784b22c5c172056132cc44a3194213a0f02167beb0a9b64ff49b84e648f072?s=96&d=mm&r=g\",\"url\":\"https:\\\/\\\/secure.gravatar.com\\\/avatar\\\/88784b22c5c172056132cc44a3194213a0f02167beb0a9b64ff49b84e648f072?s=96&d=mm&r=g\",\"contentUrl\":\"https:\\\/\\\/secure.gravatar.com\\\/avatar\\\/88784b22c5c172056132cc44a3194213a0f02167beb0a9b64ff49b84e648f072?s=96&d=mm&r=g\",\"caption\":\"kreative\"},\"url\":\"https:\\\/\\\/www.kreativeraeumewien.at\\\/en\\\/author\\\/admin\\\/\"}]}<\/script>\n<!-- \/ Yoast SEO plugin. -->","yoast_head_json":{"title":"WEST \/ POST - Kreative R\u00e4ume Wien","description":"Seit Herbst 2024 bespielt das Raumunternehmen WEST zwei Etagen der ehem. Postakademie. Die R\u00e4ume bieten Platz f\u00fcr vielf\u00e4ltige Nutzungen.","robots":{"index":"index","follow":"follow","max-snippet":"max-snippet:-1","max-image-preview":"max-image-preview:large","max-video-preview":"max-video-preview:-1"},"canonical":"https:\/\/www.kreativeraeumewien.at\/en\/projects\/west-post\/","og_locale":"en_US","og_type":"article","og_title":"WEST \/ POST - Kreative R\u00e4ume Wien","og_description":"Seit Herbst 2024 bespielt das Raumunternehmen WEST zwei Etagen der ehem. Postakademie. Die R\u00e4ume bieten Platz f\u00fcr vielf\u00e4ltige Nutzungen.","og_url":"https:\/\/www.kreativeraeumewien.at\/en\/projects\/west-post\/","og_site_name":"Kreative R\u00e4ume Wien","article_publisher":"https:\/\/www.facebook.com\/kreativeraeumewien","article_published_time":"2025-07-02T14:38:37+00:00","article_modified_time":"2025-07-09T11:54:59+00:00","og_image":[{"width":1200,"height":772,"url":"https:\/\/www.kreativeraeumewien.at\/wp-content\/uploads\/2025\/07\/TITEL_POST-aussen_Antonia-Gottwald.png","type":"image\/png"}],"author":"kreative","twitter_card":"summary_large_image","twitter_misc":{"Written by":"kreative","Est. reading time":"5 minutes"},"schema":{"@context":"https:\/\/schema.org","@graph":[{"@type":"Article","@id":"https:\/\/www.kreativeraeumewien.at\/en\/projects\/west-post\/#article","isPartOf":{"@id":"https:\/\/www.kreativeraeumewien.at\/en\/projects\/west-post\/"},"author":{"name":"kreative","@id":"https:\/\/www.kreativeraeumewien.at\/en\/#\/schema\/person\/35b1cedbc652eb88fa4b3285cbde2537"},"headline":"WEST \/ POST","datePublished":"2025-07-02T14:38:37+00:00","dateModified":"2025-07-09T11:54:59+00:00","mainEntityOfPage":{"@id":"https:\/\/www.kreativeraeumewien.at\/en\/projects\/west-post\/"},"wordCount":933,"publisher":{"@id":"https:\/\/www.kreativeraeumewien.at\/en\/#organization"},"image":{"@id":"https:\/\/www.kreativeraeumewien.at\/en\/projects\/west-post\/#primaryimage"},"thumbnailUrl":"https:\/\/www.kreativeraeumewien.at\/wp-content\/uploads\/2025\/07\/TITEL_POST-aussen_Antonia-Gottwald.png","keywords":["KRW","Post","West Space","Zwischennutzung"],"articleSection":["Projects"],"inLanguage":"en-US"},{"@type":"WebPage","@id":"https:\/\/www.kreativeraeumewien.at\/en\/projects\/west-post\/","url":"https:\/\/www.kreativeraeumewien.at\/en\/projects\/west-post\/","name":"WEST \/ POST - Kreative R\u00e4ume Wien","isPartOf":{"@id":"https:\/\/www.kreativeraeumewien.at\/en\/#website"},"primaryImageOfPage":{"@id":"https:\/\/www.kreativeraeumewien.at\/en\/projects\/west-post\/#primaryimage"},"image":{"@id":"https:\/\/www.kreativeraeumewien.at\/en\/projects\/west-post\/#primaryimage"},"thumbnailUrl":"https:\/\/www.kreativeraeumewien.at\/wp-content\/uploads\/2025\/07\/TITEL_POST-aussen_Antonia-Gottwald.png","datePublished":"2025-07-02T14:38:37+00:00","dateModified":"2025-07-09T11:54:59+00:00","description":"Seit Herbst 2024 bespielt das Raumunternehmen WEST zwei Etagen der ehem. Postakademie. Die R\u00e4ume bieten Platz f\u00fcr vielf\u00e4ltige Nutzungen.","breadcrumb":{"@id":"https:\/\/www.kreativeraeumewien.at\/en\/projects\/west-post\/#breadcrumb"},"inLanguage":"en-US","potentialAction":[{"@type":"ReadAction","target":["https:\/\/www.kreativeraeumewien.at\/en\/projects\/west-post\/"]}]},{"@type":"ImageObject","inLanguage":"en-US","@id":"https:\/\/www.kreativeraeumewien.at\/en\/projects\/west-post\/#primaryimage","url":"https:\/\/www.kreativeraeumewien.at\/wp-content\/uploads\/2025\/07\/TITEL_POST-aussen_Antonia-Gottwald.png","contentUrl":"https:\/\/www.kreativeraeumewien.at\/wp-content\/uploads\/2025\/07\/TITEL_POST-aussen_Antonia-Gottwald.png","width":1200,"height":772,"caption":"Seit November 2024 bespielt das Raumunternehmen WEST zwei Etagen der ehem. Postakademie FOTO: Antonia Gottwald"},{"@type":"BreadcrumbList","@id":"https:\/\/www.kreativeraeumewien.at\/en\/projects\/west-post\/#breadcrumb","itemListElement":[{"@type":"ListItem","position":1,"name":"Startseite","item":"https:\/\/www.kreativeraeumewien.at\/en\/"},{"@type":"ListItem","position":2,"name":"WEST \/ POST"}]},{"@type":"WebSite","@id":"https:\/\/www.kreativeraeumewien.at\/en\/#website","url":"https:\/\/www.kreativeraeumewien.at\/en\/","name":"Kreative R\u00e4ume Wien","description":"Service fu\u0308r Leerstandsaktivierung und Zwischennutzung f\u00fcr die Stadt Wien","publisher":{"@id":"https:\/\/www.kreativeraeumewien.at\/en\/#organization"},"potentialAction":[{"@type":"SearchAction","target":{"@type":"EntryPoint","urlTemplate":"https:\/\/www.kreativeraeumewien.at\/en\/?s={search_term_string}"},"query-input":{"@type":"PropertyValueSpecification","valueRequired":true,"valueName":"search_term_string"}}],"inLanguage":"en-US"},{"@type":"Organization","@id":"https:\/\/www.kreativeraeumewien.at\/en\/#organization","name":"Kreative R\u00e4ume Wien","url":"https:\/\/www.kreativeraeumewien.at\/en\/","logo":{"@type":"ImageObject","inLanguage":"en-US","@id":"https:\/\/www.kreativeraeumewien.at\/en\/#\/schema\/logo\/image\/","url":"https:\/\/www.kreativeraeumewien.at\/wp-content\/uploads\/2021\/12\/KRW-LOGO.png","contentUrl":"https:\/\/www.kreativeraeumewien.at\/wp-content\/uploads\/2021\/12\/KRW-LOGO.png","width":567,"height":567,"caption":"Kreative R\u00e4ume Wien"},"image":{"@id":"https:\/\/www.kreativeraeumewien.at\/en\/#\/schema\/logo\/image\/"},"sameAs":["https:\/\/www.facebook.com\/kreativeraeumewien","https:\/\/www.instagram.com\/kreativeraeume","https:\/\/www.linkedin.com\/company\/71490261\/"]},{"@type":"Person","@id":"https:\/\/www.kreativeraeumewien.at\/en\/#\/schema\/person\/35b1cedbc652eb88fa4b3285cbde2537","name":"kreative","image":{"@type":"ImageObject","inLanguage":"en-US","@id":"https:\/\/secure.gravatar.com\/avatar\/88784b22c5c172056132cc44a3194213a0f02167beb0a9b64ff49b84e648f072?s=96&d=mm&r=g","url":"https:\/\/secure.gravatar.com\/avatar\/88784b22c5c172056132cc44a3194213a0f02167beb0a9b64ff49b84e648f072?s=96&d=mm&r=g","contentUrl":"https:\/\/secure.gravatar.com\/avatar\/88784b22c5c172056132cc44a3194213a0f02167beb0a9b64ff49b84e648f072?s=96&d=mm&r=g","caption":"kreative"},"url":"https:\/\/www.kreativeraeumewien.at\/en\/author\/admin\/"}]}},"_links":{"self":[{"href":"https:\/\/www.kreativeraeumewien.at\/en\/wp-json\/wp\/v2\/posts\/9121","targetHints":{"allow":["GET"]}}],"collection":[{"href":"https:\/\/www.kreativeraeumewien.at\/en\/wp-json\/wp\/v2\/posts"}],"about":[{"href":"https:\/\/www.kreativeraeumewien.at\/en\/wp-json\/wp\/v2\/types\/post"}],"author":[{"embeddable":true,"href":"https:\/\/www.kreativeraeumewien.at\/en\/wp-json\/wp\/v2\/users\/2"}],"replies":[{"embeddable":true,"href":"https:\/\/www.kreativeraeumewien.at\/en\/wp-json\/wp\/v2\/comments?post=9121"}],"version-history":[{"count":2,"href":"https:\/\/www.kreativeraeumewien.at\/en\/wp-json\/wp\/v2\/posts\/9121\/revisions"}],"predecessor-version":[{"id":9133,"href":"https:\/\/www.kreativeraeumewien.at\/en\/wp-json\/wp\/v2\/posts\/9121\/revisions\/9133"}],"wp:featuredmedia":[{"embeddable":true,"href":"https:\/\/www.kreativeraeumewien.at\/en\/wp-json\/wp\/v2\/media\/9112"}],"wp:attachment":[{"href":"https:\/\/www.kreativeraeumewien.at\/en\/wp-json\/wp\/v2\/media?parent=9121"}],"wp:term":[{"taxonomy":"category","embeddable":true,"href":"https:\/\/www.kreativeraeumewien.at\/en\/wp-json\/wp\/v2\/categories?post=9121"},{"taxonomy":"post_tag","embeddable":true,"href":"https:\/\/www.kreativeraeumewien.at\/en\/wp-json\/wp\/v2\/tags?post=9121"}],"curies":[{"name":"wp","href":"https:\/\/api.w.org\/{rel}","templated":true}]}}