{"id":9530,"date":"2025-10-02T16:49:44","date_gmt":"2025-10-02T14:49:44","guid":{"rendered":"https:\/\/www.kreativeraeumewien.at\/creative-cluster-open-doors-2025\/"},"modified":"2025-10-02T16:52:16","modified_gmt":"2025-10-02T14:52:16","slug":"creative-cluster-open-doors-2025","status":"publish","type":"post","link":"https:\/\/www.kreativeraeumewien.at\/en\/news-en\/creative-cluster-open-doors-2025\/","title":{"rendered":"Creative Cluster: Open Doors am 3. und 4. Oktober"},"content":{"rendered":"\n<p class=\"has-text-align-right\">02.10.2025<\/p>\n\n\n\n<p>Am Wochenende 03.\u201304. Oktober 2025 \u00f6ffnet der Creative Cluster in Wien Margareten mit einem vielf\u00e4ltigen Rahmenprogramm wieder seine T\u00fcren. Es ist m\u00f6glich einen Einblick in die Arbeit der K\u00fcnstler:innen und Kreativen vor Ort zu bekommen und das Zwischennutzungsprojekt kennenzulernen.<\/p>\n\n\n\n<p>In der ehemaligen Schule werden auf \u00fcber 3600 m\u00b2 aktuelle Arbeiten sowohl in den Studios als auch auf den gro\u00dfz\u00fcgigen Gemeinschaftsfl\u00e4chen pr\u00e4sentiert und zu einem begehbaren Gesamtkunstwerk im \u00f6ffentlichen Raum inszeniert.<\/p>\n\n\n\n<p>So werden die zentralen Elemente des CREATIVE CLUSTER f\u00fcr alle erlebbar: die transdisziplin\u00e4re Koproduktion innerhalb der Kreativszene, das gemeinschaftliche Miteinander, neue kooperative Arbeitsformen sowie die F\u00f6rderung innovativer, zukunftsorientierter\u00a0Kunst &#8211; und Kulturproduktion.<\/p>\n<p>\u2661 FREE ENTRY \u2661<\/p>\n<p>140 ARTISTS \/ 40 STUDIOS \/ 3600 m2<br \/>Performances,\u00a0Ausstellungen, Kunst-Interventionen<br \/>Snacks &amp; Drinks by TURBO<\/p>\n\n\n\n<p>Zwei Tage\u00a0voller Kunst und Kultur!<br>WANN: Fr 03.10. &amp; Sa 04.10. I 13:00\u201321:00 Uhr<br>WO: <a href=\"https:\/\/maps.app.goo.gl\/2gicQoEEwqfFBQjb7\">CREATIVE CLUSTER, Viktor-Christ-Gasse 10, 1050 Wien<\/a> <\/p>\n\n\n\n<figure class=\"wp-block-image size-large\"><a href=\"http:\/\/www.creativecluster.cc\"><img loading=\"lazy\" decoding=\"async\" width=\"1024\" height=\"580\" src=\"https:\/\/www.kreativeraeumewien.at\/wp-content\/uploads\/2025\/09\/Creative-Cluster-1-1024x580.png\" alt=\"\" class=\"wp-image-9494\" srcset=\"https:\/\/www.kreativeraeumewien.at\/wp-content\/uploads\/2025\/09\/Creative-Cluster-1-1024x580.png 1024w, https:\/\/www.kreativeraeumewien.at\/wp-content\/uploads\/2025\/09\/Creative-Cluster-1-300x170.png 300w, https:\/\/www.kreativeraeumewien.at\/wp-content\/uploads\/2025\/09\/Creative-Cluster-1-768x435.png 768w, https:\/\/www.kreativeraeumewien.at\/wp-content\/uploads\/2025\/09\/Creative-Cluster-1.png 1200w\" sizes=\"auto, (max-width: 1024px) 100vw, 1024px\" \/><\/a><figcaption class=\"wp-element-caption\"> Sujet: studio schlagschatten<\/figcaption><\/figure>\n\n\n\n<p>Weitere Informationen unter <a href=\"http:\/\/www.creativecluster.cc\">www.creativecluster.cc<\/a>.<\/p>\n","protected":false},"excerpt":{"rendered":"<p>02.10.2025 Am Wochenende 03.\u201304. Oktober 2025 \u00f6ffnet der Creative Cluster in Wien Margareten mit einem vielf\u00e4ltigen Rahmenprogramm wieder seine T\u00fcren. Es ist m\u00f6glich einen Einblick in die Arbeit der K\u00fcnstler:innen und Kreativen vor Ort zu bekommen und das Zwischennutzungsprojekt kennenzulernen. In der ehemaligen Schule werden auf \u00fcber 3600 m\u00b2 aktuelle Arbeiten sowohl in den Studios [&hellip;]<\/p>\n","protected":false},"author":2,"featured_media":9000,"comment_status":"closed","ping_status":"closed","sticky":false,"template":"","format":"standard","meta":{"_acf_changed":false,"_eb_attr":"","footnotes":""},"categories":[82],"tags":[83,467,468,105],"class_list":["post-9530","post","type-post","status-publish","format-standard","has-post-thumbnail","hentry","category-news-en","tag-creative-cluster-margareten-en","tag-event-en","tag-open-doors-en","tag-zwischennutzung-en"],"acf":[],"yoast_head":"<!-- This site is optimized with the Yoast SEO plugin v27.3 - https:\/\/yoast.com\/product\/yoast-seo-wordpress\/ -->\n<title>Creative Cluster: Open Doors am 3. und 4. Oktober - Kreative R\u00e4ume Wien<\/title>\n<meta name=\"description\" content=\"140 ARTISTS \/ 40 STUDIOS \/ 3600 m2. Am Wochenende \u00f6ffnet der Creative Cluster mit einem vielf\u00e4ltigen Rahmenprogramm seine T\u00fcren!\" \/>\n<meta name=\"robots\" content=\"index, follow, max-snippet:-1, max-image-preview:large, max-video-preview:-1\" \/>\n<link rel=\"canonical\" href=\"https:\/\/www.kreativeraeumewien.at\/en\/news-en\/creative-cluster-open-doors-2025\/\" \/>\n<meta property=\"og:locale\" content=\"en_US\" \/>\n<meta property=\"og:type\" content=\"article\" \/>\n<meta property=\"og:title\" content=\"Creative Cluster: Open Doors am 3. und 4. Oktober - Kreative R\u00e4ume Wien\" \/>\n<meta property=\"og:description\" content=\"140 ARTISTS \/ 40 STUDIOS \/ 3600 m2. Am Wochenende \u00f6ffnet der Creative Cluster mit einem vielf\u00e4ltigen Rahmenprogramm seine T\u00fcren!\" \/>\n<meta property=\"og:url\" content=\"https:\/\/www.kreativeraeumewien.at\/en\/news-en\/creative-cluster-open-doors-2025\/\" \/>\n<meta property=\"og:site_name\" content=\"Kreative R\u00e4ume Wien\" \/>\n<meta property=\"article:publisher\" content=\"https:\/\/www.facebook.com\/kreativeraeumewien\" \/>\n<meta property=\"article:published_time\" content=\"2025-10-02T14:49:44+00:00\" \/>\n<meta property=\"article:modified_time\" content=\"2025-10-02T14:52:16+00:00\" \/>\n<meta property=\"og:image\" content=\"https:\/\/www.kreativeraeumewien.at\/wp-content\/uploads\/2025\/06\/2022-2_CC_Stefan-Fuerthbauer.png\" \/>\n\t<meta property=\"og:image:width\" content=\"1200\" \/>\n\t<meta property=\"og:image:height\" content=\"772\" \/>\n\t<meta property=\"og:image:type\" content=\"image\/png\" \/>\n<meta name=\"author\" content=\"kreative\" \/>\n<meta name=\"twitter:card\" content=\"summary_large_image\" \/>\n<meta name=\"twitter:label1\" content=\"Written by\" \/>\n\t<meta name=\"twitter:data1\" content=\"kreative\" \/>\n\t<meta name=\"twitter:label2\" content=\"Est. reading time\" \/>\n\t<meta name=\"twitter:data2\" content=\"1 minute\" \/>\n<script type=\"application\/ld+json\" class=\"yoast-schema-graph\">{\"@context\":\"https:\\\/\\\/schema.org\",\"@graph\":[{\"@type\":\"Article\",\"@id\":\"https:\\\/\\\/www.kreativeraeumewien.at\\\/en\\\/news-en\\\/creative-cluster-open-doors-2025\\\/#article\",\"isPartOf\":{\"@id\":\"https:\\\/\\\/www.kreativeraeumewien.at\\\/en\\\/news-en\\\/creative-cluster-open-doors-2025\\\/\"},\"author\":{\"name\":\"kreative\",\"@id\":\"https:\\\/\\\/www.kreativeraeumewien.at\\\/en\\\/#\\\/schema\\\/person\\\/35b1cedbc652eb88fa4b3285cbde2537\"},\"headline\":\"Creative Cluster: Open Doors am 3. und 4. Oktober\",\"datePublished\":\"2025-10-02T14:49:44+00:00\",\"dateModified\":\"2025-10-02T14:52:16+00:00\",\"mainEntityOfPage\":{\"@id\":\"https:\\\/\\\/www.kreativeraeumewien.at\\\/en\\\/news-en\\\/creative-cluster-open-doors-2025\\\/\"},\"wordCount\":155,\"publisher\":{\"@id\":\"https:\\\/\\\/www.kreativeraeumewien.at\\\/en\\\/#organization\"},\"image\":{\"@id\":\"https:\\\/\\\/www.kreativeraeumewien.at\\\/en\\\/news-en\\\/creative-cluster-open-doors-2025\\\/#primaryimage\"},\"thumbnailUrl\":\"https:\\\/\\\/www.kreativeraeumewien.at\\\/wp-content\\\/uploads\\\/2025\\\/06\\\/2022-2_CC_Stefan-Fuerthbauer.png\",\"keywords\":[\"Creative Cluster Margareten\",\"Event\",\"OPEN DOORS\",\"Zwischennutzung\"],\"articleSection\":[\"News\"],\"inLanguage\":\"en-US\"},{\"@type\":\"WebPage\",\"@id\":\"https:\\\/\\\/www.kreativeraeumewien.at\\\/en\\\/news-en\\\/creative-cluster-open-doors-2025\\\/\",\"url\":\"https:\\\/\\\/www.kreativeraeumewien.at\\\/en\\\/news-en\\\/creative-cluster-open-doors-2025\\\/\",\"name\":\"Creative Cluster: Open Doors am 3. und 4. Oktober - Kreative R\u00e4ume Wien\",\"isPartOf\":{\"@id\":\"https:\\\/\\\/www.kreativeraeumewien.at\\\/en\\\/#website\"},\"primaryImageOfPage\":{\"@id\":\"https:\\\/\\\/www.kreativeraeumewien.at\\\/en\\\/news-en\\\/creative-cluster-open-doors-2025\\\/#primaryimage\"},\"image\":{\"@id\":\"https:\\\/\\\/www.kreativeraeumewien.at\\\/en\\\/news-en\\\/creative-cluster-open-doors-2025\\\/#primaryimage\"},\"thumbnailUrl\":\"https:\\\/\\\/www.kreativeraeumewien.at\\\/wp-content\\\/uploads\\\/2025\\\/06\\\/2022-2_CC_Stefan-Fuerthbauer.png\",\"datePublished\":\"2025-10-02T14:49:44+00:00\",\"dateModified\":\"2025-10-02T14:52:16+00:00\",\"description\":\"140 ARTISTS \\\/ 40 STUDIOS \\\/ 3600 m2. Am Wochenende \u00f6ffnet der Creative Cluster mit einem vielf\u00e4ltigen Rahmenprogramm seine T\u00fcren!\",\"breadcrumb\":{\"@id\":\"https:\\\/\\\/www.kreativeraeumewien.at\\\/en\\\/news-en\\\/creative-cluster-open-doors-2025\\\/#breadcrumb\"},\"inLanguage\":\"en-US\",\"potentialAction\":[{\"@type\":\"ReadAction\",\"target\":[\"https:\\\/\\\/www.kreativeraeumewien.at\\\/en\\\/news-en\\\/creative-cluster-open-doors-2025\\\/\"]}]},{\"@type\":\"ImageObject\",\"inLanguage\":\"en-US\",\"@id\":\"https:\\\/\\\/www.kreativeraeumewien.at\\\/en\\\/news-en\\\/creative-cluster-open-doors-2025\\\/#primaryimage\",\"url\":\"https:\\\/\\\/www.kreativeraeumewien.at\\\/wp-content\\\/uploads\\\/2025\\\/06\\\/2022-2_CC_Stefan-Fuerthbauer.png\",\"contentUrl\":\"https:\\\/\\\/www.kreativeraeumewien.at\\\/wp-content\\\/uploads\\\/2025\\\/06\\\/2022-2_CC_Stefan-Fuerthbauer.png\",\"width\":1200,\"height\":772,\"caption\":\"Creative Cluster von au\u00dfen FOTO: Stefan Fu\u0308rtbauer\"},{\"@type\":\"BreadcrumbList\",\"@id\":\"https:\\\/\\\/www.kreativeraeumewien.at\\\/en\\\/news-en\\\/creative-cluster-open-doors-2025\\\/#breadcrumb\",\"itemListElement\":[{\"@type\":\"ListItem\",\"position\":1,\"name\":\"Startseite\",\"item\":\"https:\\\/\\\/www.kreativeraeumewien.at\\\/en\\\/\"},{\"@type\":\"ListItem\",\"position\":2,\"name\":\"Creative Cluster: Open Doors am 3. und 4. Oktober\"}]},{\"@type\":\"WebSite\",\"@id\":\"https:\\\/\\\/www.kreativeraeumewien.at\\\/en\\\/#website\",\"url\":\"https:\\\/\\\/www.kreativeraeumewien.at\\\/en\\\/\",\"name\":\"Kreative R\u00e4ume Wien\",\"description\":\"Service fu\u0308r Leerstandsaktivierung und Zwischennutzung f\u00fcr die Stadt Wien\",\"publisher\":{\"@id\":\"https:\\\/\\\/www.kreativeraeumewien.at\\\/en\\\/#organization\"},\"potentialAction\":[{\"@type\":\"SearchAction\",\"target\":{\"@type\":\"EntryPoint\",\"urlTemplate\":\"https:\\\/\\\/www.kreativeraeumewien.at\\\/en\\\/?s={search_term_string}\"},\"query-input\":{\"@type\":\"PropertyValueSpecification\",\"valueRequired\":true,\"valueName\":\"search_term_string\"}}],\"inLanguage\":\"en-US\"},{\"@type\":\"Organization\",\"@id\":\"https:\\\/\\\/www.kreativeraeumewien.at\\\/en\\\/#organization\",\"name\":\"Kreative R\u00e4ume Wien\",\"url\":\"https:\\\/\\\/www.kreativeraeumewien.at\\\/en\\\/\",\"logo\":{\"@type\":\"ImageObject\",\"inLanguage\":\"en-US\",\"@id\":\"https:\\\/\\\/www.kreativeraeumewien.at\\\/en\\\/#\\\/schema\\\/logo\\\/image\\\/\",\"url\":\"https:\\\/\\\/www.kreativeraeumewien.at\\\/wp-content\\\/uploads\\\/2021\\\/12\\\/KRW-LOGO.png\",\"contentUrl\":\"https:\\\/\\\/www.kreativeraeumewien.at\\\/wp-content\\\/uploads\\\/2021\\\/12\\\/KRW-LOGO.png\",\"width\":567,\"height\":567,\"caption\":\"Kreative R\u00e4ume Wien\"},\"image\":{\"@id\":\"https:\\\/\\\/www.kreativeraeumewien.at\\\/en\\\/#\\\/schema\\\/logo\\\/image\\\/\"},\"sameAs\":[\"https:\\\/\\\/www.facebook.com\\\/kreativeraeumewien\",\"https:\\\/\\\/www.instagram.com\\\/kreativeraeume\",\"https:\\\/\\\/www.linkedin.com\\\/company\\\/71490261\\\/\"]},{\"@type\":\"Person\",\"@id\":\"https:\\\/\\\/www.kreativeraeumewien.at\\\/en\\\/#\\\/schema\\\/person\\\/35b1cedbc652eb88fa4b3285cbde2537\",\"name\":\"kreative\",\"image\":{\"@type\":\"ImageObject\",\"inLanguage\":\"en-US\",\"@id\":\"https:\\\/\\\/secure.gravatar.com\\\/avatar\\\/88784b22c5c172056132cc44a3194213a0f02167beb0a9b64ff49b84e648f072?s=96&d=mm&r=g\",\"url\":\"https:\\\/\\\/secure.gravatar.com\\\/avatar\\\/88784b22c5c172056132cc44a3194213a0f02167beb0a9b64ff49b84e648f072?s=96&d=mm&r=g\",\"contentUrl\":\"https:\\\/\\\/secure.gravatar.com\\\/avatar\\\/88784b22c5c172056132cc44a3194213a0f02167beb0a9b64ff49b84e648f072?s=96&d=mm&r=g\",\"caption\":\"kreative\"},\"url\":\"https:\\\/\\\/www.kreativeraeumewien.at\\\/en\\\/author\\\/admin\\\/\"}]}<\/script>\n<!-- \/ Yoast SEO plugin. -->","yoast_head_json":{"title":"Creative Cluster: Open Doors am 3. und 4. Oktober - Kreative R\u00e4ume Wien","description":"140 ARTISTS \/ 40 STUDIOS \/ 3600 m2. Am Wochenende \u00f6ffnet der Creative Cluster mit einem vielf\u00e4ltigen Rahmenprogramm seine T\u00fcren!","robots":{"index":"index","follow":"follow","max-snippet":"max-snippet:-1","max-image-preview":"max-image-preview:large","max-video-preview":"max-video-preview:-1"},"canonical":"https:\/\/www.kreativeraeumewien.at\/en\/news-en\/creative-cluster-open-doors-2025\/","og_locale":"en_US","og_type":"article","og_title":"Creative Cluster: Open Doors am 3. und 4. Oktober - Kreative R\u00e4ume Wien","og_description":"140 ARTISTS \/ 40 STUDIOS \/ 3600 m2. Am Wochenende \u00f6ffnet der Creative Cluster mit einem vielf\u00e4ltigen Rahmenprogramm seine T\u00fcren!","og_url":"https:\/\/www.kreativeraeumewien.at\/en\/news-en\/creative-cluster-open-doors-2025\/","og_site_name":"Kreative R\u00e4ume Wien","article_publisher":"https:\/\/www.facebook.com\/kreativeraeumewien","article_published_time":"2025-10-02T14:49:44+00:00","article_modified_time":"2025-10-02T14:52:16+00:00","og_image":[{"width":1200,"height":772,"url":"https:\/\/www.kreativeraeumewien.at\/wp-content\/uploads\/2025\/06\/2022-2_CC_Stefan-Fuerthbauer.png","type":"image\/png"}],"author":"kreative","twitter_card":"summary_large_image","twitter_misc":{"Written by":"kreative","Est. reading time":"1 minute"},"schema":{"@context":"https:\/\/schema.org","@graph":[{"@type":"Article","@id":"https:\/\/www.kreativeraeumewien.at\/en\/news-en\/creative-cluster-open-doors-2025\/#article","isPartOf":{"@id":"https:\/\/www.kreativeraeumewien.at\/en\/news-en\/creative-cluster-open-doors-2025\/"},"author":{"name":"kreative","@id":"https:\/\/www.kreativeraeumewien.at\/en\/#\/schema\/person\/35b1cedbc652eb88fa4b3285cbde2537"},"headline":"Creative Cluster: Open Doors am 3. und 4. Oktober","datePublished":"2025-10-02T14:49:44+00:00","dateModified":"2025-10-02T14:52:16+00:00","mainEntityOfPage":{"@id":"https:\/\/www.kreativeraeumewien.at\/en\/news-en\/creative-cluster-open-doors-2025\/"},"wordCount":155,"publisher":{"@id":"https:\/\/www.kreativeraeumewien.at\/en\/#organization"},"image":{"@id":"https:\/\/www.kreativeraeumewien.at\/en\/news-en\/creative-cluster-open-doors-2025\/#primaryimage"},"thumbnailUrl":"https:\/\/www.kreativeraeumewien.at\/wp-content\/uploads\/2025\/06\/2022-2_CC_Stefan-Fuerthbauer.png","keywords":["Creative Cluster Margareten","Event","OPEN DOORS","Zwischennutzung"],"articleSection":["News"],"inLanguage":"en-US"},{"@type":"WebPage","@id":"https:\/\/www.kreativeraeumewien.at\/en\/news-en\/creative-cluster-open-doors-2025\/","url":"https:\/\/www.kreativeraeumewien.at\/en\/news-en\/creative-cluster-open-doors-2025\/","name":"Creative Cluster: Open Doors am 3. und 4. Oktober - Kreative R\u00e4ume Wien","isPartOf":{"@id":"https:\/\/www.kreativeraeumewien.at\/en\/#website"},"primaryImageOfPage":{"@id":"https:\/\/www.kreativeraeumewien.at\/en\/news-en\/creative-cluster-open-doors-2025\/#primaryimage"},"image":{"@id":"https:\/\/www.kreativeraeumewien.at\/en\/news-en\/creative-cluster-open-doors-2025\/#primaryimage"},"thumbnailUrl":"https:\/\/www.kreativeraeumewien.at\/wp-content\/uploads\/2025\/06\/2022-2_CC_Stefan-Fuerthbauer.png","datePublished":"2025-10-02T14:49:44+00:00","dateModified":"2025-10-02T14:52:16+00:00","description":"140 ARTISTS \/ 40 STUDIOS \/ 3600 m2. Am Wochenende \u00f6ffnet der Creative Cluster mit einem vielf\u00e4ltigen Rahmenprogramm seine T\u00fcren!","breadcrumb":{"@id":"https:\/\/www.kreativeraeumewien.at\/en\/news-en\/creative-cluster-open-doors-2025\/#breadcrumb"},"inLanguage":"en-US","potentialAction":[{"@type":"ReadAction","target":["https:\/\/www.kreativeraeumewien.at\/en\/news-en\/creative-cluster-open-doors-2025\/"]}]},{"@type":"ImageObject","inLanguage":"en-US","@id":"https:\/\/www.kreativeraeumewien.at\/en\/news-en\/creative-cluster-open-doors-2025\/#primaryimage","url":"https:\/\/www.kreativeraeumewien.at\/wp-content\/uploads\/2025\/06\/2022-2_CC_Stefan-Fuerthbauer.png","contentUrl":"https:\/\/www.kreativeraeumewien.at\/wp-content\/uploads\/2025\/06\/2022-2_CC_Stefan-Fuerthbauer.png","width":1200,"height":772,"caption":"Creative Cluster von au\u00dfen FOTO: Stefan Fu\u0308rtbauer"},{"@type":"BreadcrumbList","@id":"https:\/\/www.kreativeraeumewien.at\/en\/news-en\/creative-cluster-open-doors-2025\/#breadcrumb","itemListElement":[{"@type":"ListItem","position":1,"name":"Startseite","item":"https:\/\/www.kreativeraeumewien.at\/en\/"},{"@type":"ListItem","position":2,"name":"Creative Cluster: Open Doors am 3. und 4. Oktober"}]},{"@type":"WebSite","@id":"https:\/\/www.kreativeraeumewien.at\/en\/#website","url":"https:\/\/www.kreativeraeumewien.at\/en\/","name":"Kreative R\u00e4ume Wien","description":"Service fu\u0308r Leerstandsaktivierung und Zwischennutzung f\u00fcr die Stadt Wien","publisher":{"@id":"https:\/\/www.kreativeraeumewien.at\/en\/#organization"},"potentialAction":[{"@type":"SearchAction","target":{"@type":"EntryPoint","urlTemplate":"https:\/\/www.kreativeraeumewien.at\/en\/?s={search_term_string}"},"query-input":{"@type":"PropertyValueSpecification","valueRequired":true,"valueName":"search_term_string"}}],"inLanguage":"en-US"},{"@type":"Organization","@id":"https:\/\/www.kreativeraeumewien.at\/en\/#organization","name":"Kreative R\u00e4ume Wien","url":"https:\/\/www.kreativeraeumewien.at\/en\/","logo":{"@type":"ImageObject","inLanguage":"en-US","@id":"https:\/\/www.kreativeraeumewien.at\/en\/#\/schema\/logo\/image\/","url":"https:\/\/www.kreativeraeumewien.at\/wp-content\/uploads\/2021\/12\/KRW-LOGO.png","contentUrl":"https:\/\/www.kreativeraeumewien.at\/wp-content\/uploads\/2021\/12\/KRW-LOGO.png","width":567,"height":567,"caption":"Kreative R\u00e4ume Wien"},"image":{"@id":"https:\/\/www.kreativeraeumewien.at\/en\/#\/schema\/logo\/image\/"},"sameAs":["https:\/\/www.facebook.com\/kreativeraeumewien","https:\/\/www.instagram.com\/kreativeraeume","https:\/\/www.linkedin.com\/company\/71490261\/"]},{"@type":"Person","@id":"https:\/\/www.kreativeraeumewien.at\/en\/#\/schema\/person\/35b1cedbc652eb88fa4b3285cbde2537","name":"kreative","image":{"@type":"ImageObject","inLanguage":"en-US","@id":"https:\/\/secure.gravatar.com\/avatar\/88784b22c5c172056132cc44a3194213a0f02167beb0a9b64ff49b84e648f072?s=96&d=mm&r=g","url":"https:\/\/secure.gravatar.com\/avatar\/88784b22c5c172056132cc44a3194213a0f02167beb0a9b64ff49b84e648f072?s=96&d=mm&r=g","contentUrl":"https:\/\/secure.gravatar.com\/avatar\/88784b22c5c172056132cc44a3194213a0f02167beb0a9b64ff49b84e648f072?s=96&d=mm&r=g","caption":"kreative"},"url":"https:\/\/www.kreativeraeumewien.at\/en\/author\/admin\/"}]}},"_links":{"self":[{"href":"https:\/\/www.kreativeraeumewien.at\/en\/wp-json\/wp\/v2\/posts\/9530","targetHints":{"allow":["GET"]}}],"collection":[{"href":"https:\/\/www.kreativeraeumewien.at\/en\/wp-json\/wp\/v2\/posts"}],"about":[{"href":"https:\/\/www.kreativeraeumewien.at\/en\/wp-json\/wp\/v2\/types\/post"}],"author":[{"embeddable":true,"href":"https:\/\/www.kreativeraeumewien.at\/en\/wp-json\/wp\/v2\/users\/2"}],"replies":[{"embeddable":true,"href":"https:\/\/www.kreativeraeumewien.at\/en\/wp-json\/wp\/v2\/comments?post=9530"}],"version-history":[{"count":1,"href":"https:\/\/www.kreativeraeumewien.at\/en\/wp-json\/wp\/v2\/posts\/9530\/revisions"}],"predecessor-version":[{"id":9531,"href":"https:\/\/www.kreativeraeumewien.at\/en\/wp-json\/wp\/v2\/posts\/9530\/revisions\/9531"}],"wp:featuredmedia":[{"embeddable":true,"href":"https:\/\/www.kreativeraeumewien.at\/en\/wp-json\/wp\/v2\/media\/9000"}],"wp:attachment":[{"href":"https:\/\/www.kreativeraeumewien.at\/en\/wp-json\/wp\/v2\/media?parent=9530"}],"wp:term":[{"taxonomy":"category","embeddable":true,"href":"https:\/\/www.kreativeraeumewien.at\/en\/wp-json\/wp\/v2\/categories?post=9530"},{"taxonomy":"post_tag","embeddable":true,"href":"https:\/\/www.kreativeraeumewien.at\/en\/wp-json\/wp\/v2\/tags?post=9530"}],"curies":[{"name":"wp","href":"https:\/\/api.w.org\/{rel}","templated":true}]}}