{"id":9567,"date":"2025-10-14T12:17:53","date_gmt":"2025-10-14T10:17:53","guid":{"rendered":"https:\/\/www.kreativeraeumewien.at\/?p=9567"},"modified":"2026-04-16T14:52:49","modified_gmt":"2026-04-16T12:52:49","slug":"aktuelle-zwischennutzungen","status":"publish","type":"post","link":"https:\/\/www.kreativeraeumewien.at\/en\/news-en\/aktuelle-zwischennutzungen\/","title":{"rendered":"\u00dcbersicht: Aktuelle Zwischennutzungen in Wien"},"content":{"rendered":"\n<p style=\"text-align: right;\">14.10.2025<\/p>\n\n\n\n<p>Der Herbst bringt frischen Wind und viele Veranstaltungen in Wiens Zwischennutzungen \u2013 und vor allem aufs Otto-Wagner-Areal: Gleich zwei Projekte sind seit Kurzem dort verortet.<\/p>\n\n\n\n<p>Kreative R\u00e4ume Wien initiiert im Auftrag der Stadt immer wieder Zwischennutzungen in Wien und begleitet diese im weiteren Verlauf auf verschiedenen Ebenen. In dieser Karte sind sowohl die von Kreative R\u00e4ume Wien initiierten als auch weitere Projekte unserer Kooperationspartner:innen r\u00e4umlich verortet.\u00a0\u00a0<\/p>\n\n\n\n<figure class=\"wp-block-image size-large\"><img loading=\"lazy\" decoding=\"async\" width=\"819\" height=\"1024\" src=\"https:\/\/www.kreativeraeumewien.at\/wp-content\/uploads\/2025\/10\/Karte_Q3_2025_gelb_hoch-819x1024.png\" alt=\"\" class=\"wp-image-9564\" srcset=\"https:\/\/www.kreativeraeumewien.at\/wp-content\/uploads\/2025\/10\/Karte_Q3_2025_gelb_hoch-819x1024.png 819w, https:\/\/www.kreativeraeumewien.at\/wp-content\/uploads\/2025\/10\/Karte_Q3_2025_gelb_hoch-240x300.png 240w, https:\/\/www.kreativeraeumewien.at\/wp-content\/uploads\/2025\/10\/Karte_Q3_2025_gelb_hoch-768x960.png 768w, https:\/\/www.kreativeraeumewien.at\/wp-content\/uploads\/2025\/10\/Karte_Q3_2025_gelb_hoch-1229x1536.png 1229w, https:\/\/www.kreativeraeumewien.at\/wp-content\/uploads\/2025\/10\/Karte_Q3_2025_gelb_hoch.png 1472w\" sizes=\"auto, (max-width: 819px) 100vw, 819px\" \/><\/figure>\n\n\n\n<h2 class=\"wp-block-heading\">Neu dabei in der \u00dcbersicht: WEST und Kollektiv Kaorle am Otto Wagner Areal <\/h2>\n\n\n\n<p>Neu auf der Karte: Das Raumunternehmen <a href=\"https:\/\/www.west-space.at\/\" target=\"_blank\" rel=\"noreferrer noopener\">WEST<\/a> hat im September das ehem. Direktionsgeb\u00e4ude bezogen und bietet dort mit <a href=\"https:\/\/www.kreativeraeumewien.at\/en\/projects\/west-owa\/\" target=\"_blank\" rel=\"noreferrer noopener\">WEST \/ OWA<\/a> einen Ort f\u00fcr Ateliers, Studios und Veranstaltungen. Au\u00dferdem ist nun auch der <a href=\"https:\/\/kollektiv-kaorle.at\/events\" target=\"_blank\" rel=\"noreferrer noopener\">Kulturverein Kollektiv Kaorle<\/a> von seinem <a href=\"https:\/\/www.kreativeraeumewien.at\/en\/projects\/kaorle-ein-lebendiger-ort-der-begegnung-in-ottakring\/\">letzten Standort in Alt-Ottakring<\/a> aufs Otto Wagner Areal gezogen. Im Pavillon 21 schafft das Kollektiv Raum f\u00fcr kreative Experimente, interdisziplin\u00e4re Zusammenarbeit und \u00f6ffentliches Kulturprogramm. Wir freuen uns sehr gleich zwei neue Projekte an diesem spannenden Standort begleiten zu d\u00fcrfen.<\/p>\n\n\n\n<h2 class=\"wp-block-heading\">Warum Zwischennutzung<\/h2>\n\n\n\n<p>Viele Bewohner:innen und Raumsuchende ben\u00f6tigen tempor\u00e4r oder l\u00e4ngerfristig Raum, um ihre Ideen oder Projekte zu verwirklichen oder unb\u00fcrokratisch und mit geringem Risiko zu testen, jedoch fehlen oft die Mittel f\u00fcr marktkonforme Mieten. Aus verschiedensten Gr\u00fcnden, u.a. auch administrativen oder Planungsgr\u00fcnden, befinden sich Immobilieneigent\u00fcmer:innen immer wieder zeitweilig im Besitz von Liegenschaften, die befristet leerstehen. In diesem Zusammenhang ist Zwischennutzung eine M\u00f6glichkeit, diesem Bedarf an leistbarem Raum begegnen zu k\u00f6nnen, und tempor\u00e4r brachliegende Fl\u00e4chen einer sinnvollen Nutzung zuzuf\u00fchren.<\/p>\n\n\n\n<p>Achtung: Auf der Karte sind nur aktuelle Zwischennutzungen und keine dauerhaft angelegten Leerstandsaktivierungen f\u00fcr Kunst, Kultur, Kreativwirtschaft und Soziales zu sehen. Langfristige Aktivierungsprojekte unterst\u00fctzen wir jedoch genauso.<\/p>\n\n\n\n<p><strong>Weiterlesen<\/strong><\/p>\n\n\n\n<ul class=\"wp-block-list\">\n<li><a href=\"https:\/\/www.kreativeraeumewien.at\/en\/category\/projects\/\" target=\"_blank\" rel=\"noopener\">Hier geht\u2019s zu den Projektbeschreibungen<\/a> von und mit unseren Kooperationspartner:innen<\/li>\n\n\n\n<li>Mehr zu unserem Beratungsangebot auf unserer Webseite <a href=\"https:\/\/www.kreativeraeumewien.at\/en\/services\/\" target=\"_blank\" rel=\"noopener\">hier.<\/a><\/li>\n<\/ul>\n","protected":false},"excerpt":{"rendered":"<p>14.10.2025 Der Herbst bringt frischen Wind und viele Veranstaltungen in Wiens Zwischennutzungen \u2013 und vor allem aufs Otto-Wagner-Areal: Gleich zwei Projekte sind seit Kurzem dort verortet. Kreative R\u00e4ume Wien initiiert im Auftrag der Stadt immer wieder Zwischennutzungen in Wien und begleitet diese im weiteren Verlauf auf verschiedenen Ebenen. In dieser Karte sind sowohl die von [&hellip;]<\/p>\n","protected":false},"author":2,"featured_media":9161,"comment_status":"closed","ping_status":"closed","sticky":false,"template":"","format":"standard","meta":{"_acf_changed":false,"_eb_attr":"","footnotes":""},"categories":[82],"tags":[89,105],"class_list":["post-9567","post","type-post","status-publish","format-standard","has-post-thumbnail","hentry","category-news-en","tag-krw-en","tag-zwischennutzung-en"],"acf":[],"yoast_head":"<!-- This site is optimized with the Yoast SEO plugin v27.3 - https:\/\/yoast.com\/product\/yoast-seo-wordpress\/ -->\n<title>\u00dcbersicht: Aktuelle Zwischennutzungen in Wien - Kreative R\u00e4ume Wien<\/title>\n<meta name=\"description\" content=\"Der Herbst bringt frischen Wind in Wiens Zwischennutzungen \u2013 und vor allem aufs Otto-Wagner-Areal: zwei Projekte sind dort neu verortet.\" \/>\n<meta name=\"robots\" content=\"index, follow, max-snippet:-1, max-image-preview:large, max-video-preview:-1\" \/>\n<link rel=\"canonical\" href=\"https:\/\/www.kreativeraeumewien.at\/en\/news-en\/aktuelle-zwischennutzungen\/\" \/>\n<meta property=\"og:locale\" content=\"en_US\" \/>\n<meta property=\"og:type\" content=\"article\" \/>\n<meta property=\"og:title\" content=\"\u00dcbersicht: Aktuelle Zwischennutzungen in Wien - Kreative R\u00e4ume Wien\" \/>\n<meta property=\"og:description\" content=\"Der Herbst bringt frischen Wind in Wiens Zwischennutzungen \u2013 und vor allem aufs Otto-Wagner-Areal: zwei Projekte sind dort neu verortet.\" \/>\n<meta property=\"og:url\" content=\"https:\/\/www.kreativeraeumewien.at\/en\/news-en\/aktuelle-zwischennutzungen\/\" \/>\n<meta property=\"og:site_name\" content=\"Kreative R\u00e4ume Wien\" \/>\n<meta property=\"article:publisher\" content=\"https:\/\/www.facebook.com\/kreativeraeumewien\" \/>\n<meta property=\"article:published_time\" content=\"2025-10-14T10:17:53+00:00\" \/>\n<meta property=\"article:modified_time\" content=\"2026-04-16T12:52:49+00:00\" \/>\n<meta property=\"og:image\" content=\"https:\/\/www.kreativeraeumewien.at\/wp-content\/uploads\/2025\/07\/Karte_Website_.jpg\" \/>\n\t<meta property=\"og:image:width\" content=\"1200\" \/>\n\t<meta property=\"og:image:height\" content=\"772\" \/>\n\t<meta property=\"og:image:type\" content=\"image\/jpeg\" \/>\n<meta name=\"author\" content=\"kreative\" \/>\n<meta name=\"twitter:card\" content=\"summary_large_image\" \/>\n<meta name=\"twitter:label1\" content=\"Written by\" \/>\n\t<meta name=\"twitter:data1\" content=\"kreative\" \/>\n\t<meta name=\"twitter:label2\" content=\"Est. reading time\" \/>\n\t<meta name=\"twitter:data2\" content=\"2 minutes\" \/>\n<script type=\"application\/ld+json\" class=\"yoast-schema-graph\">{\"@context\":\"https:\\\/\\\/schema.org\",\"@graph\":[{\"@type\":\"Article\",\"@id\":\"https:\\\/\\\/www.kreativeraeumewien.at\\\/en\\\/news-en\\\/aktuelle-zwischennutzungen\\\/#article\",\"isPartOf\":{\"@id\":\"https:\\\/\\\/www.kreativeraeumewien.at\\\/en\\\/news-en\\\/aktuelle-zwischennutzungen\\\/\"},\"author\":{\"name\":\"kreative\",\"@id\":\"https:\\\/\\\/www.kreativeraeumewien.at\\\/en\\\/#\\\/schema\\\/person\\\/35b1cedbc652eb88fa4b3285cbde2537\"},\"headline\":\"\u00dcbersicht: Aktuelle Zwischennutzungen in Wien\",\"datePublished\":\"2025-10-14T10:17:53+00:00\",\"dateModified\":\"2026-04-16T12:52:49+00:00\",\"mainEntityOfPage\":{\"@id\":\"https:\\\/\\\/www.kreativeraeumewien.at\\\/en\\\/news-en\\\/aktuelle-zwischennutzungen\\\/\"},\"wordCount\":312,\"publisher\":{\"@id\":\"https:\\\/\\\/www.kreativeraeumewien.at\\\/en\\\/#organization\"},\"image\":{\"@id\":\"https:\\\/\\\/www.kreativeraeumewien.at\\\/en\\\/news-en\\\/aktuelle-zwischennutzungen\\\/#primaryimage\"},\"thumbnailUrl\":\"https:\\\/\\\/www.kreativeraeumewien.at\\\/wp-content\\\/uploads\\\/2025\\\/07\\\/Karte_Website_.jpg\",\"keywords\":[\"KRW\",\"Zwischennutzung\"],\"articleSection\":[\"News\"],\"inLanguage\":\"en-US\"},{\"@type\":\"WebPage\",\"@id\":\"https:\\\/\\\/www.kreativeraeumewien.at\\\/en\\\/news-en\\\/aktuelle-zwischennutzungen\\\/\",\"url\":\"https:\\\/\\\/www.kreativeraeumewien.at\\\/en\\\/news-en\\\/aktuelle-zwischennutzungen\\\/\",\"name\":\"\u00dcbersicht: Aktuelle Zwischennutzungen in Wien - Kreative R\u00e4ume Wien\",\"isPartOf\":{\"@id\":\"https:\\\/\\\/www.kreativeraeumewien.at\\\/en\\\/#website\"},\"primaryImageOfPage\":{\"@id\":\"https:\\\/\\\/www.kreativeraeumewien.at\\\/en\\\/news-en\\\/aktuelle-zwischennutzungen\\\/#primaryimage\"},\"image\":{\"@id\":\"https:\\\/\\\/www.kreativeraeumewien.at\\\/en\\\/news-en\\\/aktuelle-zwischennutzungen\\\/#primaryimage\"},\"thumbnailUrl\":\"https:\\\/\\\/www.kreativeraeumewien.at\\\/wp-content\\\/uploads\\\/2025\\\/07\\\/Karte_Website_.jpg\",\"datePublished\":\"2025-10-14T10:17:53+00:00\",\"dateModified\":\"2026-04-16T12:52:49+00:00\",\"description\":\"Der Herbst bringt frischen Wind in Wiens Zwischennutzungen \u2013 und vor allem aufs Otto-Wagner-Areal: zwei Projekte sind dort neu verortet.\",\"breadcrumb\":{\"@id\":\"https:\\\/\\\/www.kreativeraeumewien.at\\\/en\\\/news-en\\\/aktuelle-zwischennutzungen\\\/#breadcrumb\"},\"inLanguage\":\"en-US\",\"potentialAction\":[{\"@type\":\"ReadAction\",\"target\":[\"https:\\\/\\\/www.kreativeraeumewien.at\\\/en\\\/news-en\\\/aktuelle-zwischennutzungen\\\/\"]}]},{\"@type\":\"ImageObject\",\"inLanguage\":\"en-US\",\"@id\":\"https:\\\/\\\/www.kreativeraeumewien.at\\\/en\\\/news-en\\\/aktuelle-zwischennutzungen\\\/#primaryimage\",\"url\":\"https:\\\/\\\/www.kreativeraeumewien.at\\\/wp-content\\\/uploads\\\/2025\\\/07\\\/Karte_Website_.jpg\",\"contentUrl\":\"https:\\\/\\\/www.kreativeraeumewien.at\\\/wp-content\\\/uploads\\\/2025\\\/07\\\/Karte_Website_.jpg\",\"width\":1200,\"height\":772,\"caption\":\"Wo sind die aktuellen kreativen Zwischennutzungen in der Stadt verortet? Hier ein \u00dcberblick.\"},{\"@type\":\"BreadcrumbList\",\"@id\":\"https:\\\/\\\/www.kreativeraeumewien.at\\\/en\\\/news-en\\\/aktuelle-zwischennutzungen\\\/#breadcrumb\",\"itemListElement\":[{\"@type\":\"ListItem\",\"position\":1,\"name\":\"Startseite\",\"item\":\"https:\\\/\\\/www.kreativeraeumewien.at\\\/en\\\/\"},{\"@type\":\"ListItem\",\"position\":2,\"name\":\"\u00dcbersicht: Aktuelle Zwischennutzungen in Wien\"}]},{\"@type\":\"WebSite\",\"@id\":\"https:\\\/\\\/www.kreativeraeumewien.at\\\/en\\\/#website\",\"url\":\"https:\\\/\\\/www.kreativeraeumewien.at\\\/en\\\/\",\"name\":\"Kreative R\u00e4ume Wien\",\"description\":\"Service fu\u0308r Leerstandsaktivierung und Zwischennutzung f\u00fcr die Stadt Wien\",\"publisher\":{\"@id\":\"https:\\\/\\\/www.kreativeraeumewien.at\\\/en\\\/#organization\"},\"potentialAction\":[{\"@type\":\"SearchAction\",\"target\":{\"@type\":\"EntryPoint\",\"urlTemplate\":\"https:\\\/\\\/www.kreativeraeumewien.at\\\/en\\\/?s={search_term_string}\"},\"query-input\":{\"@type\":\"PropertyValueSpecification\",\"valueRequired\":true,\"valueName\":\"search_term_string\"}}],\"inLanguage\":\"en-US\"},{\"@type\":\"Organization\",\"@id\":\"https:\\\/\\\/www.kreativeraeumewien.at\\\/en\\\/#organization\",\"name\":\"Kreative R\u00e4ume Wien\",\"url\":\"https:\\\/\\\/www.kreativeraeumewien.at\\\/en\\\/\",\"logo\":{\"@type\":\"ImageObject\",\"inLanguage\":\"en-US\",\"@id\":\"https:\\\/\\\/www.kreativeraeumewien.at\\\/en\\\/#\\\/schema\\\/logo\\\/image\\\/\",\"url\":\"https:\\\/\\\/www.kreativeraeumewien.at\\\/wp-content\\\/uploads\\\/2021\\\/12\\\/KRW-LOGO.png\",\"contentUrl\":\"https:\\\/\\\/www.kreativeraeumewien.at\\\/wp-content\\\/uploads\\\/2021\\\/12\\\/KRW-LOGO.png\",\"width\":567,\"height\":567,\"caption\":\"Kreative R\u00e4ume Wien\"},\"image\":{\"@id\":\"https:\\\/\\\/www.kreativeraeumewien.at\\\/en\\\/#\\\/schema\\\/logo\\\/image\\\/\"},\"sameAs\":[\"https:\\\/\\\/www.facebook.com\\\/kreativeraeumewien\",\"https:\\\/\\\/www.instagram.com\\\/kreativeraeume\",\"https:\\\/\\\/www.linkedin.com\\\/company\\\/71490261\\\/\"]},{\"@type\":\"Person\",\"@id\":\"https:\\\/\\\/www.kreativeraeumewien.at\\\/en\\\/#\\\/schema\\\/person\\\/35b1cedbc652eb88fa4b3285cbde2537\",\"name\":\"kreative\",\"image\":{\"@type\":\"ImageObject\",\"inLanguage\":\"en-US\",\"@id\":\"https:\\\/\\\/secure.gravatar.com\\\/avatar\\\/88784b22c5c172056132cc44a3194213a0f02167beb0a9b64ff49b84e648f072?s=96&d=mm&r=g\",\"url\":\"https:\\\/\\\/secure.gravatar.com\\\/avatar\\\/88784b22c5c172056132cc44a3194213a0f02167beb0a9b64ff49b84e648f072?s=96&d=mm&r=g\",\"contentUrl\":\"https:\\\/\\\/secure.gravatar.com\\\/avatar\\\/88784b22c5c172056132cc44a3194213a0f02167beb0a9b64ff49b84e648f072?s=96&d=mm&r=g\",\"caption\":\"kreative\"},\"url\":\"https:\\\/\\\/www.kreativeraeumewien.at\\\/en\\\/author\\\/admin\\\/\"}]}<\/script>\n<!-- \/ Yoast SEO plugin. -->","yoast_head_json":{"title":"\u00dcbersicht: Aktuelle Zwischennutzungen in Wien - Kreative R\u00e4ume Wien","description":"Der Herbst bringt frischen Wind in Wiens Zwischennutzungen \u2013 und vor allem aufs Otto-Wagner-Areal: zwei Projekte sind dort neu verortet.","robots":{"index":"index","follow":"follow","max-snippet":"max-snippet:-1","max-image-preview":"max-image-preview:large","max-video-preview":"max-video-preview:-1"},"canonical":"https:\/\/www.kreativeraeumewien.at\/en\/news-en\/aktuelle-zwischennutzungen\/","og_locale":"en_US","og_type":"article","og_title":"\u00dcbersicht: Aktuelle Zwischennutzungen in Wien - Kreative R\u00e4ume Wien","og_description":"Der Herbst bringt frischen Wind in Wiens Zwischennutzungen \u2013 und vor allem aufs Otto-Wagner-Areal: zwei Projekte sind dort neu verortet.","og_url":"https:\/\/www.kreativeraeumewien.at\/en\/news-en\/aktuelle-zwischennutzungen\/","og_site_name":"Kreative R\u00e4ume Wien","article_publisher":"https:\/\/www.facebook.com\/kreativeraeumewien","article_published_time":"2025-10-14T10:17:53+00:00","article_modified_time":"2026-04-16T12:52:49+00:00","og_image":[{"width":1200,"height":772,"url":"https:\/\/www.kreativeraeumewien.at\/wp-content\/uploads\/2025\/07\/Karte_Website_.jpg","type":"image\/jpeg"}],"author":"kreative","twitter_card":"summary_large_image","twitter_misc":{"Written by":"kreative","Est. reading time":"2 minutes"},"schema":{"@context":"https:\/\/schema.org","@graph":[{"@type":"Article","@id":"https:\/\/www.kreativeraeumewien.at\/en\/news-en\/aktuelle-zwischennutzungen\/#article","isPartOf":{"@id":"https:\/\/www.kreativeraeumewien.at\/en\/news-en\/aktuelle-zwischennutzungen\/"},"author":{"name":"kreative","@id":"https:\/\/www.kreativeraeumewien.at\/en\/#\/schema\/person\/35b1cedbc652eb88fa4b3285cbde2537"},"headline":"\u00dcbersicht: Aktuelle Zwischennutzungen in Wien","datePublished":"2025-10-14T10:17:53+00:00","dateModified":"2026-04-16T12:52:49+00:00","mainEntityOfPage":{"@id":"https:\/\/www.kreativeraeumewien.at\/en\/news-en\/aktuelle-zwischennutzungen\/"},"wordCount":312,"publisher":{"@id":"https:\/\/www.kreativeraeumewien.at\/en\/#organization"},"image":{"@id":"https:\/\/www.kreativeraeumewien.at\/en\/news-en\/aktuelle-zwischennutzungen\/#primaryimage"},"thumbnailUrl":"https:\/\/www.kreativeraeumewien.at\/wp-content\/uploads\/2025\/07\/Karte_Website_.jpg","keywords":["KRW","Zwischennutzung"],"articleSection":["News"],"inLanguage":"en-US"},{"@type":"WebPage","@id":"https:\/\/www.kreativeraeumewien.at\/en\/news-en\/aktuelle-zwischennutzungen\/","url":"https:\/\/www.kreativeraeumewien.at\/en\/news-en\/aktuelle-zwischennutzungen\/","name":"\u00dcbersicht: Aktuelle Zwischennutzungen in Wien - Kreative R\u00e4ume Wien","isPartOf":{"@id":"https:\/\/www.kreativeraeumewien.at\/en\/#website"},"primaryImageOfPage":{"@id":"https:\/\/www.kreativeraeumewien.at\/en\/news-en\/aktuelle-zwischennutzungen\/#primaryimage"},"image":{"@id":"https:\/\/www.kreativeraeumewien.at\/en\/news-en\/aktuelle-zwischennutzungen\/#primaryimage"},"thumbnailUrl":"https:\/\/www.kreativeraeumewien.at\/wp-content\/uploads\/2025\/07\/Karte_Website_.jpg","datePublished":"2025-10-14T10:17:53+00:00","dateModified":"2026-04-16T12:52:49+00:00","description":"Der Herbst bringt frischen Wind in Wiens Zwischennutzungen \u2013 und vor allem aufs Otto-Wagner-Areal: zwei Projekte sind dort neu verortet.","breadcrumb":{"@id":"https:\/\/www.kreativeraeumewien.at\/en\/news-en\/aktuelle-zwischennutzungen\/#breadcrumb"},"inLanguage":"en-US","potentialAction":[{"@type":"ReadAction","target":["https:\/\/www.kreativeraeumewien.at\/en\/news-en\/aktuelle-zwischennutzungen\/"]}]},{"@type":"ImageObject","inLanguage":"en-US","@id":"https:\/\/www.kreativeraeumewien.at\/en\/news-en\/aktuelle-zwischennutzungen\/#primaryimage","url":"https:\/\/www.kreativeraeumewien.at\/wp-content\/uploads\/2025\/07\/Karte_Website_.jpg","contentUrl":"https:\/\/www.kreativeraeumewien.at\/wp-content\/uploads\/2025\/07\/Karte_Website_.jpg","width":1200,"height":772,"caption":"Wo sind die aktuellen kreativen Zwischennutzungen in der Stadt verortet? Hier ein \u00dcberblick."},{"@type":"BreadcrumbList","@id":"https:\/\/www.kreativeraeumewien.at\/en\/news-en\/aktuelle-zwischennutzungen\/#breadcrumb","itemListElement":[{"@type":"ListItem","position":1,"name":"Startseite","item":"https:\/\/www.kreativeraeumewien.at\/en\/"},{"@type":"ListItem","position":2,"name":"\u00dcbersicht: Aktuelle Zwischennutzungen in Wien"}]},{"@type":"WebSite","@id":"https:\/\/www.kreativeraeumewien.at\/en\/#website","url":"https:\/\/www.kreativeraeumewien.at\/en\/","name":"Kreative R\u00e4ume Wien","description":"Service fu\u0308r Leerstandsaktivierung und Zwischennutzung f\u00fcr die Stadt Wien","publisher":{"@id":"https:\/\/www.kreativeraeumewien.at\/en\/#organization"},"potentialAction":[{"@type":"SearchAction","target":{"@type":"EntryPoint","urlTemplate":"https:\/\/www.kreativeraeumewien.at\/en\/?s={search_term_string}"},"query-input":{"@type":"PropertyValueSpecification","valueRequired":true,"valueName":"search_term_string"}}],"inLanguage":"en-US"},{"@type":"Organization","@id":"https:\/\/www.kreativeraeumewien.at\/en\/#organization","name":"Kreative R\u00e4ume Wien","url":"https:\/\/www.kreativeraeumewien.at\/en\/","logo":{"@type":"ImageObject","inLanguage":"en-US","@id":"https:\/\/www.kreativeraeumewien.at\/en\/#\/schema\/logo\/image\/","url":"https:\/\/www.kreativeraeumewien.at\/wp-content\/uploads\/2021\/12\/KRW-LOGO.png","contentUrl":"https:\/\/www.kreativeraeumewien.at\/wp-content\/uploads\/2021\/12\/KRW-LOGO.png","width":567,"height":567,"caption":"Kreative R\u00e4ume Wien"},"image":{"@id":"https:\/\/www.kreativeraeumewien.at\/en\/#\/schema\/logo\/image\/"},"sameAs":["https:\/\/www.facebook.com\/kreativeraeumewien","https:\/\/www.instagram.com\/kreativeraeume","https:\/\/www.linkedin.com\/company\/71490261\/"]},{"@type":"Person","@id":"https:\/\/www.kreativeraeumewien.at\/en\/#\/schema\/person\/35b1cedbc652eb88fa4b3285cbde2537","name":"kreative","image":{"@type":"ImageObject","inLanguage":"en-US","@id":"https:\/\/secure.gravatar.com\/avatar\/88784b22c5c172056132cc44a3194213a0f02167beb0a9b64ff49b84e648f072?s=96&d=mm&r=g","url":"https:\/\/secure.gravatar.com\/avatar\/88784b22c5c172056132cc44a3194213a0f02167beb0a9b64ff49b84e648f072?s=96&d=mm&r=g","contentUrl":"https:\/\/secure.gravatar.com\/avatar\/88784b22c5c172056132cc44a3194213a0f02167beb0a9b64ff49b84e648f072?s=96&d=mm&r=g","caption":"kreative"},"url":"https:\/\/www.kreativeraeumewien.at\/en\/author\/admin\/"}]}},"_links":{"self":[{"href":"https:\/\/www.kreativeraeumewien.at\/en\/wp-json\/wp\/v2\/posts\/9567","targetHints":{"allow":["GET"]}}],"collection":[{"href":"https:\/\/www.kreativeraeumewien.at\/en\/wp-json\/wp\/v2\/posts"}],"about":[{"href":"https:\/\/www.kreativeraeumewien.at\/en\/wp-json\/wp\/v2\/types\/post"}],"author":[{"embeddable":true,"href":"https:\/\/www.kreativeraeumewien.at\/en\/wp-json\/wp\/v2\/users\/2"}],"replies":[{"embeddable":true,"href":"https:\/\/www.kreativeraeumewien.at\/en\/wp-json\/wp\/v2\/comments?post=9567"}],"version-history":[{"count":5,"href":"https:\/\/www.kreativeraeumewien.at\/en\/wp-json\/wp\/v2\/posts\/9567\/revisions"}],"predecessor-version":[{"id":10492,"href":"https:\/\/www.kreativeraeumewien.at\/en\/wp-json\/wp\/v2\/posts\/9567\/revisions\/10492"}],"wp:featuredmedia":[{"embeddable":true,"href":"https:\/\/www.kreativeraeumewien.at\/en\/wp-json\/wp\/v2\/media\/9161"}],"wp:attachment":[{"href":"https:\/\/www.kreativeraeumewien.at\/en\/wp-json\/wp\/v2\/media?parent=9567"}],"wp:term":[{"taxonomy":"category","embeddable":true,"href":"https:\/\/www.kreativeraeumewien.at\/en\/wp-json\/wp\/v2\/categories?post=9567"},{"taxonomy":"post_tag","embeddable":true,"href":"https:\/\/www.kreativeraeumewien.at\/en\/wp-json\/wp\/v2\/tags?post=9567"}],"curies":[{"name":"wp","href":"https:\/\/api.w.org\/{rel}","templated":true}]}}