{"id":9694,"date":"2025-10-27T14:10:38","date_gmt":"2025-10-27T13:10:38","guid":{"rendered":"https:\/\/www.kreativeraeumewien.at\/?p=9694"},"modified":"2025-10-28T10:57:27","modified_gmt":"2025-10-28T09:57:27","slug":"weihnachtsfeier-2025","status":"publish","type":"post","link":"https:\/\/www.kreativeraeumewien.at\/en\/news-en\/weihnachtsfeier-2025\/","title":{"rendered":"In eigener Sache: Weihnachtsfeier mit GL\u00d8GG"},"content":{"rendered":"\n<p style=\"text-align: right;\">27.10.2025<\/p>\n\n\n\n<p>Wir laden herzlich zur Weihnachtsfeier am 2. Dezember ab 16 Uhr zu uns in die Kochgasse 25 im achten Bezirk ein. Lasst uns gemeinsam auf das Jahr voller spannender Projekte und Veranstaltungen zur\u00fcckblicken und gemeinsam die Weihnachtszeit einl\u00e4uten.&nbsp;<\/p>\n\n\n\n<p>Bei Keksen, warmen Getr\u00e4nken und Lichterglanz, gibt es Zeit f\u00fcr Austausch und einen gemeinsamen R\u00fcck- und Ausblick. Ob \u00fcber Leerstand, Zwischennutzung oder andere Themen, die ihr mitbringt. Gerne Freund:innen, Bekannte oder vielleicht schon die ersten selbst gebackenen Kekse der Saison einpacken und mitbringen.<\/p>\n\n\n\n<p>Zum Aufw\u00e4rmen bereitet Thomas aus unserem Team Gl\u00f8gg zu \u2013 die d\u00e4nische Variation des Gl\u00fchweins. Und damit auch f\u00fcr alle genug Gl\u00f8gg da ist, bitten wir um eine kurze Anmeldung <a href=\"mailto:office@kreativeraeumewien.at\" target=\"_blank\" rel=\"noreferrer noopener\">via Mail<\/a>.\u00a0<\/p>\n\n\n\n<p><strong>WANN:<\/strong> 02.12.2025 I ab 16 Uhr \u2028<br><strong>WO:<\/strong> <a href=\"https:\/\/www.google.com\/maps\/place\/Kochgasse+25,+1080+Wien\/@48.2142066,16.3467028,16z\/data=!3m1!4b1!4m6!3m5!1s0x476d07c1d27282cb:0x2b0de6eac5712196!8m2!3d48.2142031!4d16.3492777!16s%2Fg%2F11rp381zkg?entry=ttu&amp;g_ep=EgoyMDI1MTAyMi4wIKXMDSoASAFQAw%3D%3D\" target=\"_blank\" rel=\"noreferrer noopener\">Kochgasse 25, 1080 Wien<\/a><\/p>\n","protected":false},"excerpt":{"rendered":"<p>27.10.2025 Wir laden herzlich zur Weihnachtsfeier am 2. Dezember ab 16 Uhr zu uns in die Kochgasse 25 im achten Bezirk ein. Lasst uns gemeinsam auf das Jahr voller spannender Projekte und Veranstaltungen zur\u00fcckblicken und gemeinsam die Weihnachtszeit einl\u00e4uten.&nbsp; Bei Keksen, warmen Getr\u00e4nken und Lichterglanz, gibt es Zeit f\u00fcr Austausch und einen gemeinsamen R\u00fcck- und [&hellip;]<\/p>\n","protected":false},"author":2,"featured_media":9692,"comment_status":"closed","ping_status":"closed","sticky":false,"template":"","format":"standard","meta":{"_acf_changed":false,"_eb_attr":"","footnotes":""},"categories":[82],"tags":[90,89],"class_list":["post-9694","post","type-post","status-publish","format-standard","has-post-thumbnail","hentry","category-news-en","tag-graetzloase-en","tag-krw-en"],"acf":[],"yoast_head":"<!-- This site is optimized with the Yoast SEO plugin v27.3 - https:\/\/yoast.com\/product\/yoast-seo-wordpress\/ -->\n<title>In eigener Sache: Weihnachtsfeier mit GL\u00d8GG - Kreative R\u00e4ume Wien<\/title>\n<meta name=\"description\" content=\"Wir laden herzlich zu unserer Weihnachtsfeier am 2. Dezember ab 16 Uhr zu uns in die Kochgasse 25 im achten Bezirk ein.\" \/>\n<meta name=\"robots\" content=\"index, follow, max-snippet:-1, max-image-preview:large, max-video-preview:-1\" \/>\n<link rel=\"canonical\" href=\"https:\/\/www.kreativeraeumewien.at\/en\/news-en\/weihnachtsfeier-2025\/\" \/>\n<meta property=\"og:locale\" content=\"en_US\" \/>\n<meta property=\"og:type\" content=\"article\" \/>\n<meta property=\"og:title\" content=\"In eigener Sache: Weihnachtsfeier mit GL\u00d8GG - Kreative R\u00e4ume Wien\" \/>\n<meta property=\"og:description\" content=\"Wir laden herzlich zu unserer Weihnachtsfeier am 2. Dezember ab 16 Uhr zu uns in die Kochgasse 25 im achten Bezirk ein.\" \/>\n<meta property=\"og:url\" content=\"https:\/\/www.kreativeraeumewien.at\/en\/news-en\/weihnachtsfeier-2025\/\" \/>\n<meta property=\"og:site_name\" content=\"Kreative R\u00e4ume Wien\" \/>\n<meta property=\"article:publisher\" content=\"https:\/\/www.facebook.com\/kreativeraeumewien\" \/>\n<meta property=\"article:published_time\" content=\"2025-10-27T13:10:38+00:00\" \/>\n<meta property=\"article:modified_time\" content=\"2025-10-28T09:57:27+00:00\" \/>\n<meta property=\"og:image\" content=\"https:\/\/www.kreativeraeumewien.at\/wp-content\/uploads\/2025\/10\/Newsletter_weihnachten.jpg\" \/>\n\t<meta property=\"og:image:width\" content=\"1200\" \/>\n\t<meta property=\"og:image:height\" content=\"772\" \/>\n\t<meta property=\"og:image:type\" content=\"image\/jpeg\" \/>\n<meta name=\"author\" content=\"kreative\" \/>\n<meta name=\"twitter:card\" content=\"summary_large_image\" \/>\n<meta name=\"twitter:label1\" content=\"Written by\" \/>\n\t<meta name=\"twitter:data1\" content=\"kreative\" \/>\n\t<meta name=\"twitter:label2\" content=\"Est. reading time\" \/>\n\t<meta name=\"twitter:data2\" content=\"1 minute\" \/>\n<script type=\"application\/ld+json\" class=\"yoast-schema-graph\">{\"@context\":\"https:\\\/\\\/schema.org\",\"@graph\":[{\"@type\":\"Article\",\"@id\":\"https:\\\/\\\/www.kreativeraeumewien.at\\\/en\\\/news-en\\\/weihnachtsfeier-2025\\\/#article\",\"isPartOf\":{\"@id\":\"https:\\\/\\\/www.kreativeraeumewien.at\\\/en\\\/news-en\\\/weihnachtsfeier-2025\\\/\"},\"author\":{\"name\":\"kreative\",\"@id\":\"https:\\\/\\\/www.kreativeraeumewien.at\\\/en\\\/#\\\/schema\\\/person\\\/35b1cedbc652eb88fa4b3285cbde2537\"},\"headline\":\"In eigener Sache: Weihnachtsfeier mit GL\u00d8GG\",\"datePublished\":\"2025-10-27T13:10:38+00:00\",\"dateModified\":\"2025-10-28T09:57:27+00:00\",\"mainEntityOfPage\":{\"@id\":\"https:\\\/\\\/www.kreativeraeumewien.at\\\/en\\\/news-en\\\/weihnachtsfeier-2025\\\/\"},\"wordCount\":136,\"publisher\":{\"@id\":\"https:\\\/\\\/www.kreativeraeumewien.at\\\/en\\\/#organization\"},\"image\":{\"@id\":\"https:\\\/\\\/www.kreativeraeumewien.at\\\/en\\\/news-en\\\/weihnachtsfeier-2025\\\/#primaryimage\"},\"thumbnailUrl\":\"https:\\\/\\\/www.kreativeraeumewien.at\\\/wp-content\\\/uploads\\\/2025\\\/10\\\/Newsletter_weihnachten.jpg\",\"keywords\":[\"Gr\u00e4tzloase\",\"KRW\"],\"articleSection\":[\"News\"],\"inLanguage\":\"en-US\"},{\"@type\":\"WebPage\",\"@id\":\"https:\\\/\\\/www.kreativeraeumewien.at\\\/en\\\/news-en\\\/weihnachtsfeier-2025\\\/\",\"url\":\"https:\\\/\\\/www.kreativeraeumewien.at\\\/en\\\/news-en\\\/weihnachtsfeier-2025\\\/\",\"name\":\"In eigener Sache: Weihnachtsfeier mit GL\u00d8GG - Kreative R\u00e4ume Wien\",\"isPartOf\":{\"@id\":\"https:\\\/\\\/www.kreativeraeumewien.at\\\/en\\\/#website\"},\"primaryImageOfPage\":{\"@id\":\"https:\\\/\\\/www.kreativeraeumewien.at\\\/en\\\/news-en\\\/weihnachtsfeier-2025\\\/#primaryimage\"},\"image\":{\"@id\":\"https:\\\/\\\/www.kreativeraeumewien.at\\\/en\\\/news-en\\\/weihnachtsfeier-2025\\\/#primaryimage\"},\"thumbnailUrl\":\"https:\\\/\\\/www.kreativeraeumewien.at\\\/wp-content\\\/uploads\\\/2025\\\/10\\\/Newsletter_weihnachten.jpg\",\"datePublished\":\"2025-10-27T13:10:38+00:00\",\"dateModified\":\"2025-10-28T09:57:27+00:00\",\"description\":\"Wir laden herzlich zu unserer Weihnachtsfeier am 2. Dezember ab 16 Uhr zu uns in die Kochgasse 25 im achten Bezirk ein.\",\"breadcrumb\":{\"@id\":\"https:\\\/\\\/www.kreativeraeumewien.at\\\/en\\\/news-en\\\/weihnachtsfeier-2025\\\/#breadcrumb\"},\"inLanguage\":\"en-US\",\"potentialAction\":[{\"@type\":\"ReadAction\",\"target\":[\"https:\\\/\\\/www.kreativeraeumewien.at\\\/en\\\/news-en\\\/weihnachtsfeier-2025\\\/\"]}]},{\"@type\":\"ImageObject\",\"inLanguage\":\"en-US\",\"@id\":\"https:\\\/\\\/www.kreativeraeumewien.at\\\/en\\\/news-en\\\/weihnachtsfeier-2025\\\/#primaryimage\",\"url\":\"https:\\\/\\\/www.kreativeraeumewien.at\\\/wp-content\\\/uploads\\\/2025\\\/10\\\/Newsletter_weihnachten.jpg\",\"contentUrl\":\"https:\\\/\\\/www.kreativeraeumewien.at\\\/wp-content\\\/uploads\\\/2025\\\/10\\\/Newsletter_weihnachten.jpg\",\"width\":1200,\"height\":772},{\"@type\":\"BreadcrumbList\",\"@id\":\"https:\\\/\\\/www.kreativeraeumewien.at\\\/en\\\/news-en\\\/weihnachtsfeier-2025\\\/#breadcrumb\",\"itemListElement\":[{\"@type\":\"ListItem\",\"position\":1,\"name\":\"Startseite\",\"item\":\"https:\\\/\\\/www.kreativeraeumewien.at\\\/en\\\/\"},{\"@type\":\"ListItem\",\"position\":2,\"name\":\"In eigener Sache: Weihnachtsfeier mit GL\u00d8GG\"}]},{\"@type\":\"WebSite\",\"@id\":\"https:\\\/\\\/www.kreativeraeumewien.at\\\/en\\\/#website\",\"url\":\"https:\\\/\\\/www.kreativeraeumewien.at\\\/en\\\/\",\"name\":\"Kreative R\u00e4ume Wien\",\"description\":\"Service fu\u0308r Leerstandsaktivierung und Zwischennutzung f\u00fcr die Stadt Wien\",\"publisher\":{\"@id\":\"https:\\\/\\\/www.kreativeraeumewien.at\\\/en\\\/#organization\"},\"potentialAction\":[{\"@type\":\"SearchAction\",\"target\":{\"@type\":\"EntryPoint\",\"urlTemplate\":\"https:\\\/\\\/www.kreativeraeumewien.at\\\/en\\\/?s={search_term_string}\"},\"query-input\":{\"@type\":\"PropertyValueSpecification\",\"valueRequired\":true,\"valueName\":\"search_term_string\"}}],\"inLanguage\":\"en-US\"},{\"@type\":\"Organization\",\"@id\":\"https:\\\/\\\/www.kreativeraeumewien.at\\\/en\\\/#organization\",\"name\":\"Kreative R\u00e4ume Wien\",\"url\":\"https:\\\/\\\/www.kreativeraeumewien.at\\\/en\\\/\",\"logo\":{\"@type\":\"ImageObject\",\"inLanguage\":\"en-US\",\"@id\":\"https:\\\/\\\/www.kreativeraeumewien.at\\\/en\\\/#\\\/schema\\\/logo\\\/image\\\/\",\"url\":\"https:\\\/\\\/www.kreativeraeumewien.at\\\/wp-content\\\/uploads\\\/2021\\\/12\\\/KRW-LOGO.png\",\"contentUrl\":\"https:\\\/\\\/www.kreativeraeumewien.at\\\/wp-content\\\/uploads\\\/2021\\\/12\\\/KRW-LOGO.png\",\"width\":567,\"height\":567,\"caption\":\"Kreative R\u00e4ume Wien\"},\"image\":{\"@id\":\"https:\\\/\\\/www.kreativeraeumewien.at\\\/en\\\/#\\\/schema\\\/logo\\\/image\\\/\"},\"sameAs\":[\"https:\\\/\\\/www.facebook.com\\\/kreativeraeumewien\",\"https:\\\/\\\/www.instagram.com\\\/kreativeraeume\",\"https:\\\/\\\/www.linkedin.com\\\/company\\\/71490261\\\/\"]},{\"@type\":\"Person\",\"@id\":\"https:\\\/\\\/www.kreativeraeumewien.at\\\/en\\\/#\\\/schema\\\/person\\\/35b1cedbc652eb88fa4b3285cbde2537\",\"name\":\"kreative\",\"image\":{\"@type\":\"ImageObject\",\"inLanguage\":\"en-US\",\"@id\":\"https:\\\/\\\/secure.gravatar.com\\\/avatar\\\/88784b22c5c172056132cc44a3194213a0f02167beb0a9b64ff49b84e648f072?s=96&d=mm&r=g\",\"url\":\"https:\\\/\\\/secure.gravatar.com\\\/avatar\\\/88784b22c5c172056132cc44a3194213a0f02167beb0a9b64ff49b84e648f072?s=96&d=mm&r=g\",\"contentUrl\":\"https:\\\/\\\/secure.gravatar.com\\\/avatar\\\/88784b22c5c172056132cc44a3194213a0f02167beb0a9b64ff49b84e648f072?s=96&d=mm&r=g\",\"caption\":\"kreative\"},\"url\":\"https:\\\/\\\/www.kreativeraeumewien.at\\\/en\\\/author\\\/admin\\\/\"}]}<\/script>\n<!-- \/ Yoast SEO plugin. -->","yoast_head_json":{"title":"In eigener Sache: Weihnachtsfeier mit GL\u00d8GG - Kreative R\u00e4ume Wien","description":"Wir laden herzlich zu unserer Weihnachtsfeier am 2. Dezember ab 16 Uhr zu uns in die Kochgasse 25 im achten Bezirk ein.","robots":{"index":"index","follow":"follow","max-snippet":"max-snippet:-1","max-image-preview":"max-image-preview:large","max-video-preview":"max-video-preview:-1"},"canonical":"https:\/\/www.kreativeraeumewien.at\/en\/news-en\/weihnachtsfeier-2025\/","og_locale":"en_US","og_type":"article","og_title":"In eigener Sache: Weihnachtsfeier mit GL\u00d8GG - Kreative R\u00e4ume Wien","og_description":"Wir laden herzlich zu unserer Weihnachtsfeier am 2. Dezember ab 16 Uhr zu uns in die Kochgasse 25 im achten Bezirk ein.","og_url":"https:\/\/www.kreativeraeumewien.at\/en\/news-en\/weihnachtsfeier-2025\/","og_site_name":"Kreative R\u00e4ume Wien","article_publisher":"https:\/\/www.facebook.com\/kreativeraeumewien","article_published_time":"2025-10-27T13:10:38+00:00","article_modified_time":"2025-10-28T09:57:27+00:00","og_image":[{"width":1200,"height":772,"url":"https:\/\/www.kreativeraeumewien.at\/wp-content\/uploads\/2025\/10\/Newsletter_weihnachten.jpg","type":"image\/jpeg"}],"author":"kreative","twitter_card":"summary_large_image","twitter_misc":{"Written by":"kreative","Est. reading time":"1 minute"},"schema":{"@context":"https:\/\/schema.org","@graph":[{"@type":"Article","@id":"https:\/\/www.kreativeraeumewien.at\/en\/news-en\/weihnachtsfeier-2025\/#article","isPartOf":{"@id":"https:\/\/www.kreativeraeumewien.at\/en\/news-en\/weihnachtsfeier-2025\/"},"author":{"name":"kreative","@id":"https:\/\/www.kreativeraeumewien.at\/en\/#\/schema\/person\/35b1cedbc652eb88fa4b3285cbde2537"},"headline":"In eigener Sache: Weihnachtsfeier mit GL\u00d8GG","datePublished":"2025-10-27T13:10:38+00:00","dateModified":"2025-10-28T09:57:27+00:00","mainEntityOfPage":{"@id":"https:\/\/www.kreativeraeumewien.at\/en\/news-en\/weihnachtsfeier-2025\/"},"wordCount":136,"publisher":{"@id":"https:\/\/www.kreativeraeumewien.at\/en\/#organization"},"image":{"@id":"https:\/\/www.kreativeraeumewien.at\/en\/news-en\/weihnachtsfeier-2025\/#primaryimage"},"thumbnailUrl":"https:\/\/www.kreativeraeumewien.at\/wp-content\/uploads\/2025\/10\/Newsletter_weihnachten.jpg","keywords":["Gr\u00e4tzloase","KRW"],"articleSection":["News"],"inLanguage":"en-US"},{"@type":"WebPage","@id":"https:\/\/www.kreativeraeumewien.at\/en\/news-en\/weihnachtsfeier-2025\/","url":"https:\/\/www.kreativeraeumewien.at\/en\/news-en\/weihnachtsfeier-2025\/","name":"In eigener Sache: Weihnachtsfeier mit GL\u00d8GG - Kreative R\u00e4ume Wien","isPartOf":{"@id":"https:\/\/www.kreativeraeumewien.at\/en\/#website"},"primaryImageOfPage":{"@id":"https:\/\/www.kreativeraeumewien.at\/en\/news-en\/weihnachtsfeier-2025\/#primaryimage"},"image":{"@id":"https:\/\/www.kreativeraeumewien.at\/en\/news-en\/weihnachtsfeier-2025\/#primaryimage"},"thumbnailUrl":"https:\/\/www.kreativeraeumewien.at\/wp-content\/uploads\/2025\/10\/Newsletter_weihnachten.jpg","datePublished":"2025-10-27T13:10:38+00:00","dateModified":"2025-10-28T09:57:27+00:00","description":"Wir laden herzlich zu unserer Weihnachtsfeier am 2. Dezember ab 16 Uhr zu uns in die Kochgasse 25 im achten Bezirk ein.","breadcrumb":{"@id":"https:\/\/www.kreativeraeumewien.at\/en\/news-en\/weihnachtsfeier-2025\/#breadcrumb"},"inLanguage":"en-US","potentialAction":[{"@type":"ReadAction","target":["https:\/\/www.kreativeraeumewien.at\/en\/news-en\/weihnachtsfeier-2025\/"]}]},{"@type":"ImageObject","inLanguage":"en-US","@id":"https:\/\/www.kreativeraeumewien.at\/en\/news-en\/weihnachtsfeier-2025\/#primaryimage","url":"https:\/\/www.kreativeraeumewien.at\/wp-content\/uploads\/2025\/10\/Newsletter_weihnachten.jpg","contentUrl":"https:\/\/www.kreativeraeumewien.at\/wp-content\/uploads\/2025\/10\/Newsletter_weihnachten.jpg","width":1200,"height":772},{"@type":"BreadcrumbList","@id":"https:\/\/www.kreativeraeumewien.at\/en\/news-en\/weihnachtsfeier-2025\/#breadcrumb","itemListElement":[{"@type":"ListItem","position":1,"name":"Startseite","item":"https:\/\/www.kreativeraeumewien.at\/en\/"},{"@type":"ListItem","position":2,"name":"In eigener Sache: Weihnachtsfeier mit GL\u00d8GG"}]},{"@type":"WebSite","@id":"https:\/\/www.kreativeraeumewien.at\/en\/#website","url":"https:\/\/www.kreativeraeumewien.at\/en\/","name":"Kreative R\u00e4ume Wien","description":"Service fu\u0308r Leerstandsaktivierung und Zwischennutzung f\u00fcr die Stadt Wien","publisher":{"@id":"https:\/\/www.kreativeraeumewien.at\/en\/#organization"},"potentialAction":[{"@type":"SearchAction","target":{"@type":"EntryPoint","urlTemplate":"https:\/\/www.kreativeraeumewien.at\/en\/?s={search_term_string}"},"query-input":{"@type":"PropertyValueSpecification","valueRequired":true,"valueName":"search_term_string"}}],"inLanguage":"en-US"},{"@type":"Organization","@id":"https:\/\/www.kreativeraeumewien.at\/en\/#organization","name":"Kreative R\u00e4ume Wien","url":"https:\/\/www.kreativeraeumewien.at\/en\/","logo":{"@type":"ImageObject","inLanguage":"en-US","@id":"https:\/\/www.kreativeraeumewien.at\/en\/#\/schema\/logo\/image\/","url":"https:\/\/www.kreativeraeumewien.at\/wp-content\/uploads\/2021\/12\/KRW-LOGO.png","contentUrl":"https:\/\/www.kreativeraeumewien.at\/wp-content\/uploads\/2021\/12\/KRW-LOGO.png","width":567,"height":567,"caption":"Kreative R\u00e4ume Wien"},"image":{"@id":"https:\/\/www.kreativeraeumewien.at\/en\/#\/schema\/logo\/image\/"},"sameAs":["https:\/\/www.facebook.com\/kreativeraeumewien","https:\/\/www.instagram.com\/kreativeraeume","https:\/\/www.linkedin.com\/company\/71490261\/"]},{"@type":"Person","@id":"https:\/\/www.kreativeraeumewien.at\/en\/#\/schema\/person\/35b1cedbc652eb88fa4b3285cbde2537","name":"kreative","image":{"@type":"ImageObject","inLanguage":"en-US","@id":"https:\/\/secure.gravatar.com\/avatar\/88784b22c5c172056132cc44a3194213a0f02167beb0a9b64ff49b84e648f072?s=96&d=mm&r=g","url":"https:\/\/secure.gravatar.com\/avatar\/88784b22c5c172056132cc44a3194213a0f02167beb0a9b64ff49b84e648f072?s=96&d=mm&r=g","contentUrl":"https:\/\/secure.gravatar.com\/avatar\/88784b22c5c172056132cc44a3194213a0f02167beb0a9b64ff49b84e648f072?s=96&d=mm&r=g","caption":"kreative"},"url":"https:\/\/www.kreativeraeumewien.at\/en\/author\/admin\/"}]}},"_links":{"self":[{"href":"https:\/\/www.kreativeraeumewien.at\/en\/wp-json\/wp\/v2\/posts\/9694","targetHints":{"allow":["GET"]}}],"collection":[{"href":"https:\/\/www.kreativeraeumewien.at\/en\/wp-json\/wp\/v2\/posts"}],"about":[{"href":"https:\/\/www.kreativeraeumewien.at\/en\/wp-json\/wp\/v2\/types\/post"}],"author":[{"embeddable":true,"href":"https:\/\/www.kreativeraeumewien.at\/en\/wp-json\/wp\/v2\/users\/2"}],"replies":[{"embeddable":true,"href":"https:\/\/www.kreativeraeumewien.at\/en\/wp-json\/wp\/v2\/comments?post=9694"}],"version-history":[{"count":2,"href":"https:\/\/www.kreativeraeumewien.at\/en\/wp-json\/wp\/v2\/posts\/9694\/revisions"}],"predecessor-version":[{"id":9709,"href":"https:\/\/www.kreativeraeumewien.at\/en\/wp-json\/wp\/v2\/posts\/9694\/revisions\/9709"}],"wp:featuredmedia":[{"embeddable":true,"href":"https:\/\/www.kreativeraeumewien.at\/en\/wp-json\/wp\/v2\/media\/9692"}],"wp:attachment":[{"href":"https:\/\/www.kreativeraeumewien.at\/en\/wp-json\/wp\/v2\/media?parent=9694"}],"wp:term":[{"taxonomy":"category","embeddable":true,"href":"https:\/\/www.kreativeraeumewien.at\/en\/wp-json\/wp\/v2\/categories?post=9694"},{"taxonomy":"post_tag","embeddable":true,"href":"https:\/\/www.kreativeraeumewien.at\/en\/wp-json\/wp\/v2\/tags?post=9694"}],"curies":[{"name":"wp","href":"https:\/\/api.w.org\/{rel}","templated":true}]}}